{"id":1100308,"date":"2026-06-17T05:20:16","date_gmt":"2026-06-17T05:20:16","guid":{"rendered":"https:\/\/www.europesays.com\/de\/1100308\/"},"modified":"2026-06-17T05:20:16","modified_gmt":"2026-06-17T05:20:16","slug":"solingen-pua-spd-setzt-wuest-frist-fuer-akten","status":"publish","type":"post","link":"https:\/\/www.europesays.com\/de\/1100308\/","title":{"rendered":"Solingen-PUA: SPD setzt W\u00fcst Frist f\u00fcr Akten"},"content":{"rendered":"<p class=\"text_ohne_einzug richtext text-em-55 !leading-serif mx-6 desktop:mx-0\">Noch bevor der Parlamentarische <a href=\"https:\/\/rp-online.de\/thema\/untersuchungsausschuss\/\" rel=\"nofollow noopener\" target=\"_blank\">Untersuchungsausschuss<\/a> (Pua) zum Terroranschlag von Solingen in der kommenden Woche zu gleich zwei wichtigen Sitzungen zusammentritt, hat sich die <a href=\"https:\/\/rp-online.de\/thema\/spd\/\" rel=\"nofollow noopener\" target=\"_blank\">SPD<\/a> einmal mehr ver\u00e4rgert \u00fcber die aus ihrer Sicht unzureichenden Aktenlieferungen gezeigt. In einem Schreiben an NRW-Ministerpr\u00e4sident <a href=\"https:\/\/rp-online.de\/thema\/hendrik-wuest\/\" rel=\"nofollow noopener\" target=\"_blank\">Hendrik W\u00fcst<\/a> (CDU) verlangt SPD-Fraktionsvize Lisa-Kristin Kapteinat nun ultimativ, dass die letzten fehlenden Akten dem Ausschuss \u00fcbergeben werden und dazu auch die Vollst\u00e4ndigkeit erkl\u00e4rt werden m\u00fcsse.<\/p>\n","protected":false},"excerpt":{"rendered":"Noch bevor der Parlamentarische Untersuchungsausschuss (Pua) zum Terroranschlag von Solingen in der kommenden Woche zu gleich zwei wichtigen&hellip;\n","protected":false},"author":2,"featured_media":1100309,"comment_status":"","ping_status":"","sticky":false,"template":"","format":"standard","meta":{"footnotes":"","_share_on_mastodon":"0"},"categories":[1840],"tags":[22047,233203,3364,29,30,3682,195917,233208,22063,25843,1209,113435,7223,184,233205,233204,233207,233206,4418],"class_list":["post-1100308","post","type-post","status-publish","format-standard","has-post-thumbnail","category-wuppertal","tag-akten","tag-aktenlieferung","tag-de","tag-deutschland","tag-germany","tag-hendrik-wuest","tag-kapteinat","tag-landesministerien","tag-lieferung","tag-ministerien","tag-nordrhein-westfalen","tag-pua","tag-solingen","tag-spd","tag-verspaetete","tag-vollstaendigkeit","tag-vollstaendigkeitserklaerung","tag-vollstaendigkeitserklaerungen","tag-wuppertal"],"share_on_mastodon":{"url":"https:\/\/pubeurope.com\/@de\/116763769137617777","error":""},"_links":{"self":[{"href":"https:\/\/www.europesays.com\/de\/wp-json\/wp\/v2\/posts\/1100308","targetHints":{"allow":["GET"]}}],"collection":[{"href":"https:\/\/www.europesays.com\/de\/wp-json\/wp\/v2\/posts"}],"about":[{"href":"https:\/\/www.europesays.com\/de\/wp-json\/wp\/v2\/types\/post"}],"author":[{"embeddable":true,"href":"https:\/\/www.europesays.com\/de\/wp-json\/wp\/v2\/users\/2"}],"replies":[{"embeddable":true,"href":"https:\/\/www.europesays.com\/de\/wp-json\/wp\/v2\/comments?post=1100308"}],"version-history":[{"count":0,"href":"https:\/\/www.europesays.com\/de\/wp-json\/wp\/v2\/posts\/1100308\/revisions"}],"wp:featuredmedia":[{"embeddable":true,"href":"https:\/\/www.europesays.com\/de\/wp-json\/wp\/v2\/media\/1100309"}],"wp:attachment":[{"href":"https:\/\/www.europesays.com\/de\/wp-json\/wp\/v2\/media?parent=1100308"}],"wp:term":[{"taxonomy":"category","embeddable":true,"href":"https:\/\/www.europesays.com\/de\/wp-json\/wp\/v2\/categories?post=1100308"},{"taxonomy":"post_tag","embeddable":true,"href":"https:\/\/www.europesays.com\/de\/wp-json\/wp\/v2\/tags?post=1100308"}],"curies":[{"name":"wp","href":"https:\/\/api.w.org\/{rel}","templated":true}]}}