{"id":1100533,"date":"2026-06-17T07:35:27","date_gmt":"2026-06-17T07:35:27","guid":{"rendered":"https:\/\/www.europesays.com\/de\/1100533\/"},"modified":"2026-06-17T07:35:27","modified_gmt":"2026-06-17T07:35:27","slug":"neue-projekte-in-adlershof-berlin-baut-innovationsstandort-aus","status":"publish","type":"post","link":"https:\/\/www.europesays.com\/de\/1100533\/","title":{"rendered":"Neue Projekte in Adlershof: Berlin baut Innovationsstandort aus"},"content":{"rendered":"<p><strong>In Adlershof entstehen neue Projekte f\u00fcr Forschung, K\u00fcnstliche Intelligenz und Co. Die Vorhaben st\u00e4rken den Technologiepark als wichtigen Innovationsstandort in Berlin.<\/strong><\/p>\n<p>Wissenschafts- und Technologiestandort Adlershof<\/p>\n<p>\u00a9 Titelbild: ENTWICKLUNGSSTADT<\/p>\n<p>\u00a0<\/p>\n<p>Adlershof geh\u00f6rt zu den bedeutendsten Wissenschafts- und Technologiestandorten Deutschlands. Auf dem rund 460 Hektar gro\u00dfen Areal im Bezirk <a href=\"https:\/\/www.entwicklungsstadt.de\/bezirke\/treptow-koepenick\/\" target=\"_blank\" rel=\"noopener nofollow\">Treptow-K\u00f6penick<\/a> arbeiten Forschungseinrichtungen, Hochschulen und Unternehmen eng zusammen. Jetzt kommen mehrere neue Projekte hinzu, die den Standort weiter st\u00e4rken sollen.<\/p>\n<p>Von modernen Laborgeb\u00e4uden \u00fcber ein geplantes Innovationszentrum f\u00fcr Luft- und Raumfahrt bis hin zu neuer Infrastruktur f\u00fcr K\u00fcnstliche Intelligenz reicht die Bandbreite der Vorhaben. Sie zeigen, wie sich Adlershof als <a href=\"https:\/\/www.entwicklungsstadt.de\/hier-waechst-die-zukunft-neun-neue-innovationsstandorte-in-berlin\/\" target=\"_blank\" rel=\"noopener nofollow\">Standort f\u00fcr Forschung, Innovation und technologische Entwicklung<\/a> weiterentwickelt.<\/p>\n<p>Neues BAM-Laborgeb\u00e4ude: Adlershof baut Forschungskapazit\u00e4ten aus<a href=\"https:\/\/www.europesays.com\/de\/wp-content\/uploads\/2026\/06\/Adlershof-Gross-Berliner-Damm-BAM-\u00a9-Foto-ENTWICKLUNGSSTADT-3.png\"><img loading=\"lazy\" decoding=\"async\" aria-describedby=\"caption-attachment-98135\" class=\"lazyload size-full wp-image-98135\" src=\"data:image\/svg+xml,%3Csvg%20xmlns%3D%27http%3A%2F%2Fwww.w3.org%2F2000%2Fsvg%27%20width%3D%271280%27%20height%3D%27720%27%20viewBox%3D%270%200%201280%20720%27%3E%3Crect%20width%3D%271280%27%20height%3D%27720%27%20fill-opacity%3D%220%22%2F%3E%3C%2Fsvg%3E\" data-orig-src=\"https:\/\/www.europesays.com\/de\/wp-content\/uploads\/2026\/06\/Adlershof-Gross-Berliner-Damm-BAM-\u00a9-Foto-ENTWICKLUNGSSTADT-3.png\" alt=\"Blick auf den BAM-Neubau in Adlershof mit Bauzaun, Betonrohbau und mehreren Kr\u00e4nen.\" width=\"1280\" height=\"720\"\/><\/a><\/p>\n<p id=\"caption-attachment-98135\" class=\"wp-caption-text\">Am Gro\u00df-Berliner Damm 149 w\u00e4chst der Neubau f\u00fcr das BAM-Forschungsgeb\u00e4ude sichtbar weiter. \/ \u00a9 Foto: ENTWICKLUNGSSTADT<\/p>\n<ul>\n<li><strong>Adresse<\/strong>: Gro\u00df-Berliner Damm 149<\/li>\n<li><strong>Was entsteht?<\/strong> Neues Labor- und Forschungsgeb\u00e4ude der BAM<\/li>\n<li><strong>Schwerpunkte<\/strong>: Materialforschung, Sicherheitsforschung, Pr\u00fcfverfahren<\/li>\n<li><strong>Status<\/strong>: Im Bau<\/li>\n<li><strong>Fertigstellung<\/strong>: 2028<\/li>\n<\/ul>\n<p>Am <a href=\"https:\/\/www.entwicklungsstadt.de\/laborgebaeude-fuer-die-bam-neubau-in-adlershof-waechst\/\" target=\"_blank\" rel=\"noopener nofollow\">Gro\u00df-Berliner Damm w\u00e4chst derzeit das neue Laborgeb\u00e4ude der Bundesanstalt f\u00fcr Materialforschung und -pr\u00fcfung (BAM)<\/a>. Nach Abschluss der Tiefbauarbeiten hat der Hochbau inzwischen sichtbar Fahrt aufgenommen. Auf der Baustelle pr\u00e4gen Krane, Betonfertigteile und erste Geb\u00e4udestrukturen das Bild.<\/p>\n<p>Der Neubau soll moderne Laborfl\u00e4chen f\u00fcr elf Fachbereiche der BAM schaffen. Geplant sind zudem Werkhallen mit Krananlagen sowie B\u00fcrofl\u00e4chen f\u00fcr Verwaltung und Forschung. Die Einrichtung ersetzt \u00e4ltere Geb\u00e4ude und soll bessere Voraussetzungen f\u00fcr wissenschaftliche Untersuchungen, Pr\u00fcfverfahren und sicherheitsrelevante Forschung bieten. Die Fertigstellung ist f\u00fcr 2028 vorgesehen, die Inbetriebnahme soll ein Jahr sp\u00e4ter folgen.<\/p>\n<p>Helmholtz-Zentrum Berlin erweitert Forschungsfl\u00e4chen in Adlershof<a href=\"https:\/\/www.europesays.com\/de\/wp-content\/uploads\/2026\/06\/Adlershof-Helmholz-Zentrum-Ernst-Ruska-Ufer-\u00a9-Foto-ENTWICKLUNGSSTADT-4.jpg\"><img loading=\"lazy\" decoding=\"async\" aria-describedby=\"caption-attachment-97281\" class=\"lazyload size-full wp-image-97281\" src=\"data:image\/svg+xml,%3Csvg%20xmlns%3D%27http%3A%2F%2Fwww.w3.org%2F2000%2Fsvg%27%20width%3D%271280%27%20height%3D%27720%27%20viewBox%3D%270%200%201280%20720%27%3E%3Crect%20width%3D%271280%27%20height%3D%27720%27%20fill-opacity%3D%220%22%2F%3E%3C%2Fsvg%3E\" data-orig-src=\"https:\/\/www.europesays.com\/de\/wp-content\/uploads\/2026\/06\/Adlershof-Helmholz-Zentrum-Ernst-Ruska-Ufer-\u00a9-Foto-ENTWICKLUNGSSTADT-4.jpg\" alt=\"Das Bild zeigt den gro\u00dfen einger\u00fcsteten HZB-Neubau in Adlershof mit Baucontainern und Gr\u00fcnfl\u00e4che im Vordergrund.\" width=\"1280\" height=\"720\"\/><\/a><\/p>\n<p id=\"caption-attachment-97281\" class=\"wp-caption-text\">Der Neubau des Helmholtz Zentrum Berlin erg\u00e4nzt den Wissenschaftsstandort Adlershof nahe BESSY II. \/ \u00a9 Foto: ENTWICKLUNGSSTADT<\/p>\n<ul>\n<li><strong>Adresse<\/strong>: Albert-Einstein-Stra\u00dfe 15<\/li>\n<li><strong>Was entsteht?<\/strong> Verf\u00fcgungsgeb\u00e4ude und Versorgungstechnikgeb\u00e4ude<\/li>\n<li><strong>Schwerpunkte<\/strong>: Energie-, Material- und Photovoltaikforschung<\/li>\n<li><strong>Status<\/strong>: Im Bau<\/li>\n<\/ul>\n<p>Auch das <a href=\"https:\/\/www.entwicklungsstadt.de\/adlershof-was-hinter-dem-eingeruesteten-hzb-neubau-steckt\/\" target=\"_blank\" rel=\"noopener nofollow\">Helmholtz-Zentrum Berlin (HZB) investiert in neue Forschungsfl\u00e4chen<\/a>. Auf dem Wilhelm-Conrad-R\u00f6ntgen-Campus entstehen nahe dem Ernst-Ruska-Ufer ein neues Verf\u00fcgungsgeb\u00e4ude sowie ein separates Versorgungstechnikgeb\u00e4ude. Beide Bauten erg\u00e4nzen den bestehenden Forschungsstandort und schaffen Platz f\u00fcr zuk\u00fcnftige Projekte.<\/p>\n<p>Das Verf\u00fcgungsgeb\u00e4ude soll rund 270 Mitarbeitenden Platz bieten. Vorgesehen sind flexible Labor- und B\u00fcrofl\u00e4chen, die insbesondere von Forschungsgruppen in Drittmittel- und Kooperationsprojekten genutzt werden k\u00f6nnen. Erg\u00e4nzt wird das Ensemble durch ein Technikgeb\u00e4ude, das die Versorgung mit Strom, K\u00e4lte und IT-Infrastruktur sicherstellen soll. Das HZB st\u00e4rkt damit seine Kapazit\u00e4ten in Bereichen wie Solarenergie, Materialwissenschaften und Batterieforschung.<\/p>\n<p>Neues Innovationszentrum f\u00fcr Luft- und Raumfahrt in Adlershof geplant<a href=\"https:\/\/www.europesays.com\/de\/wp-content\/uploads\/2026\/06\/BlueWhale-\u00a9-Foto-Wikimedia-Commons-Swadim-CC0.jpg\"><img loading=\"lazy\" decoding=\"async\" aria-describedby=\"caption-attachment-98817\" class=\"lazyload size-full wp-image-98817\" src=\"data:image\/svg+xml,%3Csvg%20xmlns%3D%27http%3A%2F%2Fwww.w3.org%2F2000%2Fsvg%27%20width%3D%271280%27%20height%3D%27720%27%20viewBox%3D%270%200%201280%20720%27%3E%3Crect%20width%3D%271280%27%20height%3D%27720%27%20fill-opacity%3D%220%22%2F%3E%3C%2Fsvg%3E\" data-orig-src=\"https:\/\/www.europesays.com\/de\/wp-content\/uploads\/2026\/06\/BlueWhale-\u00a9-Foto-Wikimedia-Commons-Swadim-CC0.jpg\" alt=\"Zu sehen ist das Das autonome Unterwasserfahrzeug \u201eBlueWhale\u201c.\" width=\"1280\" height=\"720\"\/><\/a><\/p>\n<p id=\"caption-attachment-98817\" class=\"wp-caption-text\">Das autonome Unterwasserfahrzeug \u201eBlueWhale\u201c von Israel Aerospace Industries gilt als Beispiel f\u00fcr moderne Dual-Use-Technologien im Bereich Sicherheit und Aufkl\u00e4rung. \/ \u00a9 Foto: Wikimedia Commons, Swadim, CC0<\/p>\n<ul>\n<li><strong>Adresse<\/strong>: nicht bekannt<\/li>\n<li><strong>Was entsteht?<\/strong> Innovations- und Forschungszentrum f\u00fcr Luft- und Raumfahrttechnologien<\/li>\n<li><strong>Schwerpunkte<\/strong>: Luftfahrt, Raumfahrt, Sicherheitstechnologien, Cybersecurity<\/li>\n<li><strong>Status<\/strong>: angek\u00fcndigt<\/li>\n<\/ul>\n<p>Berlin plant gemeinsam mit dem israelischen Luft- und Raumfahrtkonzern Israel Aerospace Industries (IAI) die <a href=\"https:\/\/www.entwicklungsstadt.de\/kooperation-mit-israelischem-ruestungskonzern-das-plant-berlin-im-technologiepark-adlershof\/\" target=\"_blank\" rel=\"noopener nofollow\">Gr\u00fcndung eines Innovations- und Forschungszentrums f\u00fcr Luft- und Raumfahrttechnologien<\/a>. Das Vorhaben wurde 2026 angek\u00fcndigt. Als m\u00f6glicher Standort gilt der Technologiepark Adlershof.<\/p>\n<p>Das geplante Zentrum soll Unternehmen, Start-ups und Forschungseinrichtungen zusammenbringen. Im Fokus stehen Luft- und Raumfahrttechnologien, Sicherheitsl\u00f6sungen, Cybersecurity sowie sogenannte Dual-Use-Technologien. Ziel ist es, gemeinsame Forschungsprojekte anzusto\u00dfen und technologische Entwicklungen schneller in die Praxis zu \u00fcberf\u00fchren. Dar\u00fcber hinaus sollen neue Arbeitspl\u00e4tze entstehen und die internationale Sichtbarkeit des Innovationsstandorts Adlershof weiter wachsen.<\/p>\n<p>KI- und Hochleistungsrechenzentrum st\u00e4rkt den Innovationsstandort Adlershof<a href=\"https:\/\/www.europesays.com\/de\/wp-content\/uploads\/2026\/06\/Helmholz-Zentrum-Berlin-Bessy-\u00a9-Foto-Wikimedia-Commons-euroluftbild.de-CC-BY-3.0.jpg\"><img loading=\"lazy\" decoding=\"async\" aria-describedby=\"caption-attachment-92761\" class=\"lazyload size-full wp-image-92761\" src=\"data:image\/svg+xml,%3Csvg%20xmlns%3D%27http%3A%2F%2Fwww.w3.org%2F2000%2Fsvg%27%20width%3D%271280%27%20height%3D%27720%27%20viewBox%3D%270%200%201280%20720%27%3E%3Crect%20width%3D%271280%27%20height%3D%27720%27%20fill-opacity%3D%220%22%2F%3E%3C%2Fsvg%3E\" data-orig-src=\"https:\/\/www.europesays.com\/de\/wp-content\/uploads\/2026\/06\/Helmholz-Zentrum-Berlin-Bessy-\u00a9-Foto-Wikimedia-Commons-euroluftbild.de-CC-BY-3.0.jpg\" alt=\"Ein Luftbild zeigt das Helmholz-Zentrum Berlin in Adlershof\" width=\"1280\" height=\"720\"\/><\/a><\/p>\n<p id=\"caption-attachment-92761\" class=\"wp-caption-text\">Das neue Rechenzentrum f\u00fcr Berlin treiben das Helmholtz-Zentrum Berlin in Adlershof (Foto) und das das Zuse Institute Berlin in Dahlem voran. \/ \u00a9 Foto: Wikimedia Commons, euroluftbild.de, CC BY 3.0<\/p>\n<ul>\n<li><strong>Adresse<\/strong>: nicht bekannt<\/li>\n<li><strong>Was entsteht?<\/strong> Rechenzentrum f\u00fcr KI und Hochleistungsrechnen<\/li>\n<li><strong>Schwerpunkte<\/strong>: K\u00fcnstliche Intelligenz, Simulationen, Datenanalyse<\/li>\n<li><strong>Status<\/strong>: Aufbau gestartet<\/li>\n<li><strong>Geplante Ausbauphasen<\/strong>: 2026\/27 und 2029\/30<\/li>\n<\/ul>\n<p>Mit einem neuen <a href=\"https:\/\/www.entwicklungsstadt.de\/berlin-baut-rechenzentrum-fuer-ki-und-hochleistungsrechnen\/\" target=\"_blank\" rel=\"noopener nofollow\">Rechenzentrum f\u00fcr K\u00fcnstliche Intelligenz und Hochleistungsrechnen<\/a> baut Berlin seine digitale Forschungsinfrastruktur aus. Das Projekt wird gemeinsam vom Zuse-Institut Berlin und dem Helmholtz-Zentrum Berlin vorangetrieben. Langfristig soll die Einrichtung am Wissenschaftsstandort Adlershof angesiedelt werden.<\/p>\n<p>Die Infrastruktur soll Wissenschaftlerinnen und Wissenschaftlern leistungsf\u00e4hige Rechenkapazit\u00e4ten f\u00fcr datenintensive Forschung zur Verf\u00fcgung stellen. Geplant sind Anwendungen in den Bereichen K\u00fcnstliche Intelligenz, Simulation, Datenanalyse und Materialforschung. Gleichzeitig soll das Rechenzentrum verschiedenen Forschungseinrichtungen offenstehen und damit eine wichtige Grundlage f\u00fcr neue datengetriebene Innovationen in Berlin schaffen.<\/p>\n<p>Deutschlands gr\u00f6\u00dfter W\u00e4rmespeicher entsteht in Adlershof<a href=\"https:\/\/www.europesays.com\/de\/wp-content\/uploads\/2026\/06\/Adlershof-GeoSpeicher-Berlin-\u00a9-Bild-Lioba-Virchow-GFZ.png\"><img loading=\"lazy\" decoding=\"async\" aria-describedby=\"caption-attachment-99345\" class=\"lazyload size-full wp-image-99345\" src=\"data:image\/svg+xml,%3Csvg%20xmlns%3D%27http%3A%2F%2Fwww.w3.org%2F2000%2Fsvg%27%20width%3D%271280%27%20height%3D%27720%27%20viewBox%3D%270%200%201280%20720%27%3E%3Crect%20width%3D%271280%27%20height%3D%27720%27%20fill-opacity%3D%220%22%2F%3E%3C%2Fsvg%3E\" data-orig-src=\"https:\/\/www.europesays.com\/de\/wp-content\/uploads\/2026\/06\/Adlershof-GeoSpeicher-Berlin-\u00a9-Bild-Lioba-Virchow-GFZ.png\" alt=\"Die Thermografieaufnahme zeigt oberirdische Speicheranlagen des Projekts GeoSpeicher Berlin in Adlershof. Das Innovationsprojekt nutzt geothermische W\u00e4rmespeicherung, um erneuerbare Energie saisonal zu speichern und f\u00fcr die W\u00e4rmewende in Berlin verf\u00fcgbar zu machen.\" width=\"1280\" height=\"720\"\/><\/a><\/p>\n<p id=\"caption-attachment-99345\" class=\"wp-caption-text\">Der geplante GeoSpeicher in Adlershof soll \u00fcbersch\u00fcssige W\u00e4rme saisonal speichern und damit einen wichtigen Beitrag zur klimafreundlichen W\u00e4rmeversorgung Berlins leisten. \/ \u00a9 Bild: Lioba Virchow, GFZ<\/p>\n<ul>\n<li><strong>Lage<\/strong>: N\u00e4he Heizkraftwerk Adlershof \/ BTB-Standort<\/li>\n<li><strong>Was entsteht?<\/strong> Deutschlands gr\u00f6\u00dfter unterirdischer W\u00e4rmespeicher<\/li>\n<li><strong>Schwerpunkte<\/strong>: Geothermie, W\u00e4rmespeicherung, klimafreundliche Fernw\u00e4rme<\/li>\n<li><strong>Investitionsvolumen<\/strong>: rund 21 Millionen Euro<\/li>\n<li><strong>Status<\/strong>: Testphase erfolgreich abgeschlossen, Hauptbohrungen geplant<\/li>\n<li><strong>Geplanter Netzanschluss<\/strong>: Ende 2027<\/li>\n<\/ul>\n<p>Mit dem <a href=\"https:\/\/www.entwicklungsstadt.de\/deutschlands-groesster-waermespeicher-adlershof-startet-in-die-geothermische-zukunft\/\" target=\"_blank\" rel=\"noopener nofollow\">Projekt \u201eGeoSpeicher Berlin\u201c entsteht in Adlershof Deutschlands gr\u00f6\u00dfter unterirdischer W\u00e4rmespeicher.<\/a> Die Berliner Energie und W\u00e4rme (BEW), die BTB Blockheizkraftwerks-, Tr\u00e4ger- und Betreibergesellschaft, das Deutsche GeoForschungsZentrum Potsdam (GFZ) und weitere Partner wollen \u00fcbersch\u00fcssige W\u00e4rme aus den Sommermonaten k\u00fcnftig tief im Untergrund speichern und in der Heizperiode wieder nutzbar machen. Daf\u00fcr planen die Beteiligten einen saisonalen Aquifer-W\u00e4rmespeicher in rund 400 Metern Tiefe. Nach erfolgreichen Erkundungsbohrungen und umfangreichen Untersuchungen sehen die Projektpartner die geologischen Voraussetzungen am Standort Adlershof als geeignet an.<\/p>\n<p data-start=\"739\" data-end=\"1316\" data-is-last-node=\"\" data-is-only-node=\"\">Der W\u00e4rmespeicher soll k\u00fcnftig bis zu 30.000 Megawattstunden W\u00e4rme pro Jahr aufnehmen und einen wichtigen Beitrag zur Dekarbonisierung der Berliner W\u00e4rmeversorgung leisten. Nach Angaben der Projektpartner k\u00f6nnten dadurch j\u00e4hrlich rund 10.000 Tonnen CO2 eingespart werden. Das Vorhaben gilt als wichtiger Baustein f\u00fcr die W\u00e4rmewende in Berlin und soll zeigen, wie sich erneuerbare Energie effizient speichern und bedarfsgerecht nutzen l\u00e4sst. Die Hauptbohrungen sind f\u00fcr die kommenden Jahre vorgesehen, der Anschluss an das W\u00e4rmenetz soll nach aktuellem Stand Ende 2027 erfolgen.<\/p>\n<p>Adlershof entwickelt sich weiter zum Innovationsstandort<\/p>\n<p>Die f\u00fcnf Projekte zeigen, wie breit sich der Wissenschafts- und Technologiepark Adlershof inzwischen aufstellt. Neben klassischen Labor- und Forschungsgeb\u00e4uden gewinnen digitale Infrastruktur, internationale Kooperationen und Zukunftstechnologien zunehmend an Bedeutung.<\/p>\n<p>Die neuen Projekte erweitern die Forschungs- und Innovationskapazit\u00e4ten des Standorts deutlich. Der Standort baut damit seine Rolle als eines der wichtigsten Forschungszentren Berlins weiter aus.<\/p>\n<p>\u00a0<\/p>\n<p>Quellen: Blockheizkraftwerks-Tr\u00e4ger- und Betreibergesellschaft, Der Tagesspiegel, Helmholtz-Zentrum Berlin, GFZ Helmholtz-Zentrum f\u00fcr Geoforschung, Wissenschafts- und Technologiepark Adlershof, Bundesanstalt f\u00fcr Materialforschung und -pr\u00fcfung (BAM),<\/p>\n<p>\u00a0<\/p>\n","protected":false},"excerpt":{"rendered":"In Adlershof entstehen neue Projekte f\u00fcr Forschung, K\u00fcnstliche Intelligenz und Co. Die Vorhaben st\u00e4rken den Technologiepark als wichtigen&hellip;\n","protected":false},"author":2,"featured_media":1100534,"comment_status":"","ping_status":"","sticky":false,"template":"","format":"standard","meta":{"footnotes":"","_share_on_mastodon":"0"},"categories":[1825],"tags":[10194,296,29,30,31731,233245,5917,233246],"class_list":["post-1100533","post","type-post","status-publish","format-standard","has-post-thumbnail","category-berlin","tag-adlershof","tag-berlin","tag-deutschland","tag-germany","tag-koepenick","tag-standort-adlershof","tag-treptow-koepenick","tag-wissenschaft-adlershof"],"share_on_mastodon":{"url":"https:\/\/pubeurope.com\/@de\/116764300009319540","error":""},"_links":{"self":[{"href":"https:\/\/www.europesays.com\/de\/wp-json\/wp\/v2\/posts\/1100533","targetHints":{"allow":["GET"]}}],"collection":[{"href":"https:\/\/www.europesays.com\/de\/wp-json\/wp\/v2\/posts"}],"about":[{"href":"https:\/\/www.europesays.com\/de\/wp-json\/wp\/v2\/types\/post"}],"author":[{"embeddable":true,"href":"https:\/\/www.europesays.com\/de\/wp-json\/wp\/v2\/users\/2"}],"replies":[{"embeddable":true,"href":"https:\/\/www.europesays.com\/de\/wp-json\/wp\/v2\/comments?post=1100533"}],"version-history":[{"count":0,"href":"https:\/\/www.europesays.com\/de\/wp-json\/wp\/v2\/posts\/1100533\/revisions"}],"wp:featuredmedia":[{"embeddable":true,"href":"https:\/\/www.europesays.com\/de\/wp-json\/wp\/v2\/media\/1100534"}],"wp:attachment":[{"href":"https:\/\/www.europesays.com\/de\/wp-json\/wp\/v2\/media?parent=1100533"}],"wp:term":[{"taxonomy":"category","embeddable":true,"href":"https:\/\/www.europesays.com\/de\/wp-json\/wp\/v2\/categories?post=1100533"},{"taxonomy":"post_tag","embeddable":true,"href":"https:\/\/www.europesays.com\/de\/wp-json\/wp\/v2\/tags?post=1100533"}],"curies":[{"name":"wp","href":"https:\/\/api.w.org\/{rel}","templated":true}]}}