{"id":1100553,"date":"2026-06-17T07:47:21","date_gmt":"2026-06-17T07:47:21","guid":{"rendered":"https:\/\/www.europesays.com\/de\/1100553\/"},"modified":"2026-06-17T07:47:21","modified_gmt":"2026-06-17T07:47:21","slug":"jeremy-clarkson-bekannt-aus-top-gear-hat-krebs-unterhaltung","status":"publish","type":"post","link":"https:\/\/www.europesays.com\/de\/1100553\/","title":{"rendered":"Jeremy Clarkson, bekannt aus \u201eTop Gear\u201c, hat Krebs | Unterhaltung"},"content":{"rendered":"<p><a class=\"skip-content skip-content--link\" href=\"#in-content-skip-link-target-v-0-0\">TTS-Player \u00fcberspringen\u21b5<\/a><a id=\"in-content-skip-link-target-v-0-0\" class=\"skip-content--target-link-hidden skip-content skip-content--target-link\" href=\"#in-content-skip-link-target-v-0-0\">Artikel weiterlesen<\/a><\/p>\n<p>Diddly Squat Farm (England) \u2013 <b>Schock-Nachricht von Jeremy Clarkson (66). Der britische TV-Star, den viele Fans vom Automagazin \u201eTop Gear\u201c kennen, hat \u00f6ffentlich gemacht, dass er an Krebs erkrankt ist. Die Diagnose enth\u00fcllte der Moderator in den finalen Folgen der f\u00fcnften Staffel seiner Amazon-Prime-Dokushow \u201eClarkson\u2019s Farm\u201c.<\/b><\/p>\n<p>In der Serie geht es eigentlich darum, wie Jeremy Clarkson versucht, seinen rund 400 Hektar gro\u00dfen Bauernhof \u201eDiddly Squat Farm\u201c in den Cotswolds selbst zu bewirtschaften. Doch pl\u00f6tzlich wird es pers\u00f6nlich. In einer emotionalen Szene spricht Clarkson mit seinen langj\u00e4hrigen Weggef\u00e4hrten Charlie Ireland (49) und Kaleb Cooper (27) \u00fcber die anstehende Ernte auf seiner Farm. Doch dann schockiert er seine Freunde mit den Worten: \u201eIch habe Krebs!\u201c<\/p>\n<p><img decoding=\"async\" width=\"992\" height=\"558\" alt=\"Jeremy Clarkson k\u00e4mpft mit den Tr\u00e4nen, als er seine Krebsdiagnose \u00f6ffentlich macht\" loading=\"lazy\" src=\"https:\/\/www.europesays.com\/de\/wp-content\/uploads\/2026\/06\/0d2fc11dcb9766a81ad4539f3eb8577a,8681acb4.jpeg\"   class=\"landscape\"\/><\/p>\n<p class=\"fig__caption__text\">Jeremy Clarkson k\u00e4mpft mit den Tr\u00e4nen, als er seine Krebsdiagnose \u00f6ffentlich macht<\/p>\n<p>Foto: Clarkson&#8217;s Farm\/Amazon Prime<\/p>\n<p>Die Krebsdiagnose bekam er im Mai<\/p>\n<p>Der sichtlich ersch\u00fctterte Cooper kann es zun\u00e4chst kaum glauben und fragt nach. Clarkson erkl\u00e4rt, dass die genaue <a href=\"https:\/\/www.bild.de\/themen\/specials\/krebs\/gesundheit-news-fotos-videos-17039560.bild.html\" class=\"text-link\" rel=\"nofollow noopener\" target=\"_blank\">Krebsart<\/a> niemanden etwas angehe. Die Diagnose habe er im Mai bekommen. Nach einer medizinischen Untersuchung und einer anschlie\u00dfenden Biopsie h\u00e4tten die \u00c4rzte Krebs festgestellt.<\/p>\n<p><img decoding=\"async\" width=\"992\" height=\"558\" alt=\"Die Landwirte Charlie Ireland (49, r.) und Kaleb Cooper (27) sind geschockt, als sie h\u00f6ren, dass Jeremy Clarkson an Krebs erkrankt ist\" loading=\"lazy\" src=\"https:\/\/www.europesays.com\/de\/wp-content\/uploads\/2026\/06\/dd4997f284a0bc9fc71df493a2501928,7be4d0c0.jpeg\"   class=\"landscape\"\/><\/p>\n<p class=\"fig__caption__text\">Die Landwirte Charlie Ireland (49, r.) und Kaleb Cooper (27) sind geschockt, als sie h\u00f6ren, dass Jeremy Clarkson an Krebs erkrankt ist<\/p>\n<p>Foto: Clarkson&#8217;s Farm\/Amazon Prime<\/p>\n<p>Besonders belastend: Es handelt sich nach seinen Worten um eine \u201eaggressive\u201c Form der Krankheit. Gleichzeitig macht der TV-Star deutlich: Der Krebs sei noch \u201ein einem sehr fr\u00fchen Stadium\u201c. Die Behandlungschancen gelten daher offenbar als gut. Clarkson erz\u00e4hlt in der Serie au\u00dferdem, dass eine Operation bevorstehe.<\/p>\n<p><img decoding=\"async\" width=\"992\" height=\"1178\" alt=\"Jeremy Clarkson im Krankenhaus. In Folge 8 der 5. Staffel der Amazon-Prime-Serie \u201eClarkson\u2019s Farm\u201c zeigt er sich verletzlich wie nie\" loading=\"lazy\" src=\"https:\/\/www.europesays.com\/de\/wp-content\/uploads\/2026\/06\/fc51e0d44928ef8e9aa425f5f91b3b08,ea7e59cd.jpeg\"   class=\"portrait\"\/><\/p>\n<p class=\"fig__caption__text\">Jeremy Clarkson im Krankenhaus. In Folge 8 der 5. Staffel der Amazon-Prime-Serie \u201eClarkson\u2019s Farm\u201c zeigt er sich verletzlich wie nie <\/p>\n<p>Foto: Clarkson&#8217;s Farm\/Amazon Prime<\/p>\n<p>Jeremy Clarkson: \u201eIch wei\u00df nicht, was passieren wird\u201c<\/p>\n<p>Bewegend: Kaleb Cooper sichert seinem Chef sofort Unterst\u00fctzung zu. Sollte Clarkson irgendwelche Hilfe ben\u00f6tigen, m\u00fcsse er sich nur melden. Er sagt eindringlich: \u201eBitte pass auf dich auf.\u201c Jeremy Clarkson spricht in \u201eClarkson\u2019s Farm\u201c \u00fcber ein f\u00fcr ihn sehr schwieriges Jahr. Dabei erinnert er daran, dass bei ihm zuvor bereits eine koronare Herzkrankheit festgestellt worden war.<\/p>\n<p>Mehr zum Thema<\/p>\n<p>Im Staffelfinale ist der Brite nach seinem Krebs-Gest\u00e4ndnis dann in einem Krankenhausbett zu sehen. Er berichtet: \u201eEinige der Behandlungen sind, sagen wir mal, nicht ganz nach Plan verlaufen.\u201c Mit britischem Galgenhumor setzt er hinterher: \u201eIch wei\u00df nicht, was passieren wird. Wenn alles erfolgreich verl\u00e4uft, sehen wir uns in Staffel 6 wieder. Wenn nicht, dann eben nicht.\u201c Sein Appell an seine Fans: \u201ePasst auf euch auf!\u201c<\/p>\n","protected":false},"excerpt":{"rendered":"TTS-Player \u00fcberspringen\u21b5Artikel weiterlesen Diddly Squat Farm (England) \u2013 Schock-Nachricht von Jeremy Clarkson (66). Der britische TV-Star, den viele&hellip;\n","protected":false},"author":2,"featured_media":1100554,"comment_status":"","ping_status":"","sticky":false,"template":"","format":"standard","meta":{"footnotes":"","_share_on_mastodon":"0"},"categories":[155],"tags":[233250,29,214,30,1080,3881,138370,233249,215],"class_list":["post-1100553","post","type-post","status-publish","format-standard","has-post-thumbnail","category-unterhaltung","tag-clarkson-jeremy","tag-deutschland","tag-entertainment","tag-germany","tag-krebs","tag-moderator","tag-team-first","tag-top-gear","tag-unterhaltung"],"share_on_mastodon":{"url":"https:\/\/pubeurope.com\/@de\/116764349823158370","error":""},"_links":{"self":[{"href":"https:\/\/www.europesays.com\/de\/wp-json\/wp\/v2\/posts\/1100553","targetHints":{"allow":["GET"]}}],"collection":[{"href":"https:\/\/www.europesays.com\/de\/wp-json\/wp\/v2\/posts"}],"about":[{"href":"https:\/\/www.europesays.com\/de\/wp-json\/wp\/v2\/types\/post"}],"author":[{"embeddable":true,"href":"https:\/\/www.europesays.com\/de\/wp-json\/wp\/v2\/users\/2"}],"replies":[{"embeddable":true,"href":"https:\/\/www.europesays.com\/de\/wp-json\/wp\/v2\/comments?post=1100553"}],"version-history":[{"count":0,"href":"https:\/\/www.europesays.com\/de\/wp-json\/wp\/v2\/posts\/1100553\/revisions"}],"wp:featuredmedia":[{"embeddable":true,"href":"https:\/\/www.europesays.com\/de\/wp-json\/wp\/v2\/media\/1100554"}],"wp:attachment":[{"href":"https:\/\/www.europesays.com\/de\/wp-json\/wp\/v2\/media?parent=1100553"}],"wp:term":[{"taxonomy":"category","embeddable":true,"href":"https:\/\/www.europesays.com\/de\/wp-json\/wp\/v2\/categories?post=1100553"},{"taxonomy":"post_tag","embeddable":true,"href":"https:\/\/www.europesays.com\/de\/wp-json\/wp\/v2\/tags?post=1100553"}],"curies":[{"name":"wp","href":"https:\/\/api.w.org\/{rel}","templated":true}]}}