{"id":110056,"date":"2025-05-14T13:50:14","date_gmt":"2025-05-14T13:50:14","guid":{"rendered":"https:\/\/www.europesays.com\/de\/110056\/"},"modified":"2025-05-14T13:50:14","modified_gmt":"2025-05-14T13:50:14","slug":"pol-sz-pressemitteilung-des-polizeikommissariats-wolfenbuettel-vom-14-05-2025","status":"publish","type":"post","link":"https:\/\/www.europesays.com\/de\/110056\/","title":{"rendered":"POL-SZ: Pressemitteilung des Polizeikommissariats Wolfenb\u00fcttel vom 14.05.2025:"},"content":{"rendered":"<p class=\"date\">14.05.2025 \u2013 15:21<\/p>\n<p class=\"customer\">\n                        <a class=\"story-customer\" title=\"weiter zum newsroom von Polizei Salzgitter\" href=\"https:\/\/www.presseportal.de\/blaulicht\/nr\/56519\" rel=\"nofollow noopener\" target=\"_blank\">Polizei Salzgitter<\/a>\n                    <\/p>\n<p><a data-category=\"citylink-story-view\" data-action=\"click\" data-label=\"Citylink in Meldungsansicht\" class=\"story-city event-trigger\" href=\"https:\/\/www.presseportal.de\/regional\/Wolfenb%FCttel\" title=\"News aus Wolfenb\u00fcttel \" rel=\"nofollow noopener\" target=\"_blank\">Wolfenb\u00fcttel<\/a> (ots)<\/p>\n<p>Wolfenb\u00fcttel, Dienstag, 13.05.2025, 05:00 Uhr &#8211; 07:00 Uhr<\/p>\n<p>Am Dienstagmorgen kam es im Stadtgebiet Wolfenb\u00fcttel zu mehreren Kleinbr\u00e4nden.<\/p>\n<p>Gegen 05:20 Uhr wurde in der Stra\u00dfe &#8222;Am Rodeland&#8220; ein neben dem Gehweg stehender, herrenloser Reisekoffer durch unbekannte T\u00e4ter, auf unbekannte Art und Weise, angez\u00fcndet.<\/p>\n<p>In der Stra\u00dfe &#8222;Am Jahnstein&#8220; wurde, gegen 05:12 Uhr, eine Altpapiertonne auf einem Grundst\u00fcck durch unbekannte T\u00e4ter, auf unbekannte Art und Weise, angez\u00fcndet.<\/p>\n<p>Gegen 05:10 Uhr z\u00fcndeten ebenfalls unbekannte T\u00e4ter die Antenne eines ordnungsgem\u00e4\u00df geparkten Pkw in der Schinkelstra\u00dfe an. Dieser Brand konnte durch die eingesetzten Beamten gel\u00f6scht werden.<\/p>\n<p>Gegen 05:12 Uhr wurde in der J\u00e4germeisterstra\u00dfe durch unbekannte T\u00e4ter versucht ein Fahrrad im Fahrradst\u00e4nder auf dem Vorplatz von Mast-J\u00e4germeister in Brand zu setzen. Dadurch wurde der Gummimantel des Hinterreifens leicht besch\u00e4digt. Der Eigent\u00fcmer des Fahrrades wird gebeten sich mit der Polizei Wolfenb\u00fcttel unter der 05331\/9330 in Verbindung zu setzen.<\/p>\n<p>Gegen 05:24 Uhr wurde in der Wilhelm-Raabe-Stra\u00dfe durch unbekannte T\u00e4ter der hintere Reifen eines Fahrrades in Brand gesetzt.<br \/>\nBei dem Fahrrad handelt es sich um ein Kross X9 in der Farbe gr\u00fcn\/grau.<br \/>\nDer Eigent\u00fcmer des Fahrrades wird ebenfalls gebeten sich bei der Polizei Wolfenb\u00fcttel unter der 05331\/9330 zu melden.<\/p>\n<p>Durch eine Streife der Polizei Wolfenb\u00fcttel wurde, gegen 05:12 Uhr, in der Blankenburger Stra\u00dfe, ein brennender Plastiksichtschutz eines Zaunes festgestellt. Dieser wurde durch die Beamten vor Ort gel\u00f6scht.<\/p>\n<p>Des Weiteren wurde zwischen 05:00 Uhr- 07:00 Uhr durch unbekannte T\u00e4ter die Plane eines Pkw-Anh\u00e4ngers in der Blankenburger Stra\u00dfe angez\u00fcndet.<\/p>\n<p>Die Br\u00e4nde wurden durch die Feuerwehr Wolfenb\u00fcttel gel\u00f6scht.<br \/>\nDie Schadensh\u00f6he kann bisher nicht benannt werden.<br \/>\nDie Polizei Wolfenb\u00fcttel sucht Zeugen unter 05331\/9330.<\/p>\n<p class=\"contact-headline\">R\u00fcckfragen bitte an:<\/p>\n<p class=\"contact-text\">Polizei Wolfenb\u00fcttel<br \/>Pressestelle\/\u00d6ffentlichkeitsarbeit<br \/>Lina Heidrich<br \/>Telefon: 05331\/933-104<br \/>E-Mail: <a href=\"https:\/\/www.presseportal.de\/blaulicht\/pm\/56519\/mailto: pressestelle@pi-sz.polizei.niedersachsen.de\" class=\"uri-mailto\" rel=\"nofollow noopener\" target=\"_blank\"> pressestelle@pi-sz.polizei.niedersachsen.de<\/a><br \/><a target=\"_blank\" class=\"uri-ext outbound\" rel=\"noopener nofollow\" href=\"http:\/\/www.polizei.niedersachsen.de\">http:\/\/www.polizei.niedersachsen.de<\/a><\/p>\n<p class=\"originator\">Original-Content von: Polizei Salzgitter, \u00fcbermittelt durch news aktuell<\/p>\n","protected":false},"excerpt":{"rendered":"14.05.2025 \u2013 15:21 Polizei Salzgitter Wolfenb\u00fcttel (ots) Wolfenb\u00fcttel, Dienstag, 13.05.2025, 05:00 Uhr &#8211; 07:00 Uhr Am Dienstagmorgen kam&hellip;\n","protected":false},"author":2,"featured_media":108,"comment_status":"","ping_status":"","sticky":false,"template":"","format":"standard","meta":{"footnotes":""},"categories":[1850],"tags":[6429,3364,29,548,663,3934,30,13,177,14,15,5404,1411,121,178,180,179,181,12],"class_list":{"0":"post-110056","1":"post","2":"type-post","3":"status-publish","4":"format-standard","5":"has-post-thumbnail","7":"category-braunschweig","8":"tag-braunschweig","9":"tag-de","10":"tag-deutschland","11":"tag-eu","12":"tag-europa","13":"tag-europe","14":"tag-germany","15":"tag-headlines","16":"tag-kriminalitt","17":"tag-nachrichten","18":"tag-news","19":"tag-ni","20":"tag-niedersachsen","21":"tag-polizei","22":"tag-presse","23":"tag-pressemeldung","24":"tag-pressemitteilung","25":"tag-pressemitteilungen","26":"tag-schlagzeilen"},"share_on_mastodon":{"url":"https:\/\/pubeurope.com\/@de\/114506512740131852","error":""},"_links":{"self":[{"href":"https:\/\/www.europesays.com\/de\/wp-json\/wp\/v2\/posts\/110056","targetHints":{"allow":["GET"]}}],"collection":[{"href":"https:\/\/www.europesays.com\/de\/wp-json\/wp\/v2\/posts"}],"about":[{"href":"https:\/\/www.europesays.com\/de\/wp-json\/wp\/v2\/types\/post"}],"author":[{"embeddable":true,"href":"https:\/\/www.europesays.com\/de\/wp-json\/wp\/v2\/users\/2"}],"replies":[{"embeddable":true,"href":"https:\/\/www.europesays.com\/de\/wp-json\/wp\/v2\/comments?post=110056"}],"version-history":[{"count":0,"href":"https:\/\/www.europesays.com\/de\/wp-json\/wp\/v2\/posts\/110056\/revisions"}],"wp:featuredmedia":[{"embeddable":true,"href":"https:\/\/www.europesays.com\/de\/wp-json\/wp\/v2\/media\/108"}],"wp:attachment":[{"href":"https:\/\/www.europesays.com\/de\/wp-json\/wp\/v2\/media?parent=110056"}],"wp:term":[{"taxonomy":"category","embeddable":true,"href":"https:\/\/www.europesays.com\/de\/wp-json\/wp\/v2\/categories?post=110056"},{"taxonomy":"post_tag","embeddable":true,"href":"https:\/\/www.europesays.com\/de\/wp-json\/wp\/v2\/tags?post=110056"}],"curies":[{"name":"wp","href":"https:\/\/api.w.org\/{rel}","templated":true}]}}