{"id":1100565,"date":"2026-06-17T07:54:24","date_gmt":"2026-06-17T07:54:24","guid":{"rendered":"https:\/\/www.europesays.com\/de\/1100565\/"},"modified":"2026-06-17T07:54:24","modified_gmt":"2026-06-17T07:54:24","slug":"ausstellung-zum-17-kinder-foerderpreis-kunst","status":"publish","type":"post","link":"https:\/\/www.europesays.com\/de\/1100565\/","title":{"rendered":"Ausstellung zum 17. Kinder-F\u00f6rderpreis KUNST"},"content":{"rendered":"<p>Mehr als 180 Kinder aus der Stadt und St\u00e4dteregion Aachen haben in den letzten Monaten experimentiert, gemalt und gestaltet. In den Grundschulkursen des \u201eAachener Modells\u201c sind vielseitige Werke f\u00fcr den 17. Kinder-F\u00f6rderpreis KUNST entstanden. Das Ludwig Form f\u00fcr Internationale Kunst zeigt von Sonntag, 28. Juni, bis Sonntag, 30. August, eine Ausstellung mit den Kunstwerken aller Teilnehmenden der diesj\u00e4hrigen Ausgabe. In diesem Jahr haben die Kinder einen fantasievollen Kosmos zum Thema \u201eIn bester Gesellschaft\u2026 mit Ebersbach, Graves, Gronemeyer, Jesdinsky, Koons und Richter\u201c entwickelt.<\/p>\n<p>Eine sechsk\u00f6pfige Jury hat sechs Kunstwerke ohne Hierarchie aus allen Beitr\u00e4gen ausgew\u00e4hlt, die am Sonntag, 28. Juni, um 12 Uhr ausgezeichnet werden. Der Eintritt zur Preisverleihung ist kostenfrei.<\/p>\n<p><strong>Der F\u00f6rderpreis<br \/><\/strong>Der Kinder-F\u00f6rderpreis KUNST, erstmalig im Rahmen des Aachener Modells 2009 verliehen, ermutigt Kinder in den beteiligten Projektschulen, ihre kreativen Ideen zu einem facettenreichen Thema umzusetzen. Seit 2010 zeigt das Ludwig Forum mit Unterst\u00fctzung der B\u00fcrgerstiftung der Sparkasse Aachen in einer Ausstellung die Arbeiten aller Teilnehmenden. Die Preistr\u00e4gerinnen und Preistr\u00e4ger nehmen zus\u00e4tzlich an einem zweit\u00e4gigen Workshop mit einer renommierten K\u00fcnstlerin oder einem renommiertem K\u00fcnstler teil.<\/p>\n<p><strong>Das Aachener Modell<br \/><\/strong>Das regionale Projekt zur individuellen Begabungsf\u00f6rderung startete 2003 an sechs Modellgrundschulen. Heute ist das Aachener Modell ein Gemeinschaftsprojekt des Schulamts f\u00fcr die St\u00e4dteRegion Aachen, der Stadt Aachen und der B\u00fcrgerstiftung der Sparkasse Aachen. Die drei Sparkassenstiftungen, die B\u00fcrger-, Kultur- sowie Jugend- und Kulturstiftung, unterst\u00fctzen das Projekt seit Beginn finanziell. Derzeit nehmen 23 Grundschulen am Kunstprogramm im Rahmen des Aachener Modells teil, das sich der fr\u00fchen F\u00f6rderung individueller Begabungen widmet. Mehr Infos unter <a href=\"http:\/\/www.aachener-modell.de\" target=\"_blank\" rel=\"noreferrer noopener nofollow\">www.aachener-modell.de<\/a>.<\/p>\n<p>Alle Interessierten k\u00f6nnen den fantasievollen Kosmos der Kinder zu den regul\u00e4ren \u00d6ffnungszeiten des Ludwig Forums, J\u00fclicher Stra\u00dfe 97-100, bestaunen. Weitere Infos unter <a href=\"https:\/\/ludwigforum.de\/\" target=\"_blank\" rel=\"noreferrer noopener nofollow\">https:\/\/ludwigforum.de\/<\/a><\/p>\n","protected":false},"excerpt":{"rendered":"Mehr als 180 Kinder aus der Stadt und St\u00e4dteregion Aachen haben in den letzten Monaten experimentiert, gemalt und&hellip;\n","protected":false},"author":2,"featured_media":1100566,"comment_status":"","ping_status":"","sticky":false,"template":"","format":"standard","meta":{"footnotes":"","_share_on_mastodon":"0"},"categories":[1853],"tags":[233251,1424,233252,2076,3364,29,548,663,3934,5201,30,13,80,2075,14,15,1209,12],"class_list":["post-1100565","post","type-post","status-publish","format-standard","has-post-thumbnail","category-aachen","tag-17-kinder-foerderpreis-kunst","tag-aachen","tag-aachener-modell","tag-ausstellung","tag-de","tag-deutschland","tag-eu","tag-europa","tag-europe","tag-foerderpreis","tag-germany","tag-headlines","tag-kultur","tag-kunst","tag-nachrichten","tag-news","tag-nordrhein-westfalen","tag-schlagzeilen"],"share_on_mastodon":{"url":"https:\/\/pubeurope.com\/@de\/116764375033002140","error":""},"_links":{"self":[{"href":"https:\/\/www.europesays.com\/de\/wp-json\/wp\/v2\/posts\/1100565","targetHints":{"allow":["GET"]}}],"collection":[{"href":"https:\/\/www.europesays.com\/de\/wp-json\/wp\/v2\/posts"}],"about":[{"href":"https:\/\/www.europesays.com\/de\/wp-json\/wp\/v2\/types\/post"}],"author":[{"embeddable":true,"href":"https:\/\/www.europesays.com\/de\/wp-json\/wp\/v2\/users\/2"}],"replies":[{"embeddable":true,"href":"https:\/\/www.europesays.com\/de\/wp-json\/wp\/v2\/comments?post=1100565"}],"version-history":[{"count":0,"href":"https:\/\/www.europesays.com\/de\/wp-json\/wp\/v2\/posts\/1100565\/revisions"}],"wp:featuredmedia":[{"embeddable":true,"href":"https:\/\/www.europesays.com\/de\/wp-json\/wp\/v2\/media\/1100566"}],"wp:attachment":[{"href":"https:\/\/www.europesays.com\/de\/wp-json\/wp\/v2\/media?parent=1100565"}],"wp:term":[{"taxonomy":"category","embeddable":true,"href":"https:\/\/www.europesays.com\/de\/wp-json\/wp\/v2\/categories?post=1100565"},{"taxonomy":"post_tag","embeddable":true,"href":"https:\/\/www.europesays.com\/de\/wp-json\/wp\/v2\/tags?post=1100565"}],"curies":[{"name":"wp","href":"https:\/\/api.w.org\/{rel}","templated":true}]}}