{"id":1100650,"date":"2026-06-17T08:44:15","date_gmt":"2026-06-17T08:44:15","guid":{"rendered":"https:\/\/www.europesays.com\/de\/1100650\/"},"modified":"2026-06-17T08:44:15","modified_gmt":"2026-06-17T08:44:15","slug":"raum-duesseldorf-technische-defekte-legen-re3-re10-und-re13-lahm","status":"publish","type":"post","link":"https:\/\/www.europesays.com\/de\/1100650\/","title":{"rendered":"Raum D\u00fcsseldorf: Technische Defekte legen RE3, RE10 und RE13 lahm"},"content":{"rendered":"<p class=\"text_ohne_einzug richtext text-em-55 !leading-serif mx-6 desktop:mx-0\">  Wer am Mittwoch mit dem Regionalexpress in NRW unterwegs ist, muss auf mehreren Linien mit Einschr\u00e4nkungen rechnen. Betroffen sind die Linien RE 3, RE 10 und RE 13 \u2013 jeweils wegen technischer Defekte an Z\u00fcgen. Das teilt zuginfo.nrw mit.<\/p>\n<p>Ausf\u00e4lle auf RE3 zwischen D\u00fcsseldorf und Hamm      <\/p>\n<p class=\"richtext text-em-55 !leading-serif mx-6 desktop:mx-0\">Auf der Linie RE3 fallen zwei Fahrten teilweise aus. Der Zug, der um 7.46 Uhr in <a href=\"https:\/\/rp-online.de\/thema\/duesseldorf-hauptbahnhof\/\" rel=\"nofollow noopener\" target=\"_blank\">D\u00fcsseldorf Hauptbahnhof<\/a> abf\u00e4hrt und planm\u00e4\u00dfig um 9.29 Uhr in <a href=\"https:\/\/rp-online.de\/thema\/hamm\/\" rel=\"nofollow noopener\" target=\"_blank\">Hamm<\/a> (Westf) Hauptbahnhof ankommen sollte, endet bereits um 8.56 Uhr in <a href=\"https:\/\/rp-online.de\/thema\/dortmund\/\" rel=\"nofollow noopener\" target=\"_blank\">Dortmund<\/a> Hauptbahnhof. In der Gegenrichtung beginnt der Zug, der um 12.12 Uhr in D\u00fcsseldorf ankommen sollte, erst um 11.03 Uhr in Dortmund Hauptbahnhof statt wie geplant in Hamm. Die St\u00f6rung dauert voraussichtlich bis 11.03 Uhr. Als Alternative stehen die Folgetakte zur Verf\u00fcgung.<\/p>\n<p>RE10: Schienenersatzverkehr zwischen Krefeld und Kempen      <\/p>\n<p class=\"richtext text-em-55 !leading-serif mx-6 desktop:mx-0\">Schwerwiegender ist die Lage auf der Linie RE10: Zwischen Krefeld Hauptbahnhof und Kempen (Niederrhein) ist die Strecke wegen eines Zugdefekts derzeit nicht befahrbar. Z\u00fcge aus Richtung D\u00fcsseldorf Hauptbahnhof enden und beginnen in Krefeld Hauptbahnhof. Zwischen Krefeld und Kempen ist ein Schienenersatzverkehr mit zwei Bussen der Firma Rath Reisen eingerichtet. Wann die Strecke wieder regul\u00e4r befahren werden kann, ist noch offen. Die St\u00f6rung begann um 8.38 Uhr, als Ende ist 14 Uhr angegeben.<\/p>\n<p>RE 13: Teilausf\u00e4lle zwischen Hamm und Venlo      <\/p>\n<p class=\"richtext text-em-55 !leading-serif mx-6 desktop:mx-0\">Auch auf der Linie RE13 kommt es zu Teilausf\u00e4llen. Der Zug von Hamm (Westf) Hauptbahnhof (ab 6.12 Uhr) in Richtung <a href=\"https:\/\/rp-online.de\/thema\/venlo\/\" rel=\"nofollow noopener\" target=\"_blank\">Venlo<\/a> endet bereits um 7.46 Uhr in D\u00fcsseldorf Hbf. Der Gegenzug ab Venlo (9.05 Uhr) startet erst um 10.12 Uhr in D\u00fcsseldorf Hbf. Die Beeintr\u00e4chtigung dauert voraussichtlich bis 10.12 Uhr. Reisende werden gebeten, auf die Folgetakte auszuweichen. Auf allen drei Linien empfiehlt zuginfo.nrw, die Reiseverbindung kurz vor der Abfahrt zu pr\u00fcfen.<\/p>\n","protected":false},"excerpt":{"rendered":"Wer am Mittwoch mit dem Regionalexpress in NRW unterwegs ist, muss auf mehreren Linien mit Einschr\u00e4nkungen rechnen. Betroffen&hellip;\n","protected":false},"author":2,"featured_media":1100651,"comment_status":"","ping_status":"","sticky":false,"template":"","format":"standard","meta":{"footnotes":"","_share_on_mastodon":"0"},"categories":[1831],"tags":[2899,9904,3364,113443,29,3405,30,9060,3601,26507,1209,176,57223,233259,15240,41249,9717,2080],"class_list":["post-1100650","post","type-post","status-publish","format-standard","has-post-thumbnail","category-duesseldorf","tag-ausfaelle","tag-betroffen","tag-de","tag-defekte","tag-deutschland","tag-duesseldorf","tag-germany","tag-hamm","tag-hauptbahnhof","tag-linie","tag-nordrhein-westfalen","tag-nrw","tag-offen","tag-regionalbahnlinien","tag-technische","tag-technischer","tag-uhr","tag-zugausfaelle"],"share_on_mastodon":{"url":"https:\/\/pubeurope.com\/@de\/116764571787637495","error":""},"_links":{"self":[{"href":"https:\/\/www.europesays.com\/de\/wp-json\/wp\/v2\/posts\/1100650","targetHints":{"allow":["GET"]}}],"collection":[{"href":"https:\/\/www.europesays.com\/de\/wp-json\/wp\/v2\/posts"}],"about":[{"href":"https:\/\/www.europesays.com\/de\/wp-json\/wp\/v2\/types\/post"}],"author":[{"embeddable":true,"href":"https:\/\/www.europesays.com\/de\/wp-json\/wp\/v2\/users\/2"}],"replies":[{"embeddable":true,"href":"https:\/\/www.europesays.com\/de\/wp-json\/wp\/v2\/comments?post=1100650"}],"version-history":[{"count":0,"href":"https:\/\/www.europesays.com\/de\/wp-json\/wp\/v2\/posts\/1100650\/revisions"}],"wp:featuredmedia":[{"embeddable":true,"href":"https:\/\/www.europesays.com\/de\/wp-json\/wp\/v2\/media\/1100651"}],"wp:attachment":[{"href":"https:\/\/www.europesays.com\/de\/wp-json\/wp\/v2\/media?parent=1100650"}],"wp:term":[{"taxonomy":"category","embeddable":true,"href":"https:\/\/www.europesays.com\/de\/wp-json\/wp\/v2\/categories?post=1100650"},{"taxonomy":"post_tag","embeddable":true,"href":"https:\/\/www.europesays.com\/de\/wp-json\/wp\/v2\/tags?post=1100650"}],"curies":[{"name":"wp","href":"https:\/\/api.w.org\/{rel}","templated":true}]}}