{"id":1100702,"date":"2026-06-17T09:12:27","date_gmt":"2026-06-17T09:12:27","guid":{"rendered":"https:\/\/www.europesays.com\/de\/1100702\/"},"modified":"2026-06-17T09:12:27","modified_gmt":"2026-06-17T09:12:27","slug":"entwurf-des-usa-iran-abkommens-durchgesickert-300-milliarden-dollar-fuer-teheran-und-ende-der-sanktionen","status":"publish","type":"post","link":"https:\/\/www.europesays.com\/de\/1100702\/","title":{"rendered":"Entwurf des USA-Iran-Abkommens durchgesickert: 300 Milliarden Dollar f\u00fcr Teheran und Ende der Sanktionen"},"content":{"rendered":"<p class=\"tspBOl0 tspBOl1\">Im Rahmen des geplanten <a href=\"https:\/\/www.tagesspiegel.de\/internationales\/beschluss-schon-nachste-woche-moglich-bundesregierung-bereitet-wohl-schnellen-einsatz-in-der-strasse-von-hormus-vor-15721192.html?icid=in-text-link_15721345\" class=\"link link--internal\" data-gtm-class=\"article-text-link\" data-gtm-val=\"internal\" rel=\"nofollow noopener\" target=\"_blank\">Abkommens zwischen den USA und dem Iran<\/a> ist mittelfristig ein <strong>privater Investitionsfonds von 300 Milliarden Dollar<\/strong> (rund 260 Milliarden Euro) f\u00fcr den Wiederaufbau des Landes vorgesehen. Das berichten die Nachrichtenagenturen Reuters und <a href=\"https:\/\/www.bloomberg.com\/news\/articles\/2026-06-16\/read-the-14-point-draft-memorandum-between-the-us-and-iran\" target=\"_blank\" rel=\"noopener nofollow\" class=\"link link--external\" data-gtm-class=\"article-text-link\" data-gtm-val=\"external\" aria-describedby=\"message-target-blank\">Bloomberg<\/a> sowie der <a href=\"https:\/\/english.alarabiya.net\/News\/middle-east\/2026\/06\/16\/al-arabiya-obtains-14point-draft-usiran-deal\" target=\"_blank\" rel=\"noopener nofollow\" class=\"link link--external\" data-gtm-class=\"article-text-link\" data-gtm-val=\"external\" aria-describedby=\"message-target-blank\">arabische News-Sender Al Arabiya <\/a>unter Berufung auf einen Entwurf des Abkommens (den gesamten Entwurf lesen Sie weiter unten). Mehr als die H\u00e4lfte dieser Summe sei bereits zugesagt, sagte eine mit der Angelegenheit vertraute Person. <\/p>\n<p class=\"tspBOl0\">Die Gelder w\u00fcrden aber <strong>erst nach Abschluss eines endg\u00fcltigen Abkommens<\/strong> flie\u00dfen. Dieses w\u00fcrde auch die Zusicherung des Iran beinhalten, \u201eniemals Atomwaffen herzustellen\u201c. Auch sollen <strong>s\u00e4mtliche Sanktionen gegen den Iran aufgehoben sowie US-Truppen aus der Region abgezogen werden. <\/strong><\/p>\n<p class=\"tspBOl0\">In einem <strong>ersten Schritt <\/strong>sollen nun zun\u00e4chst <strong>Kampfhandlungen sowie die Blockade der Stra\u00dfe von Hormus beendet werden. <\/strong>Daf\u00fcr w\u00fcrden die USA<strong> eingefrorene oder eingeschr\u00e4nkte Gelder des Irans vollst\u00e4ndig freigeben <\/strong>sowie den<strong> Export von Roh\u00f6l erlauben. <\/strong><\/p>\n<p class=\"tspAFgt\">Empfohlener redaktioneller Inhalt<\/p>\n<p> An dieser Stelle finden Sie einen von unseren Redakteuren ausgew\u00e4hlten, externen Inhalt, der den Artikel f\u00fcr Sie mit zus\u00e4tzlichen Informationen anreichert. Sie k\u00f6nnen sich hier den externen Inhalt mit einem Klick anzeigen lassen oder wieder ausblenden. <\/p>\n<p> Externen Inhalt anzeigen <\/p>\n<p class=\"tspAFgz\"> Ich bin damit einverstanden, dass mir der externe Inhalt angezeigt wird. Damit k\u00f6nnen personenbezogene Daten an Drittplattformen \u00fcbermittelt werden.  Mehr Informationen dazu erhalten Sie in den Datenschutz-Einstellungen. Diese finden Sie ganz unten auf unserer Seite im Footer, sodass Sie Ihre Einstellungen jederzeit verwalten oder widerrufen k\u00f6nnen. <\/p>\n<p class=\"tspBOl0\">Die USA und der Iran bereiten sich darauf vor,<strong> die Vereinbarung am Freitag zu unterzeichnen.<\/strong> Am Sonntag hatten sich beide Staaten auf einen Rahmen zur Beendigung ihres seit Februar andauernden Konflikts geeinigt.<\/p>\n<p> Private Gelder f\u00fcr Energie, Logistik, Industrie und Transport <\/p>\n<p class=\"tspBOl0\">Bei dem geplanten <strong>\u201eFonds f\u00fcr Wiederaufbau und Entwicklung\u201c<\/strong> handelt es sich dem Insider zufolge um ein <strong>privates Investitionsinstrument ohne staatliche Gelder oder Zusch\u00fcsse.<\/strong> Zusagen l\u00e4gen von Unternehmen aus den USA, den Golfstaaten, Asien, S\u00fcdamerika und Afrika vor, hie\u00df es. <\/p>\n<p class=\"tspBOl0\">Die Investitionen sollen <strong>in die Bereiche Energie, Logistik, Industrie und Transport flie\u00dfen. <\/strong>Demnach werde der Fonds erst nach dem Abschluss eines endg\u00fcltigen Abkommens aktiv. Die F\u00fchrung in Teheran hatte iranischen Regierungskreisen zufolge urspr\u00fcnglich 400 Milliarden Dollar an Kriegsentsch\u00e4digungen von den USA gefordert, was Washington jedoch ablehnte. <\/p>\n<p><a href=\"https:\/\/www.tagesspiegel.de\/internationales\/iraner-uber-das-kriegsende-die-usa-sind-einen-kompromiss-mit-dem-morder-eingegangen-15718253.html?icid=single-topic_15721345___\" data-gtm-class=\"article-mzt-link\" class=\"tspC4rd\" rel=\"nofollow noopener\" target=\"_blank\">Iraner \u00fcber das Kriegsende \u201eDie USA sind einen Kompromiss mit dem M\u00f6rder eingegangen\u201c <\/a> USA-Iran-Deal st\u00f6\u00dft auf Kritik <\/p>\n<p class=\"tspBOl0\">Der Deal stie\u00df in den USA auf gro\u00dfe Kritik. Der demokratische Senator Adam Schiff sprach <strong>von einer \u201eKapitulation\u201c der Trump-Regierung. <\/strong>\u201eDer Iran erh\u00e4lt eine Lockerung der Sanktionen, die Freigabe eingefrorener Gelder, die Erlaubnis zum \u00d6l-Export sowie einen Wiederaufbaufonds in H\u00f6he von 300 Milliarden Dollar.<\/p>\n<p class=\"tspBOl0\">Die USA erhalten lediglich die erneute Bekr\u00e4ftigung des vagen Versprechens, dass der Iran keine Atomwaffe entwickeln werde. <strong>Eine umfassendere Kapitulation ist kaum vorstellbar<\/strong>\u201c, <a href=\"https:\/\/x.com\/senadamschiff\/status\/2067074084282700200?s=46\" target=\"_blank\" rel=\"noopener nofollow\" class=\"link link--external\" data-gtm-class=\"article-text-link\" data-gtm-val=\"external\" aria-describedby=\"message-target-blank\">schrieb er bei X<\/a>. <\/p>\n<p class=\"tspAFgt\">Empfohlener redaktioneller Inhalt<\/p>\n<p> An dieser Stelle finden Sie einen von unseren Redakteuren ausgew\u00e4hlten, externen Inhalt, der den Artikel f\u00fcr Sie mit zus\u00e4tzlichen Informationen anreichert. Sie k\u00f6nnen sich hier den externen Inhalt mit einem Klick anzeigen lassen oder wieder ausblenden. <\/p>\n<p> Externen Inhalt anzeigen <\/p>\n<p class=\"tspAFgz\"> Ich bin damit einverstanden, dass mir der externe Inhalt angezeigt wird. Damit k\u00f6nnen personenbezogene Daten an Drittplattformen \u00fcbermittelt werden.  Mehr Informationen dazu erhalten Sie in den Datenschutz-Einstellungen. Diese finden Sie ganz unten auf unserer Seite im Footer, sodass Sie Ihre Einstellungen jederzeit verwalten oder widerrufen k\u00f6nnen. <\/p>\n<p class=\"tspBOl0\">Der Politologe Christian Lammert nennt das Abkommen einen \u201e<strong>gesichtswahrenden Schritt<\/strong>\u201c<strong> der Trump-Regierung.<\/strong> \u201eEin Deal, der wirtschaftliche Zugest\u00e4ndnisse mit politischem Einfluss verbindet, passt gut zu Trumps transaktionalem Politikverst\u00e4ndnis. Andererseits birgt ein solcher Fonds innenpolitisch Risiken, da er schnell als indirekte Unterst\u00fctzung eines Regimes gelesen werden kann, das Trump selbst jahrelang scharf kritisiert hat\u201c, sagte er dem \u201eTagesspiegel\u201c. <\/p>\n<p class=\"tspBOl0\">Im Vergleich zum einst von Barack Obama ausgehandelten Atomabkommen zeige sich eine \u201einteressante Kontinuit\u00e4t bei gleichzeitig ver\u00e4nderter Rhetorik\u201c: Wirtschaftliche Anreize im Austausch f\u00fcr politisches oder sicherheitspolitisches Entgegenkommen. Der zentrale Unterschied liege weniger im Instrument als in der politischen Inszenierung. <\/p>\n<p><img decoding=\"async\" src=\"https:\/\/www.europesays.com\/de\/wp-content\/uploads\/2025\/08\/lammert.jpeg\"   alt=\"Christian Lammert, Credit: FU Berlin\" width=\"767\" height=\"767\" loading=\"lazy\" class=\"tspAYiz\"\/><\/p>\n<p class=\"tspBWnm\"><strong>Christian Lammert<\/strong> ist Professor f\u00fcr Politikwissenschaft am John-F.-Kennedy-Institut der FU Berlin und Pr\u00e4sident der Deutschen Gesellschaft f\u00fcr Amerikastudien (DGfA).<\/p>\n<p class=\"tspBOl0\">\u201eW\u00e4hrend Obama auf multilaterale Diplomatie setzte, w\u00fcrde Trump einen solchen Deal vermutlich st\u00e4rker bilateral und als pers\u00f6nlichen Erfolg darstellen. Insofern w\u00e4re das weniger ein klarer Bruch mit der Obama-Politik als vielmehr eine Umdeutung \u00e4hnlicher Ans\u00e4tze unter anderen politischen Vorzeichen\u201c, so Lammert. <\/p>\n<p> Israel sieht Deal kritisch <\/p>\n<p class=\"tspBOl0\">Dass der Deal auch Israel verpflichtet, im Libanon keine Angriffe mehr auf die Hisbollah durchzuf\u00fchren, st\u00f6\u00dft auch in Jerusalem auf wenig Zustimmung. \u201eDie gesamte pro-iranische Achse f\u00fchlt sich jetzt best\u00e4rkt.<strong> Wir werden die Konsequenzen zu sp\u00fcren bekommen<\/strong>\u201c, sagte Ksenia Svetlova, eine ehemalige israelische Abgeordnete, dem \u201e<a href=\"https:\/\/www.wsj.com\/world\/middle-east\/iran-is-returning-to-nuclear-talks-no-longer-afraid-of-america-82e73467?st=nTam7D\" target=\"_blank\" rel=\"noopener nofollow\" class=\"link link--external\" data-gtm-class=\"article-text-link\" data-gtm-val=\"external\" aria-describedby=\"message-target-blank\">Wall Street Journal<\/a>\u201c. <\/p>\n<blockquote class=\"tspCJps\">\n<p>Die USA haben der Welt die Botschaft gesendet, dass sie v\u00f6llige Verlierer sind.<\/p>\n<\/blockquote>\n<p class=\"tspCJpt\">Die 22-j\u00e4hrige Iranerin <strong>Tahmineh <\/strong>in einer Reaktion<\/p>\n<p class=\"tspBOl0\">Auch f\u00fcr die Menschen im Iran bedeutet das Abkommen nichts Gutes. \u201eIch glaube, das schlimmstm\u00f6gliche Szenario ist eingetreten: Es ist ein <strong>Abkommen zur Fortsetzung der schlechten Lage vor dem Krieg<\/strong> und nichts, was zur Kl\u00e4rung des Schicksals des iranischen Volkes f\u00fchren wird\u201c, sagte der 40-j\u00e4hrige Iraner Behrooz <a href=\"https:\/\/www.tagesspiegel.de\/internationales\/iraner-uber-das-kriegsende-die-usa-sind-einen-kompromiss-mit-dem-morder-eingegangen-15718253.html\" target=\"_blank\" rel=\"noopener nofollow\" class=\"link link--external\" data-gtm-class=\"article-text-link\" data-gtm-val=\"external\" aria-describedby=\"message-target-blank\">dem \u201eTagesspiegel\u201c<\/a> per Sprachnachricht. <\/p>\n<p>Lesen Sie auch:<a href=\"https:\/\/www.tagesspiegel.de\/sport\/absurde-wm-preise-bier-kostet-in-den-usa-fast-20-euro--und-in-mexiko-so-viel-wie-der-tagliche-mindestlohn-15720977.html?icid=topic-list_15721345___\" data-gtm-class=\"article-mzt-link\" data-hydrate-fingerprint=\"09740a54944caac75fd2c0c63fd5c5df\" data-hydrate-props=\"{&amp;escapedquot;element&amp;escapedquot;:{&amp;escapedquot;type&amp;escapedquot;:&amp;escapedquot;relatedContent&amp;escapedquot;,&amp;escapedquot;fieldMap&amp;escapedquot;:{},&amp;escapedquot;relation&amp;escapedquot;:{&amp;escapedquot;fields&amp;escapedquot;:{&amp;escapedquot;isPaid&amp;escapedquot;:null},&amp;escapedquot;href&amp;escapedquot;:&amp;escapedquot;\/sport\/absurde-wm-preise-bier-kostet-in-den-usa-fast-20-euro--und-in-mexiko-so-viel-wie-der-tagliche-mindestlohn-15720977.html&amp;escapedquot;,&amp;escapedquot;teaserTitle&amp;escapedquot;:{&amp;escapedquot;kicker&amp;escapedquot;:&amp;escapedquot;\u201eAbsurde WM-Preise\u201c&amp;escapedquot;,&amp;escapedquot;headline&amp;escapedquot;:&amp;escapedquot;So viel kosten Essen und Trinken in den Stadien&amp;escapedquot;},&amp;escapedquot;id&amp;escapedquot;:&amp;escapedquot;15720977&amp;escapedquot;,&amp;escapedquot;type&amp;escapedquot;:&amp;escapedquot;story&amp;escapedquot;},&amp;escapedquot;isPartOfList&amp;escapedquot;:true,&amp;escapedquot;topicListType&amp;escapedquot;:&amp;escapedquot;topic-list&amp;escapedquot;},&amp;escapedquot;showArrow&amp;escapedquot;:true}\" data-hydrate-slots=\"{&#039;default&#039;:[]}\" class=\"tspC4rd tspDAru\" rel=\"nofollow noopener\" target=\"_blank\">\u201eAbsurde WM-Preise\u201c So viel kosten Essen und Trinken in den Stadien <\/a><a href=\"https:\/\/www.tagesspiegel.de\/internationales\/ich-bin-sehr-frustriert-so-reagiert-israel-auf-die-einigung-zwischen-den-usa-und-iran-15716333.html?icid=topic-list_15721345___\" data-gtm-class=\"article-mzt-link\" data-hydrate-fingerprint=\"09740a54944caac75fd2c0c63fd5c5df\" data-hydrate-props=\"{&amp;escapedquot;element&amp;escapedquot;:{&amp;escapedquot;type&amp;escapedquot;:&amp;escapedquot;relatedContent&amp;escapedquot;,&amp;escapedquot;fieldMap&amp;escapedquot;:{},&amp;escapedquot;relation&amp;escapedquot;:{&amp;escapedquot;fields&amp;escapedquot;:{&amp;escapedquot;isPaid&amp;escapedquot;:true},&amp;escapedquot;href&amp;escapedquot;:&amp;escapedquot;\/internationales\/ich-bin-sehr-frustriert-so-reagiert-israel-auf-die-einigung-zwischen-den-usa-und-iran-15716333.html&amp;escapedquot;,&amp;escapedquot;teaserTitle&amp;escapedquot;:{&amp;escapedquot;kicker&amp;escapedquot;:&amp;escapedquot;\u201eIch bin sehr frustriert\u201c&amp;escapedquot;,&amp;escapedquot;headline&amp;escapedquot;:&amp;escapedquot;So reagiert Israel auf die Einigung zwischen den USA und Iran&amp;escapedquot;},&amp;escapedquot;id&amp;escapedquot;:&amp;escapedquot;15716333&amp;escapedquot;,&amp;escapedquot;type&amp;escapedquot;:&amp;escapedquot;story&amp;escapedquot;},&amp;escapedquot;isPartOfList&amp;escapedquot;:true,&amp;escapedquot;topicListType&amp;escapedquot;:&amp;escapedquot;topic-list&amp;escapedquot;},&amp;escapedquot;showArrow&amp;escapedquot;:true}\" data-hydrate-slots=\"{&#039;default&#039;:[]}\" class=\"tspC4rd tspDAru\" rel=\"nofollow noopener\" target=\"_blank\">\u201eIch bin sehr frustriert\u201c So reagiert Israel auf die Einigung zwischen den USA und Iran <\/a><a href=\"https:\/\/www.tagesspiegel.de\/internationales\/auf-kollissionskurs-im-armelkanal-russische-fregatte-feuert-warnschusse-auf-britische-yacht-15721330.html?icid=topic-list_15721345___\" data-gtm-class=\"article-mzt-link\" data-hydrate-fingerprint=\"09740a54944caac75fd2c0c63fd5c5df\" data-hydrate-props=\"{&amp;escapedquot;element&amp;escapedquot;:{&amp;escapedquot;type&amp;escapedquot;:&amp;escapedquot;relatedContent&amp;escapedquot;,&amp;escapedquot;fieldMap&amp;escapedquot;:{},&amp;escapedquot;relation&amp;escapedquot;:{&amp;escapedquot;fields&amp;escapedquot;:{&amp;escapedquot;isPaid&amp;escapedquot;:null},&amp;escapedquot;href&amp;escapedquot;:&amp;escapedquot;\/internationales\/auf-kollissionskurs-im-armelkanal-russische-fregatte-feuert-warnschusse-auf-britische-yacht-15721330.html&amp;escapedquot;,&amp;escapedquot;teaserTitle&amp;escapedquot;:{&amp;escapedquot;kicker&amp;escapedquot;:&amp;escapedquot;Warnsch\u00fcsse im \u00c4rmelkanal&amp;escapedquot;,&amp;escapedquot;headline&amp;escapedquot;:&amp;escapedquot;Britische Segler widersprechen russischem Verteidigungs\u00administerium&amp;escapedquot;},&amp;escapedquot;id&amp;escapedquot;:&amp;escapedquot;15721330&amp;escapedquot;,&amp;escapedquot;type&amp;escapedquot;:&amp;escapedquot;story&amp;escapedquot;},&amp;escapedquot;isPartOfList&amp;escapedquot;:true,&amp;escapedquot;topicListType&amp;escapedquot;:&amp;escapedquot;topic-list&amp;escapedquot;},&amp;escapedquot;showArrow&amp;escapedquot;:true}\" data-hydrate-slots=\"{&#039;default&#039;:[]}\" class=\"tspC4rd tspDAru\" rel=\"nofollow noopener\" target=\"_blank\">Warnsch\u00fcsse im \u00c4rmelkanal Britische Segler widersprechen russischem Verteidigungs\u00administerium <\/a><\/p>\n<p class=\"tspBOl0\">Die 22-j\u00e4hrige Tahmineh \u2013 aus Sicherheitsgr\u00fcnden anonymisiert \u2013 betonte: \u201eDie USA sind einen <strong>Kompromiss mit dem M\u00f6rder des iranischen Volkes<\/strong> eingegangen. Und sie haben der Welt die Botschaft gesendet, dass sie <strong>v\u00f6llige Verlierer<\/strong> sind.\u201c <\/p>\n<p> Trump lobt Irans F\u00fchrung: \u201eStarke und kluge Pers\u00f6nlichkeiten\u201c <\/p>\n<p class=\"tspBOl0\">US-Pr\u00e4sident Trump sagte beim G7-Gipfel in Frankreich bei einem <a href=\"https:\/\/x.com\/NoaMagid\/status\/2066833734800666836\" target=\"_blank\" rel=\"noopener nofollow\" class=\"link link--external\" data-gtm-class=\"article-text-link\" data-gtm-val=\"external\" aria-describedby=\"message-target-blank\">Treffen mit dem Emir von Katar<\/a>, die derzeitige iranische F\u00fchrung bestehe \u201eaus sehr rationalen Menschen\u201c. Der Umgang mit ihnen sei angenehm, \u201esie sind starke und kluge Pers\u00f6nlichkeiten. Sie sind nicht radikalisiert und wollen ihrem Land helfen\u201c, so Trump. <a href=\"https:\/\/www.whitehouse.gov\/releases\/2026\/04\/president-trump-delivers-powerful-primetime-address-on-operation-epic-fury\/\" target=\"_blank\" rel=\"noopener nofollow\" class=\"link link--external\" data-gtm-class=\"article-text-link\" data-gtm-val=\"external\" aria-describedby=\"message-target-blank\">Noch im April<\/a> hatte Trump die Machthaber als \u201egewaltt\u00e4tigstes und brutalstes Regime der Erde\u201c bezeichnet. <\/p>\n<p class=\"tspAFgt\">Empfohlener redaktioneller Inhalt<\/p>\n<p> An dieser Stelle finden Sie einen von unseren Redakteuren ausgew\u00e4hlten, externen Inhalt, der den Artikel f\u00fcr Sie mit zus\u00e4tzlichen Informationen anreichert. Sie k\u00f6nnen sich hier den externen Inhalt mit einem Klick anzeigen lassen oder wieder ausblenden. <\/p>\n<p> Externen Inhalt anzeigen <\/p>\n<p class=\"tspAFgz\"> Ich bin damit einverstanden, dass mir der externe Inhalt angezeigt wird. Damit k\u00f6nnen personenbezogene Daten an Drittplattformen \u00fcbermittelt werden.  Mehr Informationen dazu erhalten Sie in den Datenschutz-Einstellungen. Diese finden Sie ganz unten auf unserer Seite im Footer, sodass Sie Ihre Einstellungen jederzeit verwalten oder widerrufen k\u00f6nnen. <\/p>\n<p class=\"tspBOl0\"><strong>Bloomberg und Al Arabiya liegt der Entwurf der insgesamt 14 Punkte umfassenden Absichtserkl\u00e4rung vor. Lesen Sie ihn hier auf Deutsch: <\/strong><\/p>\n<ol data-qa-hook=\"story-list-ol\" class=\"tspC0q2\">\n<li class=\"tspC0fx tspC0fx\">Die Islamische Republik Iran und die Vereinigten Staaten erkl\u00e4ren gemeinsam mit ihren Verb\u00fcndeten im aktuellen Krieg mit der Unterzeichnung dieser Absichtserkl\u00e4rung das <strong>sofortige und dauerhafte Ende des Krieges an allen Fronten<\/strong>, einschlie\u00dflich des Libanon. Sie verpflichten sich, <strong>k\u00fcnftig keine feindlichen Handlungen gegeneinander<\/strong> zu unternehmen sowie auf die Androhung oder Anwendung von Gewalt gegeneinander zu verzichten.<\/li>\n<li class=\"tspC0fx tspC0fx\">Das endg\u00fcltige Abkommen wird die Bestimmungen dieses Artikels sowie der \u00fcbrigen Artikel best\u00e4tigen. Die Islamische Republik Iran und die Vereinigten Staaten verpflichten sich, die Souver\u00e4nit\u00e4t und territoriale Integrit\u00e4t des jeweils anderen zu respektieren und <strong>sich nicht in die inneren Angelegenheiten des anderen einzumischen<\/strong>.<\/li>\n<li class=\"tspC0fx tspC0fx\">Die Islamische Republik Iran und die Vereinigten Staaten verpflichten sich, innerhalb eines Zeitraums von h\u00f6chstens <strong>60 Tagen ein endg\u00fcltiges Abkommen<\/strong> auszuhandeln und zu erzielen. Dieser <strong>Zeitraum kann im gegenseitigen Einvernehmen verl\u00e4ngert werden<\/strong>.<\/li>\n<li class=\"tspC0fx tspC0fx\">Unmittelbar nach der Unterzeichnung dieser Absichtserkl\u00e4rung <strong>heben die Vereinigten Staaten die Seeblockade auf<\/strong>, verhindern jede Einmischung oder Behinderung gegen\u00fcber der Islamischen Republik Iran und stellen den Schiffsverkehr innerhalb von h\u00f6chstens 30 Tagen wieder vollst\u00e4ndig her. Das Verkehrsaufkommen der Schiffe soll dabei dem Vorkriegsniveau aufseiten der Islamischen Republik Iran entsprechen. Die Vereinigten Staaten verpflichten sich au\u00dferdem, <strong>ihre Streitkr\u00e4fte innerhalb von 30 Tagen nach Abschluss des endg\u00fcltigen Abkommens aus den umliegenden Gebieten abzuziehen<\/strong>.<\/li>\n<li class=\"tspC0fx tspC0fx\">Mit der Unterzeichnung dieser Absichtserkl\u00e4rung wird die Islamische Republik Iran unverz\u00fcglich Ma\u00dfnahmen ergreifen, um sicherzustellen, dass der <strong>Verkehr von Handelsschiffen<\/strong> vom Persischen Golf zum Golf von Oman und umgekehrt <strong>innerhalb von 30 Tagen wieder das Vorkriegsniveau<\/strong> erreicht. Dabei werden die Beseitigung technischer Hindernisse und die R\u00e4umung von Minen durch den Iran ber\u00fccksichtigt.<\/li>\n<li class=\"tspC0fx tspC0fx\">Die Vereinigten Staaten verpflichten sich gemeinsam mit ihren regionalen Partnern, einen umfassenden, von beiden Seiten vereinbarten <strong>Plan f\u00fcr Wiederaufbau und wirtschaftliche Entwicklung<\/strong> der Islamischen Republik Iran zu erstellen und dabei eine<strong> Finanzierung von mindestens 300 Milliarden Dollar <\/strong>sicherzustellen. Der Umsetzungsmechanismus dieses Plans als Teil des endg\u00fcltigen Abkommens soll innerhalb von 60 Tagen ausgearbeitet werden.<\/li>\n<li class=\"tspC0fx tspC0fx\">Die Vereinigten Staaten verpflichten sich, nach einem im endg\u00fcltigen Abkommen festzulegenden Zeitplan <strong>s\u00e4mtliche derzeit gegen die Islamische Republik Iran bestehenden Sanktionen zu beenden<\/strong>. Dies umfasst Resolutionen des UN-Sicherheitsrats und des Gouverneursrats der Internationalen Atomenergiebeh\u00f6rde (IAEA) sowie alle einseitigen US-Sanktionen, sowohl prim\u00e4re als auch sekund\u00e4re.<\/li>\n<li class=\"tspC0fx tspC0fx\">Die Islamische Republik <strong>Iran bekr\u00e4ftigt,<\/strong> <strong>niemals Atomwaffen herzustellen<\/strong>. Die Islamische Republik Iran und die Vereinigten Staaten haben vereinbart, dass das Schicksal angereicherten Materials sowie alle weiteren einvernehmlich festgelegten nuklearbezogenen Fragen, einschlie\u00dflich des iranischen Nuklearbedarfs, angemessen in einem endg\u00fcltigen Abkommen geregelt werden. Das endg\u00fcltige Abkommen wird die Bestimmungen dieses Artikels best\u00e4tigen.<\/li>\n<li class=\"tspC0fx tspC0fx\">Die Islamische Republik Iran und die Vereinigten Staaten vereinbaren,<strong> bis zum Abschluss eines endg\u00fcltigen Abkommens den Status quo <\/strong>aufrechtzuerhalten. Der Iran wird den Status quo seines Atomprogramms beibehalten, und die Vereinigten Staaten werden weder neue Sanktionen gegen den Iran verh\u00e4ngen noch ihre Streitkr\u00e4fte in der Region verst\u00e4rken.<\/li>\n<li class=\"tspC0fx tspC0fx\">Die Vereinigten Staaten verpflichten sich, unmittelbar nach der Unterzeichnung dieser Absichtserkl\u00e4rung und bis zur Aufhebung der Sanktionen <strong>Ausnahmeregelungen des US-Finanzministeriums f\u00fcr Exporte von iranischem Roh\u00f6l<\/strong>, petrochemischen Produkten und deren Derivaten sowie f\u00fcr alle damit verbundenen Dienstleistungen einschlie\u00dflich Bankwesen, Versicherungen und Transport zu erteilen.<\/li>\n<li class=\"tspC0fx tspC0fx\">Die Vereinigten Staaten verpflichten sich, angesichts der Fortschritte der Verhandlungen \u00fcber ein endg\u00fcltiges Abkommen <strong>eingefrorene oder eingeschr\u00e4nkte Gelder und Verm\u00f6genswerte der Islamischen Republik Iran freizugeben und vollst\u00e4ndig verf\u00fcgbar zu machen<\/strong>. Diese Mittel, unabh\u00e4ngig davon, ob sie auf dem Hauptkonto gehalten oder \u00fcbertragen werden, sollen f\u00fcr jede von der Zentralbank der Islamischen Republik Iran bestimmte endg\u00fcltige Zahlung an Beg\u00fcnstigte verwendet werden k\u00f6nnen und uneingeschr\u00e4nkt verf\u00fcgbar sein. Die Vereinigten Staaten verpflichten sich, hierf\u00fcr alle erforderlichen Genehmigungen und Lizenzen zu erteilen.<\/li>\n<li class=\"tspC0fx tspC0fx\">Die Islamische Republik Iran und die Vereinigten Staaten vereinbaren die Einrichtung eines Umsetzungsmechanismus zur \u00dcberwachung der erfolgreichen Umsetzung und der k\u00fcnftigen Einhaltung des endg\u00fcltigen Abkommens.<\/li>\n<li class=\"tspC0fx tspC0fx\">Nach der Unterzeichnung dieser Absichtserkl\u00e4rung und nach Erhalt von Zusicherungen \u00fcber den Beginn der Umsetzung der Artikel 4, 5, 10 und 11 sowie deren fortgesetzte Umsetzung werden die Islamische Republik Iran und die Vereinigten Staaten Verhandlungen \u00fcber ein endg\u00fcltiges Abkommen ausschlie\u00dflich zu den verbleibenden Artikeln aufnehmen.<\/li>\n<li class=\"tspC0fx tspC0fx\">Das endg\u00fcltige Abkommen wird durch eine <strong>verbindliche Resolution des UN-Sicherheitsrats<\/strong> gebilligt. (Tsp)<\/li>\n<\/ol>\n","protected":false},"excerpt":{"rendered":"Im Rahmen des geplanten Abkommens zwischen den USA und dem Iran ist mittelfristig ein privater Investitionsfonds von 300&hellip;\n","protected":false},"author":2,"featured_media":1100703,"comment_status":"","ping_status":"","sticky":false,"template":"","format":"standard","meta":{"footnotes":"","_share_on_mastodon":"0"},"categories":[3],"tags":[16302,662,7102,106,13,345,7296,14,15,12,10,8,9,11,64,103,104],"class_list":["post-1100702","post","type-post","status-publish","format-standard","has-post-thumbnail","category-welt","tag-afrika","tag-atomwaffen","tag-barack-obama","tag-donald-trump","tag-headlines","tag-iran","tag-libanon","tag-nachrichten","tag-news","tag-schlagzeilen","tag-top-news","tag-top-meldungen","tag-topmeldungen","tag-topnews","tag-usa","tag-welt","tag-world"],"share_on_mastodon":{"url":"https:\/\/pubeurope.com\/@de\/116764681857179236","error":""},"_links":{"self":[{"href":"https:\/\/www.europesays.com\/de\/wp-json\/wp\/v2\/posts\/1100702","targetHints":{"allow":["GET"]}}],"collection":[{"href":"https:\/\/www.europesays.com\/de\/wp-json\/wp\/v2\/posts"}],"about":[{"href":"https:\/\/www.europesays.com\/de\/wp-json\/wp\/v2\/types\/post"}],"author":[{"embeddable":true,"href":"https:\/\/www.europesays.com\/de\/wp-json\/wp\/v2\/users\/2"}],"replies":[{"embeddable":true,"href":"https:\/\/www.europesays.com\/de\/wp-json\/wp\/v2\/comments?post=1100702"}],"version-history":[{"count":0,"href":"https:\/\/www.europesays.com\/de\/wp-json\/wp\/v2\/posts\/1100702\/revisions"}],"wp:featuredmedia":[{"embeddable":true,"href":"https:\/\/www.europesays.com\/de\/wp-json\/wp\/v2\/media\/1100703"}],"wp:attachment":[{"href":"https:\/\/www.europesays.com\/de\/wp-json\/wp\/v2\/media?parent=1100702"}],"wp:term":[{"taxonomy":"category","embeddable":true,"href":"https:\/\/www.europesays.com\/de\/wp-json\/wp\/v2\/categories?post=1100702"},{"taxonomy":"post_tag","embeddable":true,"href":"https:\/\/www.europesays.com\/de\/wp-json\/wp\/v2\/tags?post=1100702"}],"curies":[{"name":"wp","href":"https:\/\/api.w.org\/{rel}","templated":true}]}}