{"id":1100796,"date":"2026-06-17T10:05:17","date_gmt":"2026-06-17T10:05:17","guid":{"rendered":"https:\/\/www.europesays.com\/de\/1100796\/"},"modified":"2026-06-17T10:05:17","modified_gmt":"2026-06-17T10:05:17","slug":"raub-in-stuttgart-mitte-duo-erbeutet-mehrere-zehntausend-euro-von-48-jaehrigem-zeugen-gesucht","status":"publish","type":"post","link":"https:\/\/www.europesays.com\/de\/1100796\/","title":{"rendered":"Raub in Stuttgart-Mitte: Duo erbeutet mehrere Zehntausend Euro von 48-J\u00e4hrigem \u2013 Zeugen gesucht"},"content":{"rendered":"<p>\t\t\t\t\t\t\t\t\t\t\t\t\t\t\t\t\t\t\t\t\t\t\t\t\t\t\t\t      \t\t            \t\t             \t\t\t\t   \t\t\t\t\t   <img decoding=\"async\" id=\"article-image\" fetchpriority=\"high\" alt=\"Raub in Stuttgart-Mitte: Duo erbeutet mehrere Zehntausend Euro von 48-J\u00e4hrigem \u2013 Zeugen gesucht\" title=\"Raub in Stuttgart-Mitte: Duo erbeutet mehrere Zehntausend Euro von 48-J\u00e4hrigem \u2013 Zeugen gesucht\" src=\"https:\/\/www.europesays.com\/de\/wp-content\/uploads\/2026\/06\/media.media.94287761-2915-4280-a91b-dead90d162f8.16x9_700.jpg\" data-linkto=\"https:\/\/www.stuttgarter-nachrichten.de\/javascript:void(0);\"\/>\t\t\t\t\t\t\t\t\t\t\t\t\t\t\t\t\t\t\t\t\t\t\t\tDie Polizei sucht Zeugen. (Symbolbild)\u00a0Foto: Lino Mirgeler\/dpa\t\t\t<\/p>\n<p>Ein 48-J\u00e4hriger will 31.000 Euro zu seinem Bruder nach Pakistan transferieren und trifft sich daf\u00fcr mit zwei M\u00e4nnern. Am Ende ist der Mann sein Geld los. Die Polizei sucht Zeugen.<\/p>\n<p> \u2013 Zwei unbekannte T\u00e4ter haben am Montagmorgen in der Moskauer Stra\u00dfe in <a href=\"https:\/\/www.stuttgarter-nachrichten.de\/thema\/Stuttgart-Mitte\" title=\"Stuttgart-Mitte\" class=\"art_thema\" rel=\"nofollow noopener\" target=\"_blank\">Stuttgart-Mitte<\/a> einen 48-J\u00e4hrigen ausgeraubt und dabei mehrere Zehntausend Euro erbeutet. Die <a href=\"https:\/\/www.stuttgarter-nachrichten.de\/thema\/Polizei\" title=\"Polizei\" class=\"art_thema\" rel=\"nofollow noopener\" target=\"_blank\">Polizei<\/a> sucht Zeugen.<\/p>\n<p>Wie die Beamten berichten, traf sich der Mann gegen 10.10 Uhr mit den beiden M\u00e4nnern, weil er offenbar 31.000 Euro zu seinem Bruder nach Pakistan transferieren wollte. Im Laufe des Gespr\u00e4chs habe einer der T\u00e4ter den 48-J\u00e4hrigen bedroht und das Geld genommen, bevor das r\u00e4uberische Duo fl\u00fcchtete. <\/p>\n<p>Die beiden T\u00e4ter k\u00f6nnen nicht n\u00e4her beschrieben werden. Zeugen werden gebeten, sich unter der Rufnummer 0711\/8990-5778 bei der Kriminalpolizei zu melden.<\/p>\n","protected":false},"excerpt":{"rendered":"Die Polizei sucht Zeugen. (Symbolbild)\u00a0Foto: Lino Mirgeler\/dpa Ein 48-J\u00e4hriger will 31.000 Euro zu seinem Bruder nach Pakistan transferieren&hellip;\n","protected":false},"author":2,"featured_media":1100797,"comment_status":"","ping_status":"","sticky":false,"template":"","format":"standard","meta":{"footnotes":"","_share_on_mastodon":"0"},"categories":[1830],"tags":[1634,3364,29,30,121,8248,4576,1441,18960],"class_list":["post-1100796","post","type-post","status-publish","format-standard","has-post-thumbnail","category-stuttgart","tag-baden-wuerttemberg","tag-de","tag-deutschland","tag-germany","tag-polizei","tag-polizeibericht-stuttgart","tag-raub","tag-stuttgart","tag-stuttgart-mitte"],"share_on_mastodon":{"url":"https:\/\/pubeurope.com\/@de\/116764891503435746","error":""},"_links":{"self":[{"href":"https:\/\/www.europesays.com\/de\/wp-json\/wp\/v2\/posts\/1100796","targetHints":{"allow":["GET"]}}],"collection":[{"href":"https:\/\/www.europesays.com\/de\/wp-json\/wp\/v2\/posts"}],"about":[{"href":"https:\/\/www.europesays.com\/de\/wp-json\/wp\/v2\/types\/post"}],"author":[{"embeddable":true,"href":"https:\/\/www.europesays.com\/de\/wp-json\/wp\/v2\/users\/2"}],"replies":[{"embeddable":true,"href":"https:\/\/www.europesays.com\/de\/wp-json\/wp\/v2\/comments?post=1100796"}],"version-history":[{"count":0,"href":"https:\/\/www.europesays.com\/de\/wp-json\/wp\/v2\/posts\/1100796\/revisions"}],"wp:featuredmedia":[{"embeddable":true,"href":"https:\/\/www.europesays.com\/de\/wp-json\/wp\/v2\/media\/1100797"}],"wp:attachment":[{"href":"https:\/\/www.europesays.com\/de\/wp-json\/wp\/v2\/media?parent=1100796"}],"wp:term":[{"taxonomy":"category","embeddable":true,"href":"https:\/\/www.europesays.com\/de\/wp-json\/wp\/v2\/categories?post=1100796"},{"taxonomy":"post_tag","embeddable":true,"href":"https:\/\/www.europesays.com\/de\/wp-json\/wp\/v2\/tags?post=1100796"}],"curies":[{"name":"wp","href":"https:\/\/api.w.org\/{rel}","templated":true}]}}