{"id":1100903,"date":"2026-06-17T11:05:37","date_gmt":"2026-06-17T11:05:37","guid":{"rendered":"https:\/\/www.europesays.com\/de\/1100903\/"},"modified":"2026-06-17T11:05:37","modified_gmt":"2026-06-17T11:05:37","slug":"meinungsverschiedenheiten-ueber-den-langfristigen-haushalt-bringen-die-eu-in-eine-schwierige-lage","status":"publish","type":"post","link":"https:\/\/www.europesays.com\/de\/1100903\/","title":{"rendered":"Meinungsverschiedenheiten \u00fcber den langfristigen Haushalt bringen die EU in eine schwierige Lage."},"content":{"rendered":"<p>Am 16. Juni lehnte das Europ\u00e4ische Parlament (EP) den von den Mitgliedstaaten vorgeschlagenen Entwurf des langfristigen Haushaltsplans f\u00fcr die Europ\u00e4ische Union (EU) f\u00fcr den Zeitraum 2028-2034 ab und argumentierte, dass der Plan den wachsenden Ausgabenbedarf des Staatenbundes nicht erf\u00fclle.<\/p>\n<p> Auf einer Pressekonferenz in Br\u00fcssel erkl\u00e4rten die Europaabgeordneten Carla Tavares und Siegfried Mure\u0219an, das Europ\u00e4ische Parlament lehne die von Zypern, das derzeit die Ratspr\u00e4sidentschaft der Europ\u00e4ischen Union innehat, in der vergangenen Woche vorgelegten Kompromissvorschl\u00e4ge in H\u00f6he von 32,8 Milliarden Euro (rund 37,7 Milliarden US-Dollar) entschieden ab.<\/p>\n<p> Nach Ansicht europ\u00e4ischer Gesetzgeber w\u00fcrden Budgetk\u00fcrzungen den von der Europ\u00e4ischen Kommission (EK) im Juli 2025 angek\u00fcndigten Ausgabenplan in H\u00f6he von 2 Billionen Euro (rund 2,3 Billionen US-Dollar) weiter untergraben.<\/p>\n<p> Zuvor hatte das Europ\u00e4ische Parlament auch erkl\u00e4rt, dass der Vorschlag der EU-Kommission nicht ausreiche, um die Entwicklungs- und Investitionsziele des Blocks f\u00fcr die kommende Zeit zu erreichen.<\/p>\n<p> Herr Mure\u0219an betonte, dass das Europ\u00e4ische Parlament insbesondere gegen weitere K\u00fcrzungen der Mittel f\u00fcr <a class=\"data-link\" data-org-href=\"https:\/\/www.vietnam.vn\/category\/nong-nghiep\" href=\"https:\/\/www.vietnam.vn\/category\/nong-nghiep\" title=\"Landwirtschaft\" target=\"_blank\" rel=\"nofollow noopener\">Landwirtschaft<\/a> und regionale Koh\u00e4sionsfonds sei, da diese als entscheidende Instrumente zur Verringerung der Entwicklungsunterschiede zwischen den Regionen innerhalb der EU angesehen w\u00fcrden.<\/p>\n<p> Der zyprische Entwurf wird unterdessen als Kompromiss zwischen der Gruppe der L\u00e4nder, die drastische Budgetk\u00fcrzungen fordern, und der Gruppe der L\u00e4nder, die eine Erh\u00f6hung der Mittel f\u00fcr Landwirtschaft und regionale Entwicklung verlangen, angesehen.<\/p>\n<p>Das k\u00f6nnte Sie interessieren<\/p>\n<p> Das Europ\u00e4ische Parlament schlug vor, den Gesamthaushalt gegen\u00fcber dem aktuellen Plan um 10 % zu erh\u00f6hen, wobei die Erstattungen f\u00fcr das EU-Programm \u201eNext Generation\u201c von den Haushaltsberechnungen ausgenommen werden sollen.<\/p>\n<p> Es handelt sich um einen gemeinsamen Kreditfonds, der 2020 von der EU eingerichtet wurde, um <a class=\"data-link\" data-org-href=\"https:\/\/www.vietnam.vn\/category\/kinh-te\" href=\"https:\/\/www.vietnam.vn\/category\/kinh-te\" title=\"Wirtschaft\" target=\"_blank\" rel=\"nofollow noopener\">die Volkswirtschaften<\/a> der Mitgliedstaaten bei der Erholung von der COVID-19-Pandemie zu unterst\u00fctzen.<\/p>\n<p> Das Europ\u00e4ische Parlament kritisierte den aktuellen Entwurf au\u00dferdem wegen mangelnden Ehrgeizes, da er die Schaffung zus\u00e4tzlicher Einnahmequellen f\u00fcr die EU nicht ausreichend regelt. <\/p>\n<p> Laut Frau Tavares muss der Block neue Einnahmequellen auf EU-Ebene erschlie\u00dfen, um die Ressourcen f\u00fcr k\u00fcnftige Priorit\u00e4ten zu sichern.<\/p>\n<p> Die Haushaltsverhandlungen begannen im Juli 2025, als die EU-Kommission einen neuen Haushaltsvorschlag mit Priorit\u00e4ten wie dem Wettbewerbsfonds, dem Programm Global Europe und dem Horizontfonds f\u00fcr Forschung und Innovation bekannt gab.<\/p>\n<p> Der zyprische Vorschlagsentwurf dient als Grundlage f\u00fcr die Diskussionen der EU-Staats- und Regierungschefs beim Gipfeltreffen in Br\u00fcssel am 18. und 19. Juni.<\/p>\n<p>Das k\u00f6nnte Sie interessieren<\/p>\n<p>\u200b <\/p>\n<p>\u200b<\/p>\n<p class=\"mb-0\"> Quelle: https:\/\/www.vietnamplus.vn\/bat-dong-ve-ngan-sach-dai-han-day-eu-vao-the-kho-post1117048.vnp<\/p>\n","protected":false},"excerpt":{"rendered":"Am 16. Juni lehnte das Europ\u00e4ische Parlament (EP) den von den Mitgliedstaaten vorgeschlagenen Entwurf des langfristigen Haushaltsplans f\u00fcr&hellip;\n","protected":false},"author":2,"featured_media":1097980,"comment_status":"","ping_status":"","sticky":false,"template":"","format":"standard","meta":{"footnotes":"","_share_on_mastodon":"0"},"categories":[3933],"tags":[331,332,233292,548,102556,663,158,3934,3935,13,14,15,12],"class_list":["post-1100903","post","type-post","status-publish","format-standard","has-post-thumbnail","category-eu","tag-aktuelle-nachrichten","tag-aktuelle-news","tag-budgetkuerzungen","tag-eu","tag-eu-wirtschaft","tag-europa","tag-europaeische-union","tag-europe","tag-european-union","tag-headlines","tag-nachrichten","tag-news","tag-schlagzeilen"],"share_on_mastodon":{"url":"https:\/\/pubeurope.com\/@de\/116765126540251810","error":""},"_links":{"self":[{"href":"https:\/\/www.europesays.com\/de\/wp-json\/wp\/v2\/posts\/1100903","targetHints":{"allow":["GET"]}}],"collection":[{"href":"https:\/\/www.europesays.com\/de\/wp-json\/wp\/v2\/posts"}],"about":[{"href":"https:\/\/www.europesays.com\/de\/wp-json\/wp\/v2\/types\/post"}],"author":[{"embeddable":true,"href":"https:\/\/www.europesays.com\/de\/wp-json\/wp\/v2\/users\/2"}],"replies":[{"embeddable":true,"href":"https:\/\/www.europesays.com\/de\/wp-json\/wp\/v2\/comments?post=1100903"}],"version-history":[{"count":0,"href":"https:\/\/www.europesays.com\/de\/wp-json\/wp\/v2\/posts\/1100903\/revisions"}],"wp:featuredmedia":[{"embeddable":true,"href":"https:\/\/www.europesays.com\/de\/wp-json\/wp\/v2\/media\/1097980"}],"wp:attachment":[{"href":"https:\/\/www.europesays.com\/de\/wp-json\/wp\/v2\/media?parent=1100903"}],"wp:term":[{"taxonomy":"category","embeddable":true,"href":"https:\/\/www.europesays.com\/de\/wp-json\/wp\/v2\/categories?post=1100903"},{"taxonomy":"post_tag","embeddable":true,"href":"https:\/\/www.europesays.com\/de\/wp-json\/wp\/v2\/tags?post=1100903"}],"curies":[{"name":"wp","href":"https:\/\/api.w.org\/{rel}","templated":true}]}}