{"id":1100943,"date":"2026-06-17T11:28:17","date_gmt":"2026-06-17T11:28:17","guid":{"rendered":"https:\/\/www.europesays.com\/de\/1100943\/"},"modified":"2026-06-17T11:28:17","modified_gmt":"2026-06-17T11:28:17","slug":"stuttgarter-polizei-sucht-zeugen-frau-bedroht-beraubt-und-erpresst-internetbekanntschaft","status":"publish","type":"post","link":"https:\/\/www.europesays.com\/de\/1100943\/","title":{"rendered":"Stuttgarter Polizei sucht Zeugen: Frau bedroht, beraubt und erpresst Internetbekanntschaft"},"content":{"rendered":"<p>\t\t\t\t\t\t\t\t\t\t\t\t\t\t\t\t\t\t\t\t\t\t\t\t\t\t\t\t      \t\t            \t\t             \t\t\t\t   \t\t\t\t\t   <img decoding=\"async\" id=\"article-image\" fetchpriority=\"high\" alt=\"Stuttgarter Polizei sucht Zeugen: Frau bedroht, beraubt und erpresst Internetbekanntschaft\" title=\"Stuttgarter Polizei sucht Zeugen: Frau bedroht, beraubt und erpresst Internetbekanntschaft\" src=\"https:\/\/www.europesays.com\/de\/wp-content\/uploads\/2026\/06\/media.media.a9635216-a26a-4ba7-bf03-1046d2be2c52.16x9_700.jpg\" data-linkto=\"https:\/\/www.stuttgarter-nachrichten.de\/javascript:void(0);\"\/>\t\t\t\t\t\t\t\t\t\t\t\t\t\t\t\t\t\t\t\t\t\t\t\tDie Polizei sucht Zeugen. (Symbolbild)\u00a0Foto: Marijan Murat\/dpa\t\t\t<\/p>\n<p>Ein 21-J\u00e4hriger lernt eine junge Frau im Internet kennen. Das Treffen der beiden l\u00e4uft dann allerdings sehr schlecht f\u00fcr den Mann \u2013 er wird bedroht, beraubt und erpresst.<\/p>\n<p> Eine bislang unbekannte T\u00e4terin hat am Montagabend in der Marienstra\u00dfe in <a href=\"https:\/\/www.stuttgarter-nachrichten.de\/thema\/Stuttgart-Mitte\" title=\"Stuttgart-Mitte\" class=\"art_thema\" rel=\"nofollow noopener\" target=\"_blank\">Stuttgart-Mitte<\/a> einen 21 Jahre alten Mann beraubt, bedroht und erpresst. Der junge Mann hatte die Frau kurz zuvor \u00fcber das Internet kennengelernt. Die <a href=\"https:\/\/www.stuttgarter-nachrichten.de\/thema\/Polizei\" title=\"Polizei\" class=\"art_thema\" rel=\"nofollow noopener\" target=\"_blank\">Polizei<\/a> sucht nun nach Zeugen.<\/p>\n<p>Wie die Beamten berichten, verabredete sich der 21-J\u00e4hrige gegen 20 Uhr in der Marienstra\u00dfe mit der Frau. Dabei bat die Unbekannte den Mann um Geld, woraufhin er ihr 80 Euro \u00fcbergab. Die T\u00e4terin forderte weiteres Geld und zog dem Mann dabei das Smartphone aus der Jackentasche. Au\u00dferdem bedrohte und erpresste sie den Mann. Der 21-J\u00e4hrige ergriff daraufhin die Flucht und erstattete Anzeige bei der Polizei.<\/p>\n<p> Die unbekannte T\u00e4terin war circa 18 bis 20 Jahre alt und etwa 1,76 Meter gro\u00df. Sie hatte eine kr\u00e4ftige Statur und rot-schwarze, lange glatte Haare. N\u00e4here Informationen zu den Hintergr\u00fcnden der Tat liegen der Polizei zum gegenw\u00e4rtigen Zeitpunkt nicht vor. Zeugen werden gebeten, sich unter der Rufnummer 0711\/8990-5778 bei der Kriminalpolizei zu melden.<\/p>\n","protected":false},"excerpt":{"rendered":"Die Polizei sucht Zeugen. (Symbolbild)\u00a0Foto: Marijan Murat\/dpa Ein 21-J\u00e4hriger lernt eine junge Frau im Internet kennen. Das Treffen&hellip;\n","protected":false},"author":2,"featured_media":1100944,"comment_status":"","ping_status":"","sticky":false,"template":"","format":"standard","meta":{"footnotes":"","_share_on_mastodon":"0"},"categories":[1830],"tags":[1634,3364,29,30,121,8248,1441,18960],"class_list":["post-1100943","post","type-post","status-publish","format-standard","has-post-thumbnail","category-stuttgart","tag-baden-wuerttemberg","tag-de","tag-deutschland","tag-germany","tag-polizei","tag-polizeibericht-stuttgart","tag-stuttgart","tag-stuttgart-mitte"],"share_on_mastodon":{"url":"https:\/\/pubeurope.com\/@de\/116765217984476811","error":""},"_links":{"self":[{"href":"https:\/\/www.europesays.com\/de\/wp-json\/wp\/v2\/posts\/1100943","targetHints":{"allow":["GET"]}}],"collection":[{"href":"https:\/\/www.europesays.com\/de\/wp-json\/wp\/v2\/posts"}],"about":[{"href":"https:\/\/www.europesays.com\/de\/wp-json\/wp\/v2\/types\/post"}],"author":[{"embeddable":true,"href":"https:\/\/www.europesays.com\/de\/wp-json\/wp\/v2\/users\/2"}],"replies":[{"embeddable":true,"href":"https:\/\/www.europesays.com\/de\/wp-json\/wp\/v2\/comments?post=1100943"}],"version-history":[{"count":0,"href":"https:\/\/www.europesays.com\/de\/wp-json\/wp\/v2\/posts\/1100943\/revisions"}],"wp:featuredmedia":[{"embeddable":true,"href":"https:\/\/www.europesays.com\/de\/wp-json\/wp\/v2\/media\/1100944"}],"wp:attachment":[{"href":"https:\/\/www.europesays.com\/de\/wp-json\/wp\/v2\/media?parent=1100943"}],"wp:term":[{"taxonomy":"category","embeddable":true,"href":"https:\/\/www.europesays.com\/de\/wp-json\/wp\/v2\/categories?post=1100943"},{"taxonomy":"post_tag","embeddable":true,"href":"https:\/\/www.europesays.com\/de\/wp-json\/wp\/v2\/tags?post=1100943"}],"curies":[{"name":"wp","href":"https:\/\/api.w.org\/{rel}","templated":true}]}}