{"id":1101152,"date":"2026-06-17T13:25:19","date_gmt":"2026-06-17T13:25:19","guid":{"rendered":"https:\/\/www.europesays.com\/de\/1101152\/"},"modified":"2026-06-17T13:25:19","modified_gmt":"2026-06-17T13:25:19","slug":"raser-in-moenchengladbach-erwischt-mit-85-km-h-durch-die-50er-zone","status":"publish","type":"post","link":"https:\/\/www.europesays.com\/de\/1101152\/","title":{"rendered":"Raser in M\u00f6nchengladbach erwischt: Mit 85 km\/h durch die 50er-Zone"},"content":{"rendered":"<p class=\"text_ohne_einzug richtext text-em-55 !leading-serif mx-6 desktop:mx-0\">Insgesamt 29-mal sind Autofahrer der <a href=\"https:\/\/rp-online.de\/thema\/polizei\/\" rel=\"nofollow noopener\" target=\"_blank\">Polizei<\/a> bei Geschwindigkeitskontrollen ins Netz gegangen. Wie die Beamten am Mittwoch, 17. Juni, mitteilen, fand am Montag, 15. Juni, ein Schwerpunkteinsatz als Teil des Konzepts \u201eBrennpunkte, Angstr\u00e4ume und Beschwerdestellen\u201c (BAB) statt.<\/p>\n<p class=\"richtext text-em-55 !leading-serif mx-6 desktop:mx-0\">An zwei Stellen, zu denen zuvor B\u00fcrgerhinweise eingegangen waren, positionierten sich Einsatzkr\u00e4fte zwischen 10 und 18 Uhr: am Math.-Nat.-Gymnasium an der Rheydter Stra\u00dfe im Bereich der Bushaltestelle und an der Schlachthofstra\u00dfe auf H\u00f6he des Berufskollegs Rheydt-M\u00fclfort.<\/p>\n<p class=\"richtext text-em-55 !leading-serif mx-6 desktop:mx-0\">Von den 29 Verst\u00f6\u00dfen hatten 25 ein Verwarngeld zur Folge. Zwei Fahrer erwartet eine Anzeige wegen Ordnungswidrigkeit, zwei weitere wegen fehlender Versicherung. An der Schlachthofstra\u00dfe wurden acht Geschwindigkeits\u00fcberschreitungen festgestellt, f\u00fcnf davon im Bereich des Verwarngeldes, drei im Bereich einer Ordnungswidrigkeit. Eine Polizeisprecherin teilt auf Anfrage die h\u00f6chsten Verst\u00f6\u00dfe mit: An der Rheydter Stra\u00dfe fuhr eine Person 55 km\/h, obwohl Tempo 30 gilt. An der Schlachthofstra\u00dfe (Tempo 50) war jemand sogar mit 85 km\/h unterwegs.<\/p>\n<p class=\"richtext text-em-55 !leading-serif mx-6 desktop:mx-0\">Zu weiteren geahndeten Verst\u00f6\u00dfen z\u00e4hlten Strafanzeigen wegen Fahren ohne Pflichtversicherung oder F\u00fchrerschein sowie Handynutzung am Steuer. B\u00fcrgerinnen und B\u00fcrger k\u00f6nnen Hinweise zu verd\u00e4chtigen Beobachtungen jederzeit unter der Nummer 02161\u2005290 melden. Auch allgemeine Hinweise zu Beschwerdestellen nimmt die Polizei entgegen, via E-Mail an Poststelle.Moenchengladbach@polizei.nrw.de.<\/p>\n","protected":false},"excerpt":{"rendered":"Insgesamt 29-mal sind Autofahrer der Polizei bei Geschwindigkeitskontrollen ins Netz gegangen. Wie die Beamten am Mittwoch, 17. Juni,&hellip;\n","protected":false},"author":2,"featured_media":1101153,"comment_status":"","ping_status":"","sticky":false,"template":"","format":"standard","meta":{"footnotes":"","_share_on_mastodon":"0"},"categories":[1849],"tags":[4152,18412,96286,12612,233387,3364,29,51932,548,663,3934,88512,30,11533,7613,61824,13,14996,4455,14,15,1209,29330,158969,12,524,11634,233386],"class_list":["post-1101152","post","type-post","status-publish","format-standard","has-post-thumbnail","category-moenchengladbach","tag-acht","tag-bereich","tag-beschwerdestellen","tag-buerger","tag-buergerhinweise","tag-de","tag-deutschland","tag-eingegangen","tag-eu","tag-europa","tag-europe","tag-gegangen","tag-germany","tag-geschwindigkeit","tag-geschwindigkeitskontrollen","tag-geschwindigkeitsueberschreitungen","tag-headlines","tag-hinweise","tag-moenchengladbach","tag-nachrichten","tag-news","tag-nordrhein-westfalen","tag-rheydt","tag-schlachthofstrasse","tag-schlagzeilen","tag-strasse","tag-tempo","tag-verwarngeld"],"share_on_mastodon":{"url":"","error":""},"_links":{"self":[{"href":"https:\/\/www.europesays.com\/de\/wp-json\/wp\/v2\/posts\/1101152","targetHints":{"allow":["GET"]}}],"collection":[{"href":"https:\/\/www.europesays.com\/de\/wp-json\/wp\/v2\/posts"}],"about":[{"href":"https:\/\/www.europesays.com\/de\/wp-json\/wp\/v2\/types\/post"}],"author":[{"embeddable":true,"href":"https:\/\/www.europesays.com\/de\/wp-json\/wp\/v2\/users\/2"}],"replies":[{"embeddable":true,"href":"https:\/\/www.europesays.com\/de\/wp-json\/wp\/v2\/comments?post=1101152"}],"version-history":[{"count":0,"href":"https:\/\/www.europesays.com\/de\/wp-json\/wp\/v2\/posts\/1101152\/revisions"}],"wp:featuredmedia":[{"embeddable":true,"href":"https:\/\/www.europesays.com\/de\/wp-json\/wp\/v2\/media\/1101153"}],"wp:attachment":[{"href":"https:\/\/www.europesays.com\/de\/wp-json\/wp\/v2\/media?parent=1101152"}],"wp:term":[{"taxonomy":"category","embeddable":true,"href":"https:\/\/www.europesays.com\/de\/wp-json\/wp\/v2\/categories?post=1101152"},{"taxonomy":"post_tag","embeddable":true,"href":"https:\/\/www.europesays.com\/de\/wp-json\/wp\/v2\/tags?post=1101152"}],"curies":[{"name":"wp","href":"https:\/\/api.w.org\/{rel}","templated":true}]}}