{"id":1101223,"date":"2026-06-17T14:06:22","date_gmt":"2026-06-17T14:06:22","guid":{"rendered":"https:\/\/www.europesays.com\/de\/1101223\/"},"modified":"2026-06-17T14:06:22","modified_gmt":"2026-06-17T14:06:22","slug":"wenn-das-telefon-schweigt-kann-ki-bei-einsamkeit-im-alter-helfen-gespraech-mit-colin-grahm-von-carevoice-%c2%b7-leipziger-zeitung","status":"publish","type":"post","link":"https:\/\/www.europesays.com\/de\/1101223\/","title":{"rendered":"Wenn das Telefon schweigt: Kann KI bei Einsamkeit im Alter helfen? Gespr\u00e4ch mit Colin Grahm von CareVoice \u00b7 Leipziger Zeitung"},"content":{"rendered":"<p>Es beginnt oft schleichend. Die Kinder ziehen in eine andere Stadt, Freunde werden weniger, der Partner verstirbt oder die Mobilit\u00e4t nimmt ab. Was bleibt, sind h\u00e4ufig lange Tage mit wenigen sozialen Kontakten. F\u00fcr viele \u00e4ltere Menschen geh\u00f6rt Einsamkeit inzwischen zum Alltag.<\/p>\n<p>So begann eine Mail, welche uns nach dem MACHN-Festival erreichte. Das Leipziger Startup CareVoice und wir waren wohl aneinander vorbeigelaufen, also suchten sie den Kontakt per Mail.<\/p>\n<p>\u00dcber die Herausforderungen die mit der Einsamkeit, nicht nur im Alter, entstehen besonders die psychischen und gesundheitlichen Problemlagen haben wir im <a href=\"https:\/\/www.l-iz.de\/leben\/gesundheit\/2025\/10\/einsamkeit-was-ist-das-und-gibt-es-eine-epidemie-gespraech-mit-professorin-riedel-heller-teil-1-637012\" target=\"_blank\" rel=\"noopener nofollow\">Oktober 2025 mit Frau Professor Riedel-Heller<\/a> vom Universit\u00e4tsklinikum Leipzig gesprochen, das Thema war f\u00fcr uns also nicht neu. <img decoding=\"async\" src=\"https:\/\/www.europesays.com\/de\/wp-content\/uploads\/2026\/06\/11dba04386624a19a8d5d42b176bcb23.gif\" alt=\"\" width=\"https:\/\/www.l-iz.de\/wirtschaft\/firmenwelt\/2026\/06\/1\" height=\"https:\/\/www.l-iz.de\/wirtschaft\/firmenwelt\/2026\/06\/1\"\/><\/p>\n<p>Was macht CareVoice und wie soll KI gegen Alterseinsamkeit helfen k\u00f6nnen? Wir nahmen Kontakt mit Colin Grahm, einem der Gr\u00fcnder, auf und trafen uns zum Gespr\u00e4ch.<br \/>Ein Auszug aus dem Schreiben sei vorangestellt: \u201eIn Leipzig arbeitet das junge Unternehmen CareVoice an einer solchen L\u00f6sung. Mit dem Telefonservice \u201ehallo Helga\u201c sollen \u00e4ltere Menschen regelm\u00e4\u00dfig Anrufe erhalten und Gespr\u00e4che mit einer KI-gest\u00fctzten Gespr\u00e4chspartnerin f\u00fchren k\u00f6nnen. Ziel ist nicht die Ersetzung menschlicher Kontakte, sondern ein zus\u00e4tzliches Gespr\u00e4chsangebot f\u00fcr Zeiten, in denen Angeh\u00f6rige, Freunde oder Nachbarn gerade nicht erreichbar sind. Die Idee dahinter ist einfach: W\u00e4hrend Smartphones, Apps und Videokonferenzen f\u00fcr viele \u00e4ltere Menschen H\u00fcrden darstellen, bleibt das Telefon ein vertrautes Medium. Ein Anruf ben\u00f6tigt keine neue Technik, keine Installation und keine Schulung.\u201c<\/p>\n<p><img loading=\"lazy\" decoding=\"async\" class=\"size-full wp-image-660731\" src=\"https:\/\/www.europesays.com\/de\/wp-content\/uploads\/2026\/06\/Jonas-Paul-und-Colin-Grahm-beim-MACHN-Festival.-Foto-CareVoice.jpeg\" alt=\"\" width=\"1600\" height=\"1066\"  \/>Zwei der G\u00fcnder von CareVoice Jonas Paul und Colin Grahm beim MACHN Festival. Foto: CareVoice<br \/>\nDas Gespr\u00e4ch<\/p>\n<p><b>Herr Grahm, Sie sind Webdesigner und Mitgr\u00fcnder der Firma CareVoice GmbH. Sie bieten das Produkt \u201ehallo Helga\u201c an, wer ist Helga?<\/b><\/p>\n<p>Helga ist urspr\u00fcnglich die Oma von einem meiner Mitgr\u00fcnder. Die haben wir digitalisiert und stellen sie f\u00fcr Seniorinnen und Senioren bereit.<\/p>\n<p><b>Kann man Helga anrufen, wenn man sich einsam f\u00fchlt?<\/b><\/p>\n<p>Urspr\u00fcnglich war angedacht, dass man sie anrufen kann. Das gestaltete sich aber technisch schwierig. Deswegen bieten wir jetzt an, dass Helga die Leute anruft. Also, Angeh\u00f6rige der Senioren buchen das vorher \u00fcber unsere Online-Plattform.<\/p>\n<p><b>Nehmen wir an, ich habe eine Mutter namens Renate. Ich wohne weit weg von ihr und kann sie nicht oft besuchen, zeitlich ist anrufen auch schwierig, dann buche ich bei Ihnen und sage: Renate soll an x Tagen um 18.00 angerufen werden. Dann ruft Helga an und wenn Renate nicht rangeht versucht sie es sp\u00e4ter nochmal?<\/b><\/p>\n<p>Daran, an der Wahlwiederholung, arbeiten wir gerade, das hat sich mit unseren aktuellen Partnern schwierig gestaltet. Deswegen wird das gerade eingebunden, ist aber innerhalb der n\u00e4chsten paar Wochen auf jeden Fall dabei.<\/p>\n<p><b>Helga ist eine KI, ein Large Language Model, sie ruft also Renate an und sagt \u201eHallo Renate, hier ist Helga wie geht es Dir?\u201c Dann baut sich ein Gespr\u00e4ch auf, indem sie darauf regiert, was Renate sagt. Soll das einen pers\u00f6nlichen Kontakt simulieren?<\/b><\/p>\n<p>Mir immer sehr wichtig zu betonen, dass wir niemanden ersetzen wollen, weder privat noch in der Pflege. Wir wollen wirklich nur unterst\u00fctzend wirken und das rausholen, was der Angeh\u00f6rige aktuell eben nicht kann aufgrund von Arbeit, Kindern, Wohnorten und anderem. Helga sagt auch auf Nachfrage, dass sie eine KI ist.<\/p>\n<p><b>Renate gibt ja im Gespr\u00e4ch eventuell viel von sich preis. Sie sagt, was sie besch\u00e4ftigt, was sie macht und es entstehen viele Daten, auch personenbezogene. Was passiert mit denen?<\/b><\/p>\n<p>Wir sind sehr darauf bedacht den Datenschutz extrem ernst zu nehmen. Man kann nat\u00fcrlich frei entscheiden, was man von vornherein preisgibt. Wir haben ja diese Plattform, wo der Auftraggeber die Hobbys reinschreiben kann, die Biografie. Da kann nat\u00fcrlich jeder selber entscheiden, was reinkommt. Alle Daten bleiben dann auch in der EU, wir arbeiten DSGVO-konform.<\/p>\n<p><b>Der Server steht also in der EU, Helga ist ein KI-Chatbot auf Grundlage eines LLM. Wird mit den entstehenden Daten eine KI von OpenAI oder sonst wem trainiert, oder handelt es sich um ein lokales LLM?<\/b><\/p>\n<p>Es ist ein lokales Model, welches auf einem Server in \u00d6sterreich, also in der EU, l\u00e4uft.<\/p>\n<p><b>Bekommt der Auftraggeber eine Information, wenn ein Gespr\u00e4ch aus dem Ruder l\u00e4uft, wenn also beispielsweise Selbstmordgedanken ge\u00e4u\u00dfert werden?<\/b><\/p>\n<p>Urspr\u00fcnglich war geplant, dass Helga Informationen an den Angeh\u00f6rigen schickt. Das ist aber aus datenschutztechnischen Gr\u00fcnden nicht machbar. Woran wir jetzt arbeiten ist, dass der Auftraggeber eine WhatsApp-Nachricht oder SMS erh\u00e4lt, etwa mit dem Inhalt: Es gibt Problem, schauen Sie pers\u00f6nlich nach.<\/p>\n<p><b>Haben Sie das System schon getestet, also mit potenziellen Probanden?<\/b><\/p>\n<p>Helga wurde bereits von einzelnen Seniorinnen und Senioren getestet. Wir selbst haben Tests auf die Spitze getrieben und verr\u00fcckteste Szenarios simuliert.<\/p>\n<p><b>Wann soll das Ganze an den Start gehen?<\/b><\/p>\n<p>Wir sind Live und jeder kann Helga nutzen. Die interne Testphase f\u00fcr unseren Proof of Concept l\u00e4uft aber weiter. Wir testen wie das Produkt vom Markt angenommen wird.<\/p>\n<p><b>Das Ganze kostet f\u00fcr den Auftraggeber selbstverst\u00e4ndlich Geld, wie wird das abgerechnet?<\/b><\/p>\n<p>Es ist ein flexibles Abo-Modell, man kann t\u00e4glich, mehrmals in der Woche, w\u00f6chentlich oder in einem anderen Turnus buchen. Die Preise finden Sie auf <a href=\"https:\/\/hallo-helga.com\/\" target=\"_blank\" rel=\"noopener nofollow\">unserer Webseite<\/a>.<\/p>\n<p><b>Herr Grahm, ich bedanke mich f\u00fcr das Gespr\u00e4ch.<\/b><\/p>\n<p>Die in der \u00dcberschrift gestellte Frage: \u201eKann KI bei Einsamkeit im Alter helfen?\u201c, l\u00e4sst sich auch nach dem Gespr\u00e4ch nicht eindeutig beantworten. Der Chatbot \u201ehallo Helga\u201c ist ein Versuch die Einsamkeit f\u00fcr alte Menschen etwas ertr\u00e4glicher zu machen. Behutsam angewandt, mit wenigen Gespr\u00e4chen, wenn ein pers\u00f6nlicher Kontakt wirklich nicht m\u00f6glich ist, kann der \u201evirtuelle Gespr\u00e4chspartner\u201c, meines Erachtens, hilfreich sein. Wenn \u201ehallo Helga\u201c aber angewendet wird, um den pers\u00f6nlichen Kontakt komplett zu ersetzen, was nicht im Sinne der Gr\u00fcnder ist, dann sehe ich das kritisch.<\/p>\n<p>Ich werde dazu mit Frau Professor Riedel-Heller Kontakt aufnehmen, ihre Expertise einholen und weiter berichten.<\/p>\n","protected":false},"excerpt":{"rendered":"Es beginnt oft schleichend. Die Kinder ziehen in eine andere Stadt, Freunde werden weniger, der Partner verstirbt oder&hellip;\n","protected":false},"author":2,"featured_media":1101224,"comment_status":"","ping_status":"","sticky":false,"template":"","format":"standard","meta":{"footnotes":"","_share_on_mastodon":"0"},"categories":[1832],"tags":[12296,1743,3364,29,13112,30,2134,671,71,228192,859,6583],"class_list":["post-1101223","post","type-post","status-publish","format-standard","has-post-thumbnail","category-leipzig","tag-chatbot","tag-datenschutz","tag-de","tag-deutschland","tag-einsamkeit","tag-germany","tag-interview","tag-ki","tag-leipzig","tag-machn","tag-sachsen","tag-senioren"],"share_on_mastodon":{"url":"https:\/\/pubeurope.com\/@de\/116765839832475616","error":""},"_links":{"self":[{"href":"https:\/\/www.europesays.com\/de\/wp-json\/wp\/v2\/posts\/1101223","targetHints":{"allow":["GET"]}}],"collection":[{"href":"https:\/\/www.europesays.com\/de\/wp-json\/wp\/v2\/posts"}],"about":[{"href":"https:\/\/www.europesays.com\/de\/wp-json\/wp\/v2\/types\/post"}],"author":[{"embeddable":true,"href":"https:\/\/www.europesays.com\/de\/wp-json\/wp\/v2\/users\/2"}],"replies":[{"embeddable":true,"href":"https:\/\/www.europesays.com\/de\/wp-json\/wp\/v2\/comments?post=1101223"}],"version-history":[{"count":0,"href":"https:\/\/www.europesays.com\/de\/wp-json\/wp\/v2\/posts\/1101223\/revisions"}],"wp:featuredmedia":[{"embeddable":true,"href":"https:\/\/www.europesays.com\/de\/wp-json\/wp\/v2\/media\/1101224"}],"wp:attachment":[{"href":"https:\/\/www.europesays.com\/de\/wp-json\/wp\/v2\/media?parent=1101223"}],"wp:term":[{"taxonomy":"category","embeddable":true,"href":"https:\/\/www.europesays.com\/de\/wp-json\/wp\/v2\/categories?post=1101223"},{"taxonomy":"post_tag","embeddable":true,"href":"https:\/\/www.europesays.com\/de\/wp-json\/wp\/v2\/tags?post=1101223"}],"curies":[{"name":"wp","href":"https:\/\/api.w.org\/{rel}","templated":true}]}}