{"id":1101287,"date":"2026-06-17T14:40:14","date_gmt":"2026-06-17T14:40:14","guid":{"rendered":"https:\/\/www.europesays.com\/de\/1101287\/"},"modified":"2026-06-17T14:40:14","modified_gmt":"2026-06-17T14:40:14","slug":"stadt-halle-beteiligt-sich-am-aktionstag-kommunen-am-limit-hallespektrum-de","status":"publish","type":"post","link":"https:\/\/www.europesays.com\/de\/1101287\/","title":{"rendered":"Stadt Halle beteiligt sich am Aktionstag \u201eKommunen am Limit\u201c &#8211; HalleSpektrum.de"},"content":{"rendered":"<p>\n\t\t\t17. Juni 2026\t\t<\/p>\n<p>Wenn am Montag, dem 22. Juni 2026, der Marktplatz im Herzen der Stadt erwacht, wird er mehr sein als ein Ort des Alltags: Er wird B\u00fchne eines bundesweiten Mahnrufs. Die Stadt Halle (Saale) schlie\u00dft sich dem Aktionstag \u201eKommunen am Limit\u201c an, mit dem St\u00e4dte, Landkreise und Gemeinden in ganz Deutschland auf ihre zunehmend angespannte Finanzlage aufmerksam machen.<\/p>\n<p>Die kommunalen Spitzenverb\u00e4nde \u2013 Deutscher St\u00e4dtetag, Deutscher Landkreistag und Deutscher St\u00e4dte- und Gemeindebund \u2013 haben gemeinsam zu diesem Tag aufgerufen. Ihr Anliegen ist deutlich: Bund und L\u00e4nder sollen endlich entschlossene Schritte unternehmen, um die strukturelle Finanzkrise der Kommunen wirksam zu \u00fcberwinden.<\/p>\n<p>Um 11 Uhr er\u00f6ffnet Oberb\u00fcrgermeister Dr. Alexander Vogt auf dem Marktplatz die Veranstaltung. Im Anschluss werden auch die Beigeordneten die Folgen der aktuellen Haushaltslage erl\u00e4utern. Im gesamten Stadtgebiet beteiligen sich dar\u00fcber hinaus Einrichtungen und Institutionen, die unter den finanziellen Rahmenbedingungen zunehmend unter Druck geraten \u2013 darunter kommunale Angebote ebenso wie freie Tr\u00e4ger, deren Arbeit f\u00fcr das gesellschaftliche Gef\u00fcge unverzichtbar ist.<\/p>\n<p>Die kommunale Finanzlage hat sich bundesweit dramatisch zugespitzt. F\u00fcr das Jahr 2025 wird ein Defizit von rund 30 Milliarden Euro verzeichnet \u2013 ein historischer H\u00f6chststand. Die Auswirkungen reichen tief in den Alltag der B\u00fcrgerinnen und B\u00fcrger: Stra\u00dfenunterhaltung, Kultur- und Sportangebote, Bibliotheken, Schwimmb\u00e4der, \u00f6ffentlicher Nahverkehr sowie soziale Dienste stehen vielerorts unter erheblichem Druck.<\/p>\n<p>Oberb\u00fcrgermeister Dr. Alexander Vogt bringt es auf den Punkt: Die St\u00e4dte und Gemeinden seien die Herzkammer der Demokratie. Hier zeige sich im unmittelbaren Leben der Menschen, ob staatliches Handeln tr\u00e4gt oder nicht. Die finanzielle Enge mindere jedoch zunehmend die Handlungskraft der Kommunen \u2013 mit sp\u00fcrbaren Folgen f\u00fcr die Lebensqualit\u00e4t vor Ort.<\/p>\n<p>Die Forderungen der Kommunen richten sich daher klar an Bund und L\u00e4nder. Das bestehende Finanzierungsdefizit m\u00fcsse vollst\u00e4ndig geschlossen werden \u2013 etwa durch Soforthilfen, eine st\u00e4rkere Beteiligung der Kommunen an den Gemeinschaftssteuern sowie durch Reformen der sozialen Sicherungssysteme. Zudem gelte uneingeschr\u00e4nkt der Grundsatz: Wer Aufgaben \u00fcbertr\u00e4gt, muss auch f\u00fcr deren Finanzierung aufkommen \u2013 verl\u00e4sslich, vollst\u00e4ndig und dynamisiert.<\/p>\n","protected":false},"excerpt":{"rendered":"17. Juni 2026 Wenn am Montag, dem 22. Juni 2026, der Marktplatz im Herzen der Stadt erwacht, wird&hellip;\n","protected":false},"author":2,"featured_media":1101288,"comment_status":"","ping_status":"","sticky":false,"template":"","format":"standard","meta":{"footnotes":"","_share_on_mastodon":"0"},"categories":[1860],"tags":[224883,3364,29,548,663,3934,30,4062,17332,50648,13,233429,233430,14,15,17331,860,12],"class_list":["post-1101287","post","type-post","status-publish","format-standard","has-post-thumbnail","category-halle-saale","tag-daseinsvorsorge","tag-de","tag-deutschland","tag-eu","tag-europa","tag-europe","tag-germany","tag-halle","tag-halle-saale","tag-haushaltskrise","tag-headlines","tag-kommunale-finanzen","tag-kommunale-infrastruktur","tag-nachrichten","tag-news","tag-saale","tag-sachsen-anhalt","tag-schlagzeilen"],"share_on_mastodon":{"url":"https:\/\/pubeurope.com\/@de\/116765971493240413","error":""},"_links":{"self":[{"href":"https:\/\/www.europesays.com\/de\/wp-json\/wp\/v2\/posts\/1101287","targetHints":{"allow":["GET"]}}],"collection":[{"href":"https:\/\/www.europesays.com\/de\/wp-json\/wp\/v2\/posts"}],"about":[{"href":"https:\/\/www.europesays.com\/de\/wp-json\/wp\/v2\/types\/post"}],"author":[{"embeddable":true,"href":"https:\/\/www.europesays.com\/de\/wp-json\/wp\/v2\/users\/2"}],"replies":[{"embeddable":true,"href":"https:\/\/www.europesays.com\/de\/wp-json\/wp\/v2\/comments?post=1101287"}],"version-history":[{"count":0,"href":"https:\/\/www.europesays.com\/de\/wp-json\/wp\/v2\/posts\/1101287\/revisions"}],"wp:featuredmedia":[{"embeddable":true,"href":"https:\/\/www.europesays.com\/de\/wp-json\/wp\/v2\/media\/1101288"}],"wp:attachment":[{"href":"https:\/\/www.europesays.com\/de\/wp-json\/wp\/v2\/media?parent=1101287"}],"wp:term":[{"taxonomy":"category","embeddable":true,"href":"https:\/\/www.europesays.com\/de\/wp-json\/wp\/v2\/categories?post=1101287"},{"taxonomy":"post_tag","embeddable":true,"href":"https:\/\/www.europesays.com\/de\/wp-json\/wp\/v2\/tags?post=1101287"}],"curies":[{"name":"wp","href":"https:\/\/api.w.org\/{rel}","templated":true}]}}