{"id":1101306,"date":"2026-06-17T14:51:22","date_gmt":"2026-06-17T14:51:22","guid":{"rendered":"https:\/\/www.europesays.com\/de\/1101306\/"},"modified":"2026-06-17T14:51:22","modified_gmt":"2026-06-17T14:51:22","slug":"polizeibericht-karlsruhe-duo-nach-aufbruchversuch-an-zigarettenautomat-gefasst","status":"publish","type":"post","link":"https:\/\/www.europesays.com\/de\/1101306\/","title":{"rendered":"Polizeibericht Karlsruhe Duo nach Aufbruchversuch an Zigarettenautomat gefasst"},"content":{"rendered":"<p class=\"mb-6 text-xs-varying md:text-m lg:text-l font-serif group-[.font-sans]:font-sans \">\n    Laut Polizeiangaben nahmen Beamte in den fr\u00fchen Morgenstunden des Mittwochs, 17. Juni 2026, zwei Tatverd\u00e4chtige im Alter von 17 und 18 Jahren fest. Die beiden stehen im Verdacht, versucht zu haben, einen Zigarettenautomaten in der Stra\u00dfe Am Alten Bahnhof im Karlsruher Stadtteil Neureut aufzubrechen.\n  <\/p>\n<p>            Zeuge alarmiert Polizei in Karlsruhe-Neureut<\/p>\n<p class=\"mb-6 text-xs-varying md:text-m lg:text-l font-serif group-[.font-sans]:font-sans \">\n    Gegen 1.25 Uhr verst\u00e4ndigte ein aufmerksamer Zeuge die Polizei, nachdem er die beiden Verd\u00e4chtigen an dem Automaten beobachtet hatte. Die Tatverd\u00e4chtigen sollen dabei einen mutma\u00dflichen Winkelschleifer eingesetzt haben. Als die heranfahrenden Polizeistreifen in Sicht kamen, brachen die beiden ihr Vorhaben ab und fl\u00fcchteten gemeinsam auf einem E-Scooter in Richtung Welschneureuter Stra\u00dfe.\n  <\/p>\n<p>            Tatverd\u00e4chtige st\u00fcrzen mit E-Scooter auf der Flucht<\/p>\n<p class=\"mb-6 text-xs-varying md:text-m lg:text-l font-serif group-[.font-sans]:font-sans \">\n    An einem Bahn\u00fcbergang kamen die Verd\u00e4chtigen mutma\u00dflich aufgrund eines Fahrfehlers zu Sturz und setzten ihre Flucht anschlie\u00dfend zu Fu\u00df fort. Einsatzkr\u00e4fte stellten den 18-j\u00e4hrigen Heranwachsenden kurz darauf und nahmen ihn vorl\u00e4ufig fest. Weiterf\u00fchrende Ermittlungen noch in der Nacht f\u00fchrten zur Identifizierung des 17-j\u00e4hrigen Tatverd\u00e4chtigen. Die H\u00f6he des Sachschadens an dem Automaten steht derzeit nicht fest. Die Kriminalpolizei <a href=\"https:\/\/www.ka-news.de\/karlsruhe\" target=\"_self\" class=\"underline \" rel=\"nofollow noopener\">Karlsruhe<\/a> hat die weiteren Ermittlungen \u00fcbernommen.\n  <\/p>\n<p class=\"mb-6 text-xs-varying md:text-m lg:text-l font-serif group-[.font-sans]:font-sans \">\n    Quelle: Polizei<a href=\"https:\/\/www.presseportal.de\/blaulicht\/pm\/110972\/6296498\" rel=\"nofollow noopener\" target=\"_blank\" class=\"underline \">pr\u00e4sidium Karlsruhe. Hinwei<\/a>s: Diese Meldung wurde unterst\u00fctzt von KI erstellt.\n  <\/p>\n","protected":false},"excerpt":{"rendered":"Laut Polizeiangaben nahmen Beamte in den fr\u00fchen Morgenstunden des Mittwochs, 17. Juni 2026, zwei Tatverd\u00e4chtige im Alter von&hellip;\n","protected":false},"author":2,"featured_media":1101307,"comment_status":"","ping_status":"","sticky":false,"template":"","format":"standard","meta":{"footnotes":"","_share_on_mastodon":"0"},"categories":[1844],"tags":[12559,233432,1634,3364,29,30,8903,141489,983,1256,139047,121,16116],"class_list":["post-1101306","post","type-post","status-publish","format-standard","has-post-thumbnail","category-karlsruhe","tag-automat","tag-automatenaufbruch","tag-baden-wuerttemberg","tag-de","tag-deutschland","tag-germany","tag-karlsruhe","tag-karlsruhe-neureut","tag-kripo","tag-kuenstliche-intelligenz","tag-neureut","tag-polizei","tag-zigarettenautomat"],"share_on_mastodon":{"url":"https:\/\/pubeurope.com\/@de\/116766015025101743","error":""},"_links":{"self":[{"href":"https:\/\/www.europesays.com\/de\/wp-json\/wp\/v2\/posts\/1101306","targetHints":{"allow":["GET"]}}],"collection":[{"href":"https:\/\/www.europesays.com\/de\/wp-json\/wp\/v2\/posts"}],"about":[{"href":"https:\/\/www.europesays.com\/de\/wp-json\/wp\/v2\/types\/post"}],"author":[{"embeddable":true,"href":"https:\/\/www.europesays.com\/de\/wp-json\/wp\/v2\/users\/2"}],"replies":[{"embeddable":true,"href":"https:\/\/www.europesays.com\/de\/wp-json\/wp\/v2\/comments?post=1101306"}],"version-history":[{"count":0,"href":"https:\/\/www.europesays.com\/de\/wp-json\/wp\/v2\/posts\/1101306\/revisions"}],"wp:featuredmedia":[{"embeddable":true,"href":"https:\/\/www.europesays.com\/de\/wp-json\/wp\/v2\/media\/1101307"}],"wp:attachment":[{"href":"https:\/\/www.europesays.com\/de\/wp-json\/wp\/v2\/media?parent=1101306"}],"wp:term":[{"taxonomy":"category","embeddable":true,"href":"https:\/\/www.europesays.com\/de\/wp-json\/wp\/v2\/categories?post=1101306"},{"taxonomy":"post_tag","embeddable":true,"href":"https:\/\/www.europesays.com\/de\/wp-json\/wp\/v2\/tags?post=1101306"}],"curies":[{"name":"wp","href":"https:\/\/api.w.org\/{rel}","templated":true}]}}