{"id":1101648,"date":"2026-06-17T18:03:29","date_gmt":"2026-06-17T18:03:29","guid":{"rendered":"https:\/\/www.europesays.com\/de\/1101648\/"},"modified":"2026-06-17T18:03:29","modified_gmt":"2026-06-17T18:03:29","slug":"2-bundesliga-endlich-ruhe-neue-bosse-achse-bei-dynamo-dresden-sport","status":"publish","type":"post","link":"https:\/\/www.europesays.com\/de\/1101648\/","title":{"rendered":"2. Bundesliga: Endlich Ruhe? Neue Bosse-Achse bei Dynamo Dresden | Sport"},"content":{"rendered":"<p><a class=\"skip-content skip-content--link\" href=\"#in-content-skip-link-target-v-0-0\">TTS-Player \u00fcberspringen\u21b5<\/a><a id=\"in-content-skip-link-target-v-0-0\" class=\"skip-content--target-link-hidden skip-content skip-content--target-link\" href=\"#in-content-skip-link-target-v-0-0\">Artikel weiterlesen<\/a><\/p>\n<p data-21134c99=\"0-3693\"><b>Vor einem Jahr &#8211; also direkt nach dem Aufstieg &#8211; knirschte es bei Dynamo Dresden mal wieder an allen Ecken und Enden. Umso \u00fcberraschender ist, wie stabil der Ostklub diesen Sommer aufgestellt wirkt. Erstmals seit dem Abgang von Sport-Gesch\u00e4ftsf\u00fchrer Ralf Minge 2020 scheint der Traditionsverein auf dem Weg, intern l\u00e4nger Ruhe finden zu k\u00f6nnen. Entscheidend f\u00fcr die Wende ist vor allem eine Achse im sportlichen Bereich&#8230; <\/b><\/p>\n<p data-21134c99=\"0-3693\">Denn Neu-Sportdirektor S\u00f6ren Gonther (39) hat anders als seine Vorg\u00e4nger mit Michael Born (58) und Jan Seifert (57) zwei Aufsichtsr\u00e4te mit Sportkompetenz an der Seite, die er aus der pers\u00f6nlichen Vergangenheit und Zusammenarbeit kennt. Born holte Gonther 2007 als Profi nach Paderborn, zu seiner Spieler-Zeit bei Dynamo war Born Finanz-Gesch\u00e4ftsf\u00fchrer und Seifert Nachwuchsleiter.<\/p>\n<p>Mehr zum Thema<\/p>\n<p data-21134c99=\"0-3693\">Diese Verbindungen sind wichtig, weil sie eine Vertrauensbasis garantieren, auf der Gonther und sein Gesch\u00e4ftsf\u00fchrer-Kollege Stephan Zimmermann (39) den Verein gemeinsam mit Trainer Thomas Stamm (43) sportlich nachhaltiger entwickeln k\u00f6nnen. Zumal Zimmermann hautnah miterlebte, wie die Grabenk\u00e4mpfe zuvor ausuferten.<\/p>\n<p data-21134c99=\"0-3693\">Der Schweizer Chefcoach traf vor kurzem eine tiefblickende Aussage \u00fcber den Start der Wintervorbereitung, kurz nachdem Gonther kam. Stamm meinte: \u201eIn der Phase hat man gemerkt, dass erstmals, seitdem ich hier bin, es in eine gemeinsame Richtung ging und nicht ein Paddel woanders hinrudert. Da nehme ich das Aufstiegsjahr auch dazu.\u201c<\/p>\n<p><img decoding=\"async\" width=\"992\" height=\"659\" alt=\"Klatschen aktuell im Gleichtakt: Finanz-Gesch\u00e4ftsf\u00fchrer Stephan Zimmermann, Sportchef S\u00f6ren Gonther und Trainer Thomas Stamm\" loading=\"lazy\" src=\"https:\/\/www.europesays.com\/de\/wp-content\/uploads\/2026\/06\/b8b68d0dd7bee72c0a5a4bdbdb69b642,2e0edcf1.jpeg\"   class=\"dynamic\"\/><\/p>\n<p class=\"fig__caption__text\">Klatschen aktuell im Gleichtakt: Finanz-Gesch\u00e4ftsf\u00fchrer Stephan Zimmermann, Sportchef S\u00f6ren Gonther und Trainer Thomas Stamm<\/p>\n<p>Foto: picture alliance\/dpa<\/p>\n<p data-21134c99=\"0-3693\">Neu-Aufsichtsrat Born sagte vor kurzem \u00fcber den neuen Sportchef: \u201eIch kenne <a href=\"https:\/\/www.bild.de\/sport\/fussball\/dynamo-dresden-interessant-so-denkt-gonther-ueber-trainer-stamm-69b8fc5ce371598814461452\" class=\"text-link\" rel=\"nofollow noopener\" target=\"_blank\">S\u00f6ren Gonther<\/a> mittlerweile seit fast 20 Jahren. Dass man da einen ganz anderen Austausch hat, als mit jemandem, den man ein paar Tage kennt, ist klar. Da redet man auch \u00fcber viel, aber er muss die Entscheidungen treffen. Hinweise kann man geben, aus dem operativen Gesch\u00e4ft bin ich aber raus.\u201c Direkterer Austausch, k\u00fcrzere Entscheidungswege, weniger Eitelkeiten!<\/p>\n<p data-21134c99=\"0-3693\">Wie Born hatte sich auch Jan Seifert vehement f\u00fcr die Verpflichtung von Gonther ausgesprochen, auf die au\u00dferdem Aufsichtsrats-Boss Michael Ziegenbalg ganz stolz ist und nach dem gegl\u00fcckten Klassenerhalt sicher auch sehr erleichtert war.<\/p>\n<p>Pr\u00e4sident und Jugendrat bei Neu-Aufbau beteiligt<\/p>\n<p data-21134c99=\"0-3693\">Spannend ist aber auch, wie die beiden sportlichen Fachexperten ins Kontrollgremium kamen: Born wurde \u00fcber den Pr\u00e4sidenten Ronny Rehn (44) angesprochen und auf der Mitgliederversammlung haushoch gew\u00e4hlt. Seifert wurde \u00fcber den Jugendrat kooptiert. Hei\u00dft: Die verschiedenen Vereinsorgane hatten quasi alle Anteil daran, dass eine m\u00f6glicherweise stabilere Achse aufgebaut werden konnte. Auf der Gesch\u00e4ftsstelle &#8211; so scheint es &#8211; ist der Zwei-Lager-Konflikt vom letzten Sommer mittlerweile ebenfalls gel\u00f6st.<\/p>\n<p><img decoding=\"async\" width=\"992\" height=\"809\" alt=\"Seit dem Abgang von Ralf Minge (li.\/hier bei der Verabschiedung von Stefan Kutschke) war bei Dynamo st\u00e4ndig Unruhe drin\" loading=\"lazy\" src=\"https:\/\/www.europesays.com\/de\/wp-content\/uploads\/2026\/06\/725d60a4f31944d3ea832bf651cb2c1d,df2ebe32.jpeg\"   class=\"dynamic\"\/><\/p>\n<p class=\"fig__caption__text\">Seit dem Abgang von Ralf Minge (li.\/hier bei der Verabschiedung von Stefan Kutschke) war bei Dynamo st\u00e4ndig Unruhe drin<\/p>\n<p>Foto: picture alliance\/dpa<\/p>\n<p data-21134c99=\"0-3693\">Aufgabe der Zukunft wird es f\u00fcr Stefan Kutschke (37) eine sinnvolle Position zu finden &#8211; wie bereits f\u00fcr Niklas Kreuzer (33), der seit einem halben Jahr im Scouting arbeitet. Damit kann Dynamo junge Fachkr\u00e4fte mit Vereinsidentit\u00e4t St\u00fcck f\u00fcr St\u00fcck weiter einbauen, ohne ihnen zu fr\u00fch und zu viel Verantwortung aufzudr\u00fccken. \u00dcber den neu gegr\u00fcndeten Wirtschaftsrat sollte zudem noch mehr Know-how in der Stadt f\u00fcr den Klub erschlossen werden.<\/p>\n<p data-21134c99=\"0-3693\">Entscheidend allerdings bleibt, dass nicht wie in der Vergangenheit neue Nebenkriegsschaupl\u00e4tze er\u00f6ffnet werden, die nur Kraft kosten, den Fokus st\u00f6ren und den Erfolg gef\u00e4hrden. <a href=\"https:\/\/www.bild.de\/sport\/fussball\/dynamo-dresden\/startseite-dynamo-46789412.bild.html\" class=\"text-link\" rel=\"nofollow noopener\" target=\"_blank\">Dynamo Dresden<\/a> hat es oft genug erlebt &#8211; und im letzten Jahr am deutlichsten. Im Winter sahen alle Bosse schlecht aus, im Sommer alle gut. G\u00f6nnt man dem Nebenmann Erfolg, kann man sich mitsonnen, statt gemeinsam im st\u00fcrmischen Regen zu stehen. Nur so k\u00f6nnte die SportGEMEINSCHAFT eines Tages auch wieder h\u00f6here Ziele angehen, sonst droht der schnelle und x-te Absturz&#8230;<\/p>\n","protected":false},"excerpt":{"rendered":"TTS-Player \u00fcberspringen\u21b5Artikel weiterlesen Vor einem Jahr &#8211; also direkt nach dem Aufstieg &#8211; knirschte es bei Dynamo Dresden&hellip;\n","protected":false},"author":2,"featured_media":1101649,"comment_status":"","ping_status":"","sticky":false,"template":"","format":"standard","meta":{"footnotes":"","_share_on_mastodon":"0"},"categories":[1835],"tags":[6162,3364,29,2386,3766,15578,347,30,17227,19071,1030,859,3460,30473,2127,5843,784],"class_list":["post-1101648","post","type-post","status-publish","format-standard","has-post-thumbnail","category-dresden","tag-chef","tag-de","tag-deutschland","tag-dresden","tag-dynamo-dresden","tag-frieden","tag-fussball","tag-germany","tag-geschaeftsfuehrer","tag-machtkampf","tag-manager","tag-sachsen","tag-sport-leuchtturm-leipzig","tag-sportdirektor","tag-streit","tag-trainer","tag-zweite-bundesliga"],"share_on_mastodon":{"url":"https:\/\/pubeurope.com\/@de\/116766769819873722","error":""},"_links":{"self":[{"href":"https:\/\/www.europesays.com\/de\/wp-json\/wp\/v2\/posts\/1101648","targetHints":{"allow":["GET"]}}],"collection":[{"href":"https:\/\/www.europesays.com\/de\/wp-json\/wp\/v2\/posts"}],"about":[{"href":"https:\/\/www.europesays.com\/de\/wp-json\/wp\/v2\/types\/post"}],"author":[{"embeddable":true,"href":"https:\/\/www.europesays.com\/de\/wp-json\/wp\/v2\/users\/2"}],"replies":[{"embeddable":true,"href":"https:\/\/www.europesays.com\/de\/wp-json\/wp\/v2\/comments?post=1101648"}],"version-history":[{"count":0,"href":"https:\/\/www.europesays.com\/de\/wp-json\/wp\/v2\/posts\/1101648\/revisions"}],"wp:featuredmedia":[{"embeddable":true,"href":"https:\/\/www.europesays.com\/de\/wp-json\/wp\/v2\/media\/1101649"}],"wp:attachment":[{"href":"https:\/\/www.europesays.com\/de\/wp-json\/wp\/v2\/media?parent=1101648"}],"wp:term":[{"taxonomy":"category","embeddable":true,"href":"https:\/\/www.europesays.com\/de\/wp-json\/wp\/v2\/categories?post=1101648"},{"taxonomy":"post_tag","embeddable":true,"href":"https:\/\/www.europesays.com\/de\/wp-json\/wp\/v2\/tags?post=1101648"}],"curies":[{"name":"wp","href":"https:\/\/api.w.org\/{rel}","templated":true}]}}