{"id":1101666,"date":"2026-06-17T18:13:15","date_gmt":"2026-06-17T18:13:15","guid":{"rendered":"https:\/\/www.europesays.com\/de\/1101666\/"},"modified":"2026-06-17T18:13:15","modified_gmt":"2026-06-17T18:13:15","slug":"fortuna-duesseldorf-setzt-auf-sturm-talent-weiterer-f95-profi","status":"publish","type":"post","link":"https:\/\/www.europesays.com\/de\/1101666\/","title":{"rendered":"Fortuna D\u00fcsseldorf setzt auf Sturm-Talent \u2013 weiterer F95-Profi"},"content":{"rendered":"<p class=\"text_ohne_einzug richtext text-em-55 !leading-serif mx-6 desktop:mx-0\">Die ersten beiden Verpflichtungen von Samir Arabi als Fortuna-Sportvorstand hatten deutlich den Hintergrund, das Mittelfeld zu st\u00e4rken. W\u00e4hrend die D\u00fcsseldorfer immer noch auf den ersten neuen Torh\u00fcter warten, gibt es zumindest Bewegung im Angriff. Neben Jordi Paulina kann sich Trainer Alexander Ende nicht nur auf eine neue Option in Fabian Schleusener freuen.Kostenpflichtiger Inhalt <a href=\"https:\/\/rp-online.de\/sport\/fussball\/fortuna\/fortuna-duesseldorf-gelingt-stuermer-coup-dritter-f95-transfer-fix_aid-150037579\" target=\"_blank\" rel=\"nofollow noopener\"> Der Routinier steht vor einem Wechsel aus Karlsruhe zu Fortuna <\/a>\u2013 und kann in <a href=\"https:\/\/rp-online.de\/thema\/duesseldorf\/\" rel=\"nofollow noopener\" target=\"_blank\">D\u00fcsseldorf<\/a> direkt ein Sturm-Talent anleiten, das die Verantwortlichen f\u00fcr zuletzt gute Leistungen belohnen.<\/p>\n","protected":false},"excerpt":{"rendered":"Die ersten beiden Verpflichtungen von Samir Arabi als Fortuna-Sportvorstand hatten deutlich den Hintergrund, das Mittelfeld zu st\u00e4rken. W\u00e4hrend&hellip;\n","protected":false},"author":2,"featured_media":1101667,"comment_status":"","ping_status":"","sticky":false,"template":"","format":"standard","meta":{"footnotes":"","_share_on_mastodon":"0"},"categories":[1831],"tags":[16549,53331,50493,3364,29,3405,6223,30,173881,18094,1209,161070,86317,9387,233484,9608,11373,86319],"class_list":["post-1101666","post","type-post","status-publish","format-standard","has-post-thumbnail","category-duesseldorf","tag-20fortuna","tag-2ffortuna","tag-abgelaufenen","tag-de","tag-deutschland","tag-duesseldorf","tag-fortuna","tag-germany","tag-jordi","tag-laeufe","tag-nordrhein-westfalen","tag-paulina","tag-quiala","tag-saison","tag-schleusener","tag-sturm","tag-talent","tag-tito"],"share_on_mastodon":{"url":"https:\/\/pubeurope.com\/@de\/116766808995718976","error":""},"_links":{"self":[{"href":"https:\/\/www.europesays.com\/de\/wp-json\/wp\/v2\/posts\/1101666","targetHints":{"allow":["GET"]}}],"collection":[{"href":"https:\/\/www.europesays.com\/de\/wp-json\/wp\/v2\/posts"}],"about":[{"href":"https:\/\/www.europesays.com\/de\/wp-json\/wp\/v2\/types\/post"}],"author":[{"embeddable":true,"href":"https:\/\/www.europesays.com\/de\/wp-json\/wp\/v2\/users\/2"}],"replies":[{"embeddable":true,"href":"https:\/\/www.europesays.com\/de\/wp-json\/wp\/v2\/comments?post=1101666"}],"version-history":[{"count":0,"href":"https:\/\/www.europesays.com\/de\/wp-json\/wp\/v2\/posts\/1101666\/revisions"}],"wp:featuredmedia":[{"embeddable":true,"href":"https:\/\/www.europesays.com\/de\/wp-json\/wp\/v2\/media\/1101667"}],"wp:attachment":[{"href":"https:\/\/www.europesays.com\/de\/wp-json\/wp\/v2\/media?parent=1101666"}],"wp:term":[{"taxonomy":"category","embeddable":true,"href":"https:\/\/www.europesays.com\/de\/wp-json\/wp\/v2\/categories?post=1101666"},{"taxonomy":"post_tag","embeddable":true,"href":"https:\/\/www.europesays.com\/de\/wp-json\/wp\/v2\/tags?post=1101666"}],"curies":[{"name":"wp","href":"https:\/\/api.w.org\/{rel}","templated":true}]}}