{"id":1101673,"date":"2026-06-17T18:17:17","date_gmt":"2026-06-17T18:17:17","guid":{"rendered":"https:\/\/www.europesays.com\/de\/1101673\/"},"modified":"2026-06-17T18:17:17","modified_gmt":"2026-06-17T18:17:17","slug":"cafe-betreiber-casrsten-wittekt-in-frankfurt-erklaert-warum-er-kein-bargeld-annimmt","status":"publish","type":"post","link":"https:\/\/www.europesays.com\/de\/1101673\/","title":{"rendered":"Caf\u00e9-Betreiber Casrsten Wittekt in Frankfurt erkl\u00e4rt, warum er kein Bargeld annimmt"},"content":{"rendered":"<p>Haben Scheine ausgedient?Caf\u00e9-Betreiber erkl\u00e4rt, warum er kein Bargeld annimmt17.06.2026, 15:26 Uhr<\/p>\n<p class=\"Typography_text-m__XI0da Typography_weight-normal__pqUbH\">Viele Deutsche zahlen nach wie vor gerne bar, doch gerade in Gro\u00dfst\u00e4dten nehmen einige Gesch\u00e4fte inzwischen gar kein Bargeld mehr an. Der Frankfurter Caf\u00e9-Betreiber Carsten Witteck erkl\u00e4rt, warum er nur auf elektronische Bezahlm\u00f6glichkeiten setzt und warum die Kunden das gut finden.<\/p>\n","protected":false},"excerpt":{"rendered":"Haben Scheine ausgedient?Caf\u00e9-Betreiber erkl\u00e4rt, warum er kein Bargeld annimmt17.06.2026, 15:26 Uhr Viele Deutsche zahlen nach wie vor gerne&hellip;\n","protected":false},"author":2,"featured_media":1101674,"comment_status":"","ping_status":"","sticky":false,"template":"","format":"standard","meta":{"footnotes":"","_share_on_mastodon":"0"},"categories":[1829],"tags":[6258,29,2050,2051,30,2052,1626,47596,6415],"class_list":["post-1101673","post","type-post","status-publish","format-standard","has-post-thumbnail","category-frankfurt-am-main","tag-bargeld","tag-deutschland","tag-frankfurt","tag-frankfurt-am-main","tag-germany","tag-hessen","tag-kaffee","tag-kreditkarten","tag-paypal"],"share_on_mastodon":{"url":"https:\/\/pubeurope.com\/@de\/116766824714564217","error":""},"_links":{"self":[{"href":"https:\/\/www.europesays.com\/de\/wp-json\/wp\/v2\/posts\/1101673","targetHints":{"allow":["GET"]}}],"collection":[{"href":"https:\/\/www.europesays.com\/de\/wp-json\/wp\/v2\/posts"}],"about":[{"href":"https:\/\/www.europesays.com\/de\/wp-json\/wp\/v2\/types\/post"}],"author":[{"embeddable":true,"href":"https:\/\/www.europesays.com\/de\/wp-json\/wp\/v2\/users\/2"}],"replies":[{"embeddable":true,"href":"https:\/\/www.europesays.com\/de\/wp-json\/wp\/v2\/comments?post=1101673"}],"version-history":[{"count":0,"href":"https:\/\/www.europesays.com\/de\/wp-json\/wp\/v2\/posts\/1101673\/revisions"}],"wp:featuredmedia":[{"embeddable":true,"href":"https:\/\/www.europesays.com\/de\/wp-json\/wp\/v2\/media\/1101674"}],"wp:attachment":[{"href":"https:\/\/www.europesays.com\/de\/wp-json\/wp\/v2\/media?parent=1101673"}],"wp:term":[{"taxonomy":"category","embeddable":true,"href":"https:\/\/www.europesays.com\/de\/wp-json\/wp\/v2\/categories?post=1101673"},{"taxonomy":"post_tag","embeddable":true,"href":"https:\/\/www.europesays.com\/de\/wp-json\/wp\/v2\/tags?post=1101673"}],"curies":[{"name":"wp","href":"https:\/\/api.w.org\/{rel}","templated":true}]}}