{"id":1101728,"date":"2026-06-17T18:49:24","date_gmt":"2026-06-17T18:49:24","guid":{"rendered":"https:\/\/www.europesays.com\/de\/1101728\/"},"modified":"2026-06-17T18:49:24","modified_gmt":"2026-06-17T18:49:24","slug":"stoerung-im-bahnverkehr-zwischen-magdeburg-und-braunschweig-zuege-rollen-wieder","status":"publish","type":"post","link":"https:\/\/www.europesays.com\/de\/1101728\/","title":{"rendered":"St\u00f6rung im Bahnverkehr zwischen Magdeburg und Braunschweig: Z\u00fcge rollen wieder"},"content":{"rendered":"<p>        <img decoding=\"async\" src=\"https:\/\/www.europesays.com\/de\/wp-content\/uploads\/2026\/06\/rentner-warten-100.webp\" alt=\"Zwei Rentner warten vor einer Anzeige.\" title=\"Zwei Rentner warten vor einer Anzeige. |  IMAGO \/ Panama Pictures\" class=\"responsive\"\/><\/p>\n<p>AUDIO: G\u00fcterzug rei\u00dft Oberleitung bei Magdeburg ab: Regionalz\u00fcge fahren wieder (1 Min)<\/p>\n<p class=\"topline\">Oberleitung abgerissen<\/p>\n<p>\n                Stand: 17.06.2026 16:56 Uhr<\/p>\n<p class=\"preface\">Der Bahnverkehr zwischen Magdeburg und Braunschweig war am Mittwoch gest\u00f6rt. Am Bahnhof Magdeburg-Sudenburg hatte ein G\u00fcterzug eine Oberleitung abgerissen. Mittlerweile rollt der Verkehr zwar wieder, aber die Auswirkungen waren erheblich. Es ist zudem nicht der erste Fall dieser Art.<\/p>\n<p class=\"textauthor\">von MDR SACHSEN-ANHALT<\/p>\n<p class=\"\">Der Bahnverkehr zwischen Magdeburg und Braunschweig war am Mittwoch gest\u00f6rt. Am Bahnhof Magdeburg-Sudenburg hat ein G\u00fcterzug eine Oberleitung abgerissen. Das teilte die Feuerwehr mit.<\/p>\n<p>    Regionalz\u00fcge fahren wieder, Fernverkehr wird umgeleitet<\/p>\n<p class=\"\">Seit Dienstagnacht waren auf der Zugstrecke Magdeburg-Braunschweig Regionalz\u00fcge ausgefallen. Am Mittwochmorgen teilte die Bahn MDR SACHSEN-ANHALT mit, dass die Regionalz\u00fcge wieder fahren. Der Fernverkehr wird weiter ohne Halt \u00fcber Stendal umgeleitet, es kommt zu Versp\u00e4tungen und Teilausf\u00e4llen.<\/p>\n<p>        <img decoding=\"async\" src=\"https:\/\/www.europesays.com\/de\/wp-content\/uploads\/2026\/06\/bahnhof-mdr-100.webp\" alt=\"Gleise und ein Zug\" title=\"Gleise und ein Zug | MDR\/Andr\u00e9 Plaul\" class=\"responsive\" loading=\"lazy\"\/><\/p>\n<p>News, Reportagen, Hintergr\u00fcnde<\/p>\n<p class=\"\">Erst am Montag hatte ein Bagger eine Oberleitung in Sch\u00f6nebeck besch\u00e4digt. Auf der Strecke zwischen Halle und Magdeburg fielen viele Z\u00fcge aus oder kamen zu sp\u00e4t an. Gegen den Baggerfahrer wird jetzt ermittelt.<\/p>\n<p>Mehr zum Thema<\/p>\n<p>        <img decoding=\"async\" src=\"https:\/\/www.europesays.com\/de\/wp-content\/uploads\/2026\/06\/bahnhof-deutsche-bahn-108.webp\" alt=\"DB Bahnhofsuhr und einfahrender ICE aus Berlin\" title=\"DB Bahnhofsuhr und einfahrender ICE aus Berlin | IMAGO\/Joerg Boethling\" class=\"responsive\" loading=\"lazy\"\/><\/p>\n<p>Coswig<\/p>\n<p>Ein G\u00fcterzug kollidiert mit einer herabh\u00e4ngenden Leitung, 27 Z\u00fcge versp\u00e4teten sich um insgesamt 1.340 Minuten. Die Bundespolizei ermittelt wegen gef\u00e4hrlichen Eingriffs in den Verkehr der Bahn.<\/p>\n<p>        <a href=\"https:\/\/www.mdr.de\/video\/mdr-videos\/c\/video-991742.html\" aria-label=\"Zum Video (1 Min): Behinderungen im Zugverkehr durch Brand in Magdeburg\" rel=\"nofollow noopener\" target=\"_blank\"><\/p>\n<p>        <img decoding=\"async\" src=\"https:\/\/www.europesays.com\/de\/wp-content\/uploads\/2026\/06\/sah-35056.webp\" alt=\"Feuer auf einem G\u00fcterzug\" title=\"Feuer auf einem G\u00fcterzug | privat\" class=\"responsive\" loading=\"lazy\"\/><\/p>\n<p>        <\/a><\/p>\n<p>Die Ladung eines in Magdeburg-Sudenburg abgestellten G\u00fcterzugs ist am Montagabend in Flammen aufgegangen. Das besch\u00e4digte Oberleitungen und sorgen noch immer f\u00fcr Behinderungen im Bahnverkehr.<\/p>\n<p>        <img decoding=\"async\" src=\"https:\/\/www.europesays.com\/de\/wp-content\/uploads\/2026\/06\/oberleitung-faellt-auf-ice-102.webp\" alt=\"Ein ICE auf der Strecke Leipzig\u2013Berlin ist in Zahna zum Stillstand gekommen, nachdem eine Oberleitung auf den Zug gefallen war. Einsatzkr\u00e4fte sind vor Ort, um die Lage zu pr\u00fcfen und die Weiterfahrt vorzubereiten. Die Fahrg\u00e4ste mussten im Zug verbleiben.\" title=\"Ein ICE auf der Strecke Leipzig\u2013Berlin ist in Zahna zum Stillstand gekommen, nachdem eine Oberleitung auf den Zug gefallen war. Einsatzkr\u00e4fte sind vor Ort, um die Lage zu pr\u00fcfen und die Weiterfahrt vorzubereiten. Die Fahrg\u00e4ste mussten im Zug verbleiben. | picture alliance\/dpa | Heiko Rebsch\" class=\"responsive\" loading=\"lazy\"\/><\/p>\n<p>Gestrandeter Zug<\/p>\n<p>Am Samstag bleibt bei Zahna ein ICE auf freier Fl\u00e4che liegen. Eine Oberleitung war gerissen. Warum es so lange gedauert hat, bis die 600 Fahrg\u00e4ste raus durften.<\/p>\n<p>        <img decoding=\"async\" src=\"https:\/\/www.europesays.com\/de\/wp-content\/uploads\/2026\/06\/ice-zahna-106.webp\" alt=\"Ein ICE auf der Strecke Leipzig\u00e2\u0080\u0093Berlin ist in Zahna zum Stillstand gekommen, nachdem eine Oberleitung auf den Zug gefallen war. Hunderte Reisende sa\u00c3\u009fen im ICE fest.\" title=\"Ein ICE auf der Strecke Leipzig\u00e2\u0080\u0093Berlin ist in Zahna zum Stillstand gekommen, nachdem eine Oberleitung auf den Zug gefallen war. Hunderte Reisende sa\u00c3\u009fen im ICE fest. | picture alliance\/dpa | Heiko Rebsch\" class=\"responsive\" loading=\"lazy\"\/><\/p>\n<p>Bahnstrecke Leipzig-Berlin<\/p>\n<p>Nachdem am Samstag bei Wittenberg eine Oberleitung auf einen ICE-Zug gefallen ist, rollt der Zugverkehr inzwischen wieder. Die Suche nach der Ursache l\u00e4uft weiter.<\/p>\n<p class=\"\">MDR (Andr\u00e9 Plaul, Norma D\u00fcsekow, Tatiana Gropius)<\/p>\n","protected":false},"excerpt":{"rendered":"AUDIO: G\u00fcterzug rei\u00dft Oberleitung bei Magdeburg ab: Regionalz\u00fcge fahren wieder (1 Min) Oberleitung abgerissen Stand: 17.06.2026 16:56 Uhr&hellip;\n","protected":false},"author":2,"featured_media":1101729,"comment_status":"","ping_status":"","sticky":false,"template":"","format":"standard","meta":{"footnotes":"","_share_on_mastodon":"0"},"categories":[1850],"tags":[2227,6429,3364,2030,29,548,663,3934,30,13,4063,14,15,1411,2228,1105,49429,12,27605,2036],"class_list":["post-1101728","post","type-post","status-publish","format-standard","has-post-thumbnail","category-braunschweig","tag-bahnverkehr","tag-braunschweig","tag-de","tag-deutsche-bahn","tag-deutschland","tag-eu","tag-europa","tag-europe","tag-germany","tag-headlines","tag-magdeburg","tag-nachrichten","tag-news","tag-niedersachsen","tag-oberleitung","tag-probleme","tag-regionalzuege","tag-schlagzeilen","tag-umleitungen","tag-zug"],"share_on_mastodon":{"url":"https:\/\/pubeurope.com\/@de\/116766952368911129","error":""},"_links":{"self":[{"href":"https:\/\/www.europesays.com\/de\/wp-json\/wp\/v2\/posts\/1101728","targetHints":{"allow":["GET"]}}],"collection":[{"href":"https:\/\/www.europesays.com\/de\/wp-json\/wp\/v2\/posts"}],"about":[{"href":"https:\/\/www.europesays.com\/de\/wp-json\/wp\/v2\/types\/post"}],"author":[{"embeddable":true,"href":"https:\/\/www.europesays.com\/de\/wp-json\/wp\/v2\/users\/2"}],"replies":[{"embeddable":true,"href":"https:\/\/www.europesays.com\/de\/wp-json\/wp\/v2\/comments?post=1101728"}],"version-history":[{"count":0,"href":"https:\/\/www.europesays.com\/de\/wp-json\/wp\/v2\/posts\/1101728\/revisions"}],"wp:featuredmedia":[{"embeddable":true,"href":"https:\/\/www.europesays.com\/de\/wp-json\/wp\/v2\/media\/1101729"}],"wp:attachment":[{"href":"https:\/\/www.europesays.com\/de\/wp-json\/wp\/v2\/media?parent=1101728"}],"wp:term":[{"taxonomy":"category","embeddable":true,"href":"https:\/\/www.europesays.com\/de\/wp-json\/wp\/v2\/categories?post=1101728"},{"taxonomy":"post_tag","embeddable":true,"href":"https:\/\/www.europesays.com\/de\/wp-json\/wp\/v2\/tags?post=1101728"}],"curies":[{"name":"wp","href":"https:\/\/api.w.org\/{rel}","templated":true}]}}