{"id":1101747,"date":"2026-06-17T18:59:17","date_gmt":"2026-06-17T18:59:17","guid":{"rendered":"https:\/\/www.europesays.com\/de\/1101747\/"},"modified":"2026-06-17T18:59:17","modified_gmt":"2026-06-17T18:59:17","slug":"friedenslinde-in-verl-soll-jetzt-in-festen-haenden-bleiben","status":"publish","type":"post","link":"https:\/\/www.europesays.com\/de\/1101747\/","title":{"rendered":"Friedenslinde in Verl soll jetzt in festen H\u00e4nden bleiben"},"content":{"rendered":"<p>Die Friedenslinde im Verler Ortteil hat eine bewegte Vergangenheit. Jetzt gibt es einen neuen P\u00e4chter. Der verspricht, dass Kontinuit\u00e4t einkehrt.<\/p>\n<p>Sende (gl) &#8211; Nerv\u00f6s? \u201eJa, ein bisschen\u201c, sagen Shkelzen und Valdete Godeni, das neue P\u00e4chterpaar der Friedenslinde vor der Er\u00f6ffnung. Ab sofort kann in der Traditionsgastst\u00e4tte an der Sender Stra\u00dfe wieder gespeist werden. Auch der Biergarten soll bei gutem Wetter wieder ge\u00f6ffnet sein. Shkelzen\u2026<\/p>\n<p>            <img decoding=\"async\" src=\"https:\/\/www.die-glocke.de\/typo3conf\/ext\/bo_dieglocke_template\/Resources\/Public\/Images\/logo\/glocke_plus_icon.svg\" class=\"pwTopImage\" alt=\"Glocke Plus\"\/><\/p>\n<p>                Jetzt weiterlesen mit G+<\/p>\n<p class=\"card-text equal-height text-center\" data-equalheightgroup=\"1\">\n                0,99 \u20ac im 1. Monat \u2013 monatlich k\u00fcndbar\n            <\/p>\n<tr>\n<tr>\n<td class=\"w-25px p-1\">\n<\/td>\n<td class=\"p-1\">\n<p>                                            aktuelle Nachrichten rund um die Uhr<\/p>\n<\/td>\n<\/tr>\n<tr>\n<td class=\"w-25px p-1\">\n<\/td>\n<td class=\"p-1\">\n<p>                                            nur 79 \u20ac (ab dem 13. Monat 7,90 \u20ac monatlich)<\/p>\n<\/td>\n<\/tr>\n<tr>\n<td class=\"w-25px p-1\">\n<\/td>\n<td class=\"p-1\">\n<p>                                            nach 12 Monaten Mindestlaufzeit monatlich k\u00fcndbar<\/p>\n<\/td>\n<\/tr>\n<tr>\n<td class=\"w-25px p-1\">\n<\/td>\n<td class=\"p-1\">\n<p>                                            sparen Sie 15,80 \u20ac gegen\u00fcber dem Monatsabo<\/p>\n<\/td>\n<\/tr>\n<\/tr>\n<p>\n                        79 \u20ac f\u00fcr 12 Monate\n                    <\/p>\n<p>                    <a class=\"btn link-primary border rounded border-2 border-primary d-block w-100 mb-4\" href=\"https:\/\/shop.die-glocke.de\/bestellen\/g-jahresabo-bc91?type=paypal&amp;upscore_object_id=78ef03ab-a39f-4d8e-ab4f-4f44621fd2c1-Portal&amp;upscore_offer_id=&amp;upscore_click_id=&amp;upscore_object_url=https%3A%2F%2Fwww.die-glocke.de%2Fkreis-guetersloh%2Fverl%2Fartikel%2Fin-der-friedenslinde-in-verl-soll-nun-kontinuitaet-einkehren-1781705724&amp;target=https%3A%2F%2Fwww.die-glocke.de%2Fkreis-guetersloh%2Fverl%2Fartikel%2Fin-der-friedenslinde-in-verl-soll-nun-kontinuitaet-einkehren-1781705724\" rel=\"nofollow noopener\" target=\"_blank\"><br \/>\n                        <strong>Jahresabo bestellen mit <\/strong><br \/>\n                        <img loading=\"lazy\" decoding=\"async\" class=\"me-2 icon-paypal\" src=\"https:\/\/www.die-glocke.de\/fileadmin\/images\/demo\/paypal.svg\" width=\"65\" height=\"15\" alt=\"Paypal\"\/><br \/>\n                    <\/a><\/p>\n<p>                    <a class=\"paywall_order_btn-668975\" href=\"https:\/\/shop.die-glocke.de\/gplus-jahresabo?upscore_object_id=78ef03ab-a39f-4d8e-ab4f-4f44621fd2c1-Portal&amp;upscore_offer_id=&amp;upscore_click_id=&amp;upscore_object_url=https%3A%2F%2Fwww.die-glocke.de%2Fkreis-guetersloh%2Fverl%2Fartikel%2Fin-der-friedenslinde-in-verl-soll-nun-kontinuitaet-einkehren-1781705724&amp;target=https%3A%2F%2Fwww.die-glocke.de%2Fkreis-guetersloh%2Fverl%2Fartikel%2Fin-der-friedenslinde-in-verl-soll-nun-kontinuitaet-einkehren-1781705724\" rel=\"nofollow noopener\" target=\"_blank\"><br \/>\n                        Jahresabo bestellen<br \/>\n                    <\/a><\/p>\n<p>Texte und Fotos von die-glocke.de sind urheberrechtlich gesch\u00fctzt.<br \/>\n            Weiterverwendung nur mit Genehmigung der Chefredaktion.<\/p>\n","protected":false},"excerpt":{"rendered":"Die Friedenslinde im Verler Ortteil hat eine bewegte Vergangenheit. Jetzt gibt es einen neuen P\u00e4chter. Der verspricht, dass&hellip;\n","protected":false},"author":2,"featured_media":1101748,"comment_status":"","ping_status":"","sticky":false,"template":"","format":"standard","meta":{"footnotes":"","_share_on_mastodon":"0"},"categories":[1841],"tags":[1605,3364,29,233489,6763,6767,30,14766,1209,4290],"class_list":["post-1101747","post","type-post","status-publish","format-standard","has-post-thumbnail","category-bielefeld","tag-bielefeld","tag-de","tag-deutschland","tag-friedenslinde-verl-sende","tag-gastronomie","tag-gaststaette","tag-germany","tag-geschaeftsuebernahme","tag-nordrhein-westfalen","tag-oeffnungszeiten"],"share_on_mastodon":{"url":"https:\/\/pubeurope.com\/@de\/116766991320692992","error":""},"_links":{"self":[{"href":"https:\/\/www.europesays.com\/de\/wp-json\/wp\/v2\/posts\/1101747","targetHints":{"allow":["GET"]}}],"collection":[{"href":"https:\/\/www.europesays.com\/de\/wp-json\/wp\/v2\/posts"}],"about":[{"href":"https:\/\/www.europesays.com\/de\/wp-json\/wp\/v2\/types\/post"}],"author":[{"embeddable":true,"href":"https:\/\/www.europesays.com\/de\/wp-json\/wp\/v2\/users\/2"}],"replies":[{"embeddable":true,"href":"https:\/\/www.europesays.com\/de\/wp-json\/wp\/v2\/comments?post=1101747"}],"version-history":[{"count":0,"href":"https:\/\/www.europesays.com\/de\/wp-json\/wp\/v2\/posts\/1101747\/revisions"}],"wp:featuredmedia":[{"embeddable":true,"href":"https:\/\/www.europesays.com\/de\/wp-json\/wp\/v2\/media\/1101748"}],"wp:attachment":[{"href":"https:\/\/www.europesays.com\/de\/wp-json\/wp\/v2\/media?parent=1101747"}],"wp:term":[{"taxonomy":"category","embeddable":true,"href":"https:\/\/www.europesays.com\/de\/wp-json\/wp\/v2\/categories?post=1101747"},{"taxonomy":"post_tag","embeddable":true,"href":"https:\/\/www.europesays.com\/de\/wp-json\/wp\/v2\/tags?post=1101747"}],"curies":[{"name":"wp","href":"https:\/\/api.w.org\/{rel}","templated":true}]}}