{"id":1101813,"date":"2026-06-17T19:37:24","date_gmt":"2026-06-17T19:37:24","guid":{"rendered":"https:\/\/www.europesays.com\/de\/1101813\/"},"modified":"2026-06-17T19:37:24","modified_gmt":"2026-06-17T19:37:24","slug":"brand-auf-der-a8-bei-stuttgart-mit-baumstaemmen-beladener-lastwagen-brennt-lichterloh-autobahn-gesperrt","status":"publish","type":"post","link":"https:\/\/www.europesays.com\/de\/1101813\/","title":{"rendered":"Brand auf der A8 bei Stuttgart: Mit Baumst\u00e4mmen beladener Lastwagen brennt lichterloh \u2013 Autobahn gesperrt"},"content":{"rendered":"<p>\t\t\t\t\t\t\t\t\t\t\t\t\t\t\t\t\t\t\t\t\t\t\t\t\t\t\t\t      \t\t            \t\t             \t\t\t\t   \t\t\t\t\t   <img decoding=\"async\" id=\"article-image\" fetchpriority=\"high\" alt=\"Brand auf der A8 bei Stuttgart: Mit Baumst\u00e4mmen beladener Lastwagen brennt lichterloh \u2013 Autobahn gesperrt\" onclick=\"var pA=document.createElement('a');pA.setAttribute('href','https:\/\/www.stuttgarter-nachrichten.de\/gallery.brand-auf-der-a8-bei-stuttgart-mit-baumstaemmen-beladener-lastwagen-brennt-lichterloh-autobahn-gesperrt.bf7ba951-2363-4142-a739-913d2170ce5d.html'),pA.click();\" title=\"Brand auf der A8 bei Stuttgart: Mit Baumst\u00e4mmen beladener Lastwagen brennt lichterloh \u2013 Autobahn gesperrt\" src=\"https:\/\/www.europesays.com\/de\/wp-content\/uploads\/2026\/06\/media.media.7ec5ed7e-781b-4d24-a3ec-5eebbb9325b7.16x9_700.jpg\" data-linkto=\"https:\/\/www.stuttgarter-nachrichten.de\/gallery.brand-auf-der-a8-bei-stuttgart-mit-baumstaemmen-beladener-lastwagen-brennt-lichterloh-autobahn-gesperrt.bf7ba951-2363-4142-a739-913d2170ce5d.html\"\/>\t\t\t\t\t\t\t\t\t\t\t\t\t\t\t\t\t\t\t\t\t\t\t\tDie Ladung des brennenden Lkw war \u00fcber die Fahrbahn verteilt.\u00a0Foto: Andreas Rosar Fotoagentur Stuttgart\t\t\t<\/p>\n<p>Auf der A8 bei Stuttgart-Fasanenhof brennt am Mittwochabend ein mit Baumst\u00e4mmen beladener Lastwagen. Was ist bekannt?<\/p>\n<p>Auf der <a href=\"https:\/\/www.stuttgarter-nachrichten.de\/thema\/A8\" title=\"A8\" class=\"art_thema\" rel=\"nofollow noopener\" target=\"_blank\">A8<\/a> bei <a href=\"https:\/\/www.stuttgarter-nachrichten.de\/thema\/Stuttgart\" title=\"Stuttgart\" class=\"art_thema\" rel=\"nofollow noopener\" target=\"_blank\">Stuttgart<\/a> brennt am Mittwochabend ein Lastwagen. Wie ein Sprecher der Feuerwehr unserer Redaktion auf Nachfrage sagte, wurde den Einsatzkr\u00e4ften gegen 19.15 Uhr zun\u00e4chst ein Unfall gemeldet. Beim Eintreffen an der Unfallstelle auf H\u00f6he Fasanenhof stand dann ein mit Baumst\u00e4mmen beladener Lastwagen bereits in Vollbrand. <\/p>\n<p>Wegen des Ausma\u00dfes der Flammen seien daraufhin weitere Einsatzkr\u00e4fte alarmiert worden. Auch mehrere Gro\u00dftankl\u00f6schfahrzeuge seien angefordert worden, um sicherzustellen, dass gen\u00fcgend L\u00f6schwasser an der Einsatzstelle verf\u00fcgbar ist. <\/p>\n<blockquote class=\"twitter-tweet\" data-width=\"550\">\n<p lang=\"de\" dir=\"ltr\">Aktuell sind wir auf der <a href=\"https:\/\/x.com\/hashtag\/A8?src=hash&amp;ref_src=twsrc%5Etfw\" rel=\"nofollow\">#A8<\/a> in H\u00f6he <a href=\"https:\/\/x.com\/hashtag\/Fasanenhof?src=hash&amp;ref_src=twsrc%5Etfw\" rel=\"nofollow\">#Fasanenhof<\/a> im Einsatz. Dort kam es zu einem Unfall mit einem LKW der mit Holz beladen ist. Der LKW steht in Vollbrand. Es sind zahlreiche Einsatzkr\u00e4fte vor Ort\/ auf der Anfahrt. Bildet eine <a href=\"https:\/\/x.com\/hashtag\/Rettungsgasse?src=hash&amp;ref_src=twsrc%5Etfw\" rel=\"nofollow\">#Rettungsgasse<\/a> und umfahrt den Bereich. Update folgt<\/p>\n<p>\u2014 Feuerwehr Stuttgart (@Feuerwehr_S)  <a href=\"https:\/\/x.com\/Feuerwehr_S\/status\/2067301955605495887?ref_src=twsrc%5Etfw\" rel=\"nofollow\">June 17, 2026<\/a> <\/p><\/blockquote>\n<p>Der Verkehr ist entsprechend beeintr\u00e4chtigt, eine Fahrtrichtung der <a href=\"https:\/\/www.stuttgarter-nachrichten.de\/thema\/Autobahn\" title=\"Autobahn\" class=\"art_thema\" rel=\"nofollow noopener\" target=\"_blank\">Autobahn<\/a> komplett gesperrt. Die Feuerwehr bittet daher Autofahrer, den Bereich zu umfahren. Personen, die bereits im <a href=\"https:\/\/www.stuttgarter-nachrichten.de\/thema\/Stau\" title=\"Stau\" class=\"art_thema\" rel=\"nofollow noopener\" target=\"_blank\">Stau<\/a> stehen, werden aufgerufen, unbedingt eine Rettungsgasse zu bilden, um weiteren Einsatzfahrzeugen die Anfahrt zu erm\u00f6glichen. <\/p>\n","protected":false},"excerpt":{"rendered":"Die Ladung des brennenden Lkw war \u00fcber die Fahrbahn verteilt.\u00a0Foto: Andreas Rosar Fotoagentur Stuttgart Auf der A8 bei&hellip;\n","protected":false},"author":2,"featured_media":1101814,"comment_status":"","ping_status":"","sticky":false,"template":"","format":"standard","meta":{"footnotes":"","_share_on_mastodon":"0"},"categories":[1830],"tags":[18192,5543,1634,2919,3364,29,30,2224,5716,1441],"class_list":["post-1101813","post","type-post","status-publish","format-standard","has-post-thumbnail","category-stuttgart","tag-a8","tag-autobahn","tag-baden-wuerttemberg","tag-brand","tag-de","tag-deutschland","tag-germany","tag-sperrung","tag-stau","tag-stuttgart"],"share_on_mastodon":{"url":"https:\/\/pubeurope.com\/@de\/116767140563101877","error":""},"_links":{"self":[{"href":"https:\/\/www.europesays.com\/de\/wp-json\/wp\/v2\/posts\/1101813","targetHints":{"allow":["GET"]}}],"collection":[{"href":"https:\/\/www.europesays.com\/de\/wp-json\/wp\/v2\/posts"}],"about":[{"href":"https:\/\/www.europesays.com\/de\/wp-json\/wp\/v2\/types\/post"}],"author":[{"embeddable":true,"href":"https:\/\/www.europesays.com\/de\/wp-json\/wp\/v2\/users\/2"}],"replies":[{"embeddable":true,"href":"https:\/\/www.europesays.com\/de\/wp-json\/wp\/v2\/comments?post=1101813"}],"version-history":[{"count":0,"href":"https:\/\/www.europesays.com\/de\/wp-json\/wp\/v2\/posts\/1101813\/revisions"}],"wp:featuredmedia":[{"embeddable":true,"href":"https:\/\/www.europesays.com\/de\/wp-json\/wp\/v2\/media\/1101814"}],"wp:attachment":[{"href":"https:\/\/www.europesays.com\/de\/wp-json\/wp\/v2\/media?parent=1101813"}],"wp:term":[{"taxonomy":"category","embeddable":true,"href":"https:\/\/www.europesays.com\/de\/wp-json\/wp\/v2\/categories?post=1101813"},{"taxonomy":"post_tag","embeddable":true,"href":"https:\/\/www.europesays.com\/de\/wp-json\/wp\/v2\/tags?post=1101813"}],"curies":[{"name":"wp","href":"https:\/\/api.w.org\/{rel}","templated":true}]}}