{"id":1101890,"date":"2026-06-17T20:19:26","date_gmt":"2026-06-17T20:19:26","guid":{"rendered":"https:\/\/www.europesays.com\/de\/1101890\/"},"modified":"2026-06-17T20:19:26","modified_gmt":"2026-06-17T20:19:26","slug":"wasserqualitaet-karlsruher-baggerseen-erreicht-top-werte-zum-saisonstart","status":"publish","type":"post","link":"https:\/\/www.europesays.com\/de\/1101890\/","title":{"rendered":"Wasserqualit\u00e4t Karlsruher Baggerseen erreicht Top-Werte zum Saisonstart"},"content":{"rendered":"<p class=\"mb-6 text-xs-varying md:text-m lg:text-l font-serif group-[.font-sans]:font-sans \">\n    Angesichts der <a href=\"https:\/\/www.ka-news.de\/karlsruhe\/wetter-karlsruhe-hitze-bis-zu-37-grad-und-tropennaechte-erwartet-114460538\" target=\"_self\" class=\"underline \" rel=\"nofollow noopener\">angek\u00fcndigten Hitzewelle<\/a> in <a href=\"https:\/\/www.ka-news.de\/promis\/karlsruhe-kulturlandschaft-technologieregion-und-residenz-des-rechts-die-faecherstadt-im-ueberblick-art-2783253\" target=\"_self\" class=\"underline \" rel=\"nofollow noopener\">Karlsruhe<\/a> suchen viele nach einer <strong class=\"font-bold\">schnellen Abk\u00fchlung<\/strong> \u2013 da liegt ein<strong class=\"font-bold\"> Ausflug an einen der Badeseen <\/strong>nicht fern. Zur Badesaison, 1. Juni bis 15. September, \u00fcberpr\u00fcft das Landesgesundheitsamt regelm\u00e4\u00dfig die Wasserqualit\u00e4t von <a href=\"https:\/\/www.ka-news.de\/region\/karlsruhe\/ein-tag-am-see-badespass-rund-um-karlsruhe-art-2806007\" target=\"_self\" class=\"underline \" rel=\"nofollow noopener\">Karlsruhes Badeseen<\/a>. <strong class=\"font-bold\">Die ersten Ergebnisse f\u00fcr Juni liegt bereits vor.<\/strong>\n  <\/p>\n<p>            Landesgesundheitsamt entnimmt Wasserproben aus den Karlsruher Seen<\/p>\n<p class=\"mb-6 text-xs-varying md:text-m lg:text-l font-serif group-[.font-sans]:font-sans \">\n    Bereits zu Beginn der Badesaison 2026 hat das Landesgesundheitsamt am 11. Juni Wasserproben aus den Karlsruher Seen genommen. Die Analyseergebnisse seien am Montag, 15. Juni, per E\u2011Mail an das Gesundheitsamt <a href=\"https:\/\/www.ka-news.de\/karlsruhe\" target=\"_self\" class=\"underline \" rel=\"nofollow noopener\">Karlsruhe<\/a> verschickt worden, teilt Markus Jox, Pressesprecher des Ministeriums f\u00fcr Soziales, Arbeit und Gesundheit, der Redaktion mit.\n  <\/p>\n<p>    <img decoding=\"async\" src=\"https:\/\/images.mgpd.de\/img\/114081910\/crop\/c16_9-w100\/1265286095\/549561241\/badesee-buchtzig-ettlingen.jpg\" alt=\"Badesee Buchtzig in Ettlingen. (Archivbild)\" title=\"Badesee Buchtzig in Ettlingen. (Archivbild)\" loading=\"lazy\" class=\"h-full w-full object-cover\"\/><\/p>\n<p>      Icon vergr\u00f6\u00dfern<\/p>\n<p>    Badesee Buchtzig in Ettlingen. (Archivbild)<br \/>\n    Foto: (ps)<\/p>\n<p>        Schlie\u00dfen <\/p>\n<p>      Icon Schlie\u00dfen<\/p>\n<p>        Icon vergr\u00f6\u00dfern<\/p>\n<p>        Icon verkleinern<\/p>\n<p>      Icon Pfeil bewegen<\/p>\n<p>    Badesee Buchtzig in Ettlingen. (Archivbild)<br \/>\n    Foto: (ps)<\/p>\n<p class=\"mb-6 text-xs-varying md:text-m lg:text-l font-serif group-[.font-sans]:font-sans \">\n    Die Daten werden in der Regel zeitnah durch das Karlsruhe Gesundheitsamt ver\u00f6ffentlicht, erkl\u00e4rt Jox. Hierf\u00fcr wird die Badegew\u00e4sserkarte mit den Untersuchungsergebnissen der beauftragten Labore\u00a0und mit aktuellen Vorortinformationen versehen.\n  <\/p>\n<p>            In allen Karlsruher Seen k\u00f6nnt ihr bedenkenlos baden<\/p>\n<p class=\"mb-6 text-xs-varying md:text-m lg:text-l font-serif group-[.font-sans]:font-sans \">\n    2025 wiesen <a href=\"https:\/\/www.ka-news.de\/region\/karlsruhe\/top-wasserwerte-fuer-karlsruhes-baggerseen-einer-tanzt-aus-der-reihe-3-6-2025-art-3325699\" target=\"_self\" class=\"underline \" rel=\"nofollow noopener\">alle Seen in Karlsruhe eine ausgezeichnete Wasserqualit\u00e4t<\/a> auf. Daran soll sich auch 2026 nichts \u00e4ndern: \u201eDie bisherigen mikrobiologischen Untersuchungen gem\u00e4\u00df geltender Badegew\u00e4sserverordnung (BadegVO) f\u00fcr die Badestellen im Raum Karlsruhe ergaben keinen Grund zur Beanstandung\u201c, so Jox.\n  <\/p>\n<p>    <img decoding=\"async\" src=\"https:\/\/www.europesays.com\/de\/wp-content\/uploads\/2026\/06\/img3996.jpg\" alt=\"Der Hurstsee bei Ettlingen. (Archivbild)\" title=\"Der Hurstsee bei Ettlingen. (Archivbild)\" loading=\"lazy\" class=\"h-full w-full object-cover\"\/><\/p>\n<p>      Icon vergr\u00f6\u00dfern<\/p>\n<p>    Der Hurstsee bei Ettlingen. (Archivbild)<br \/>\n    Foto: Thomas Riedel<\/p>\n<p>        Schlie\u00dfen <\/p>\n<p>      Icon Schlie\u00dfen<\/p>\n<p>        Icon vergr\u00f6\u00dfern<\/p>\n<p>        Icon verkleinern<\/p>\n<p>      Icon Pfeil bewegen<\/p>\n<p>    Der Hurstsee bei Ettlingen. (Archivbild)<br \/>\n    Foto: Thomas Riedel<\/p>\n<p class=\"mb-6 text-xs-varying md:text-m lg:text-l font-serif group-[.font-sans]:font-sans \">\n    Auch auf der Badegew\u00e4sserkarte schneiden die Karlsruher Seen gut ab: Sie werden derzeit durchweg mit \u201esehr gut\u201c bis \u201egut\u201c bewertet. Lediglich der <strong class=\"font-bold\">Hurstsee bei Ettlingen hat noch keine Einstufung nach der Notenskala des Landesgesundheitsamts<\/strong> \u2013 das hat jedoch nichts mit der Wasserqualit\u00e4t zu tun.\n  <\/p>\n<p class=\"mb-6 text-xs-varying md:text-m lg:text-l font-serif group-[.font-sans]:font-sans \">\n    Die Klassifizierung von EU-Badestellen erfolgt laut Jox stets r\u00fcckwirkend am Ende der Badesaison und basiert auf den Messdaten der vergangenen vier Jahre, mindestens jedoch auf 16 Messwerten. \u201eDiese Daten liegen f\u00fcr den Hurstsee in Ettlingen noch nicht vor,<strong class=\"font-bold\"> eine erste Klassifizierung kann voraussichtlich erst zum Ende der Badesaison 2027 erfolgen<\/strong>\u201c, sagt er.\n  <\/p>\n<p>    <img decoding=\"async\" src=\"https:\/\/images.mgpd.de\/img\/114082933\/crop\/c16_9-w100\/661437254\/53663575\/epplesee-rheinstetten-mai-2023.jpg\" alt=\"Epplesee in Rheinstetten. (Archivbild)\" title=\"Epplesee in Rheinstetten. (Archivbild)\" loading=\"lazy\" class=\"h-full w-full object-cover\"\/><\/p>\n<p>      Icon vergr\u00f6\u00dfern<\/p>\n<p>    Epplesee in Rheinstetten. (Archivbild)<br \/>\n    Foto: Thomas Riedel<\/p>\n<p>        Schlie\u00dfen <\/p>\n<p>      Icon Schlie\u00dfen<\/p>\n<p>        Icon vergr\u00f6\u00dfern<\/p>\n<p>        Icon verkleinern<\/p>\n<p>      Icon Pfeil bewegen<\/p>\n<p>    Epplesee in Rheinstetten. (Archivbild)<br \/>\n    Foto: Thomas Riedel<\/p>\n<p>            Worauf werden die Badeseen untersucht?<\/p>\n<p class=\"mb-6 text-xs-varying md:text-m lg:text-l font-serif group-[.font-sans]:font-sans \">\n    Die Seen werden auf zwei besondere Keime untersucht: Escherichia coli (E. Coli), ein Keim, der im Darm von V\u00f6geln und S\u00e4ugetieren vorkommt, und auf Intestinale Enterokokken (I.E.). Ein Bakterium, das \u00fcberall in der Natur vorkommen und Wundinfektionen und Harnwegsinfektionen ausl\u00f6sen kann. Zudem wird das Wasser auf sogenannte Blaualgen getestet.\n  <\/p>\n<p class=\"mb-6 text-xs-varying md:text-m lg:text-l font-serif group-[.font-sans]:font-sans \">\n    Hier findet ihr den Link zur Badegew\u00e4sserkarte Baden-W\u00fcrttemberg: <a href=\"https:\/\/badegewaesserkarte.landbw.de\/?data_id=dataSource_17-Gesamt_UVB_BGW_2577:220,dataSource_14-Badegewaesser_94:220\" rel=\"nofollow noopener\" target=\"_blank\" class=\"underline \">badegewaesserkarte.landbw.de<\/a>\n  <\/p>\n","protected":false},"excerpt":{"rendered":"Angesichts der angek\u00fcndigten Hitzewelle in Karlsruhe suchen viele nach einer schnellen Abk\u00fchlung \u2013 da liegt ein Ausflug an&hellip;\n","protected":false},"author":2,"featured_media":1101891,"comment_status":"","ping_status":"","sticky":false,"template":"","format":"standard","meta":{"footnotes":"","_share_on_mastodon":"0"},"categories":[1844],"tags":[1634,22278,3364,29,31190,30,18113,8903,233501,233504,233500,233502,32612,233503],"class_list":["post-1101890","post","type-post","status-publish","format-standard","has-post-thumbnail","category-karlsruhe","tag-baden-wuerttemberg","tag-badesaison","tag-de","tag-deutschland","tag-ettlingen","tag-germany","tag-hitzewelle","tag-karlsruhe","tag-karlsruher-see","tag-laborergebnis","tag-landesgesundheitsamt","tag-markus-jox","tag-wasserqualitaet","tag-wasserwert"],"share_on_mastodon":{"url":"https:\/\/pubeurope.com\/@de\/116767306026112195","error":""},"_links":{"self":[{"href":"https:\/\/www.europesays.com\/de\/wp-json\/wp\/v2\/posts\/1101890","targetHints":{"allow":["GET"]}}],"collection":[{"href":"https:\/\/www.europesays.com\/de\/wp-json\/wp\/v2\/posts"}],"about":[{"href":"https:\/\/www.europesays.com\/de\/wp-json\/wp\/v2\/types\/post"}],"author":[{"embeddable":true,"href":"https:\/\/www.europesays.com\/de\/wp-json\/wp\/v2\/users\/2"}],"replies":[{"embeddable":true,"href":"https:\/\/www.europesays.com\/de\/wp-json\/wp\/v2\/comments?post=1101890"}],"version-history":[{"count":0,"href":"https:\/\/www.europesays.com\/de\/wp-json\/wp\/v2\/posts\/1101890\/revisions"}],"wp:featuredmedia":[{"embeddable":true,"href":"https:\/\/www.europesays.com\/de\/wp-json\/wp\/v2\/media\/1101891"}],"wp:attachment":[{"href":"https:\/\/www.europesays.com\/de\/wp-json\/wp\/v2\/media?parent=1101890"}],"wp:term":[{"taxonomy":"category","embeddable":true,"href":"https:\/\/www.europesays.com\/de\/wp-json\/wp\/v2\/categories?post=1101890"},{"taxonomy":"post_tag","embeddable":true,"href":"https:\/\/www.europesays.com\/de\/wp-json\/wp\/v2\/tags?post=1101890"}],"curies":[{"name":"wp","href":"https:\/\/api.w.org\/{rel}","templated":true}]}}