{"id":1101921,"date":"2026-06-17T20:36:22","date_gmt":"2026-06-17T20:36:22","guid":{"rendered":"https:\/\/www.europesays.com\/de\/1101921\/"},"modified":"2026-06-17T20:36:22","modified_gmt":"2026-06-17T20:36:22","slug":"massenzustromrichtlinie-von-der-leyen-will-aufnahme-von-ukrainern-in-der-eu-einschraenken","status":"publish","type":"post","link":"https:\/\/www.europesays.com\/de\/1101921\/","title":{"rendered":"Massenzustromrichtlinie: Von der Leyen will Aufnahme von Ukrainern in der EU einschr\u00e4nken"},"content":{"rendered":"<p class=\"is-first-paragraph\" data-external=\"Article.FirstParagraph\">EU-Kommissionspr\u00e4sidentin Ursula von der Leyen will die Aufnahme von Kriegsfl\u00fcchtlingen aus der Ukraine in der Europ\u00e4ischen Union einschr\u00e4nken. Die deutsche Politikerin k\u00fcndigte einen Vorschlag der Br\u00fcsseler Beh\u00f6rde an, der die vereinfachten Aufnahmeregeln f\u00fcr ukrainische Staatsangeh\u00f6rige limitieren soll, wie aus einem Brief an die europ\u00e4ischen Staats- und Regierungschefs vor dem EU-Gipfel am Donnerstag hervorgeht.<\/p>\n<p>Die EU-Kommission werde vorschlagen, den vor\u00fcbergehenden Schutz f\u00fcr Menschen, die vor dem <a class=\"is-link c-block-items__link c-link--rich-text-renderer\" href=\"https:\/\/www.welt.de\/themen\/ukraine-krise\/\" data-internal-tracking-enabled=\"true\" data-internal-tracking=\"{&quot;action&quot;:&quot;click&quot;,&quot;label&quot;:&quot;link&quot;,&quot;name&quot;:&quot;Inline Element&quot;,&quot;data&quot;:{&quot;source&quot;:&quot;&quot;,&quot;target&quot;:&quot;https:\/\/www.welt.de\/themen\/ukraine-krise\/&quot;,&quot;trackingName&quot;:&quot;&quot;,&quot;trackingLabel&quot;:&quot;&quot;}}\" rel=\"nofollow noopener\" target=\"_blank\">Krieg in der Ukraine<\/a> fliehen, zu verl\u00e4ngern, hei\u00dft es darin. Der Geltungsbereich solle aber so eingeschr\u00e4nkt werden, dass die Verl\u00e4ngerung die F\u00e4higkeit der Ukraine zur Selbstverteidigung nicht untergrabe. Details zu dem geplanten Vorschlag \u2013 also ob etwa M\u00e4nner k\u00fcnftig anders behandelt werden sollten \u2013 nannte von der Leyen nicht. Es gilt aber als wahrscheinlich.<\/p>\n<p>Bei einem Treffen der Innenminister der EU Anfang Juni hatten sich Deutschland und andere Mitgliedsl\u00e4nder daf\u00fcr ausgesprochen, wehrf\u00e4higen M\u00e4nner aus der Ukraine die Aufnahme in der Union zu erschweren. Breite Unterst\u00fctzung fand nach Informationen der Deutschen Presse-Agentur ein Vorschlag, 23- bis 60-J\u00e4hrige bei der Aufnahmerichtlinie auszunehmen.<\/p>\n<p>Kriegsfl\u00fcchtlinge aus der Ukraine fallen in der Europ\u00e4ischen Union unter die sogenannte Massenzustromrichtlinie, ihre Schutzersuchen werden also nicht individuell gepr\u00fcft. Diese EU-Regel l\u00e4uft aktuell bis zum 4. M\u00e4rz 2027. EU-Migrationskommissar Magnus Brunner hatte ank\u00fcndigt, zeitnah einen Vorschlag zur Verl\u00e4ngerung vorzulegen.<\/p>\n<p>Bundeskanzler Friedrich Merz (CDU) hatte sich bereits vergangenes Jahr deutlich positioniert und vom ukrainischen Pr\u00e4sidenten Wolodymyr Selenskyj strengere <a class=\"is-link c-block-items__link c-link--rich-text-renderer\" href=\"https:\/\/www.welt.de\/politik\/ausland\/article691742dfcc12c94ca4e42c42\/gespraech-mit-selenskyj-weil-sie-im-land-gebraucht-werden-merz-fordert-strengere-ausreiseregeln-fuer-junge-ukrainer.html\" data-internal-tracking-enabled=\"true\" data-internal-tracking=\"{&quot;action&quot;:&quot;click&quot;,&quot;label&quot;:&quot;link&quot;,&quot;name&quot;:&quot;Inline Element&quot;,&quot;data&quot;:{&quot;source&quot;:&quot;&quot;,&quot;target&quot;:&quot;https:\/\/www.welt.de\/politik\/ausland\/article691742dfcc12c94ca4e42c42\/gespraech-mit-selenskyj-weil-sie-im-land-gebraucht-werden-merz-fordert-strengere-ausreiseregeln-fuer-junge-ukrainer.html&quot;,&quot;trackingName&quot;:&quot;&quot;,&quot;trackingLabel&quot;:&quot;&quot;}}\" rel=\"nofollow noopener\" target=\"_blank\">Ausreisebestimmungen f\u00fcr junge M\u00e4nner<\/a> gefordert. \u201eIch habe ihn gebeten, daf\u00fcr zu sorgen, dass diese jungen M\u00e4nner im Land bleiben, weil sie im Land gebraucht werden und nicht in Deutschland\u201c, sagte Merz.<\/p>\n","protected":false},"excerpt":{"rendered":"EU-Kommissionspr\u00e4sidentin Ursula von der Leyen will die Aufnahme von Kriegsfl\u00fcchtlingen aus der Ukraine in der Europ\u00e4ischen Union einschr\u00e4nken.&hellip;\n","protected":false},"author":2,"featured_media":1101922,"comment_status":"","ping_status":"","sticky":false,"template":"","format":"standard","meta":{"footnotes":"","_share_on_mastodon":"0"},"categories":[3933],"tags":[331,332,548,663,158,7736,3934,3935,13,9497,14,15,110,115,12,45,317,9498],"class_list":["post-1101921","post","type-post","status-publish","format-standard","has-post-thumbnail","category-eu","tag-aktuelle-nachrichten","tag-aktuelle-news","tag-eu","tag-europa","tag-europaeische-union","tag-europaeische-union-eu","tag-europe","tag-european-union","tag-headlines","tag-leyen","tag-nachrichten","tag-news","tag-newsteam","tag-russland-ukraine-krieg-24-2-2022","tag-schlagzeilen","tag-texttospeech","tag-ukraine","tag-ursula-von-der"],"share_on_mastodon":{"url":"https:\/\/pubeurope.com\/@de\/116767371305237697","error":""},"_links":{"self":[{"href":"https:\/\/www.europesays.com\/de\/wp-json\/wp\/v2\/posts\/1101921","targetHints":{"allow":["GET"]}}],"collection":[{"href":"https:\/\/www.europesays.com\/de\/wp-json\/wp\/v2\/posts"}],"about":[{"href":"https:\/\/www.europesays.com\/de\/wp-json\/wp\/v2\/types\/post"}],"author":[{"embeddable":true,"href":"https:\/\/www.europesays.com\/de\/wp-json\/wp\/v2\/users\/2"}],"replies":[{"embeddable":true,"href":"https:\/\/www.europesays.com\/de\/wp-json\/wp\/v2\/comments?post=1101921"}],"version-history":[{"count":0,"href":"https:\/\/www.europesays.com\/de\/wp-json\/wp\/v2\/posts\/1101921\/revisions"}],"wp:featuredmedia":[{"embeddable":true,"href":"https:\/\/www.europesays.com\/de\/wp-json\/wp\/v2\/media\/1101922"}],"wp:attachment":[{"href":"https:\/\/www.europesays.com\/de\/wp-json\/wp\/v2\/media?parent=1101921"}],"wp:term":[{"taxonomy":"category","embeddable":true,"href":"https:\/\/www.europesays.com\/de\/wp-json\/wp\/v2\/categories?post=1101921"},{"taxonomy":"post_tag","embeddable":true,"href":"https:\/\/www.europesays.com\/de\/wp-json\/wp\/v2\/tags?post=1101921"}],"curies":[{"name":"wp","href":"https:\/\/api.w.org\/{rel}","templated":true}]}}