{"id":1101991,"date":"2026-06-17T21:16:16","date_gmt":"2026-06-17T21:16:16","guid":{"rendered":"https:\/\/www.europesays.com\/de\/1101991\/"},"modified":"2026-06-17T21:16:16","modified_gmt":"2026-06-17T21:16:16","slug":"prinzessin-ariane-feiert-beim-staatsbankett-ihr-diadem-debuet-maxima-setzt-noch-einen-drauf","status":"publish","type":"post","link":"https:\/\/www.europesays.com\/de\/1101991\/","title":{"rendered":"Prinzessin Ariane feiert beim Staatsbankett ihr Diadem-Deb\u00fct \u2013 M\u00e1xima setzt noch einen drauf"},"content":{"rendered":"<p class=\"text-element u-richtext u-typo u-typo--article-text gallery__text-element text-element--context-gallery\">\nWelches Diadem w\u00e4hlt man als junge Prinzessin, der diese Ehre zum ersten mal zu Teil wird? Auch GALA hat spekuliert, jedoch nicht auf dieses Modell gesetzt! Dann anders als viele dachten, nimmt Prinzessin Ariane sich nicht ganz zur\u00fcck, was ihre Schmuckwahl angeht. Sie w\u00e4hlt das Diamant Diadem von K\u00f6nigin Emma, verzichtet aber auf die imposanten Aufs\u00e4tze, die das Juweln noch h\u00f6her und imposanter machen w\u00fcrden. 50.000 Gulden hat K\u00f6nig Willem III. wohl daf\u00fcr bezahlt, auch wenn er leider starb, bevor er seiner viel j\u00fcngeren Ehefrau das Geschenk machen konnte. Eine interessante und raffinierte Wahl! Denn so tr\u00e4gt sie zwar ein ber\u00fchmtes Schmuckst\u00fcck, das seit 1890 in der K\u00f6nigsfamilie ist und so eine lange Tradition aufweist, sticht aber nicht zu sehr hervor. Daf\u00fcr hat unter anderem K\u00f6nigin M\u00e1xima mit ihrer Tiara-Wahl gesorgt.\u00a0<\/p>\n<p>Diademe vom Staatsbankett: Prinzessin Ariane feiert Deb\u00fct, doch M\u00e1xima setzt (wirklich) einen drauf<\/p>\n<p class=\"text-element u-richtext u-typo u-typo--article-text gallery__text-element text-element--context-gallery\">\nDas ber\u00fchmte Stuart Diadem hat seinen Namen wegen einem imposanten Diamanten, der genau diesen Namen tr\u00e4gt und fast 40 Karat wirkt. Er ist viel \u00e4lter als das Schmuckst\u00fcck selbst und stammt wohl aus dem Jahr 1690. Ebenso wie bei Prinzessin Arianes Diadem ist auch bei diesem Schmuckst\u00fcck der Aufsatz variabel auf- und abzunehmen. Um Japans Kaiserpaar in Empfang zu nehmen entscheidet sich die K\u00f6nigin der Niederlande jedoch f\u00fcr die ausladende Variante. Dieser Auftritt ist ihr auf voller Linie gelungen!<\/p>\n<p class=\"text-element u-richtext u-typo u-typo--article-text gallery__text-element text-element--context-gallery\">\nRund 150.000 Gulden zahlte K\u00f6nig Willem III. damals f\u00fcr weitere Schmuckst\u00fccke f\u00fcr seine Ehefrau Emma: Die Mellerio-Rubin-Parure besteht unter anderem aus dem Diadem, das Kronprinzessin Amalia an diesem Abend tr\u00e4gt. Das ist nicht ihr erster Auftritt mit dem beliebten Schmuckst\u00fcck, das sie bereits im April 2025 trug. Dadurch lenkt sie das Interesse geschickt auf ihre Schwester und ihren besonderen Moment.\u00a0<\/p>\n<p class=\"text-element u-richtext u-typo u-typo--article-text gallery__text-element text-element--context-gallery\">\nEine Frau eint Prinzessin Ariane, Kronprinzessin Amalia und K\u00f6nigin Beatrix: ihre Vorfahrin, K\u00f6nigin Emma! Denn all ihre Schmuckst\u00fccke stammen von der ber\u00fchmten Monarchin, die fr\u00fch ihren Mann verlor und eine Vorliebe f\u00fcr sch\u00f6nen Schmuck hatte. Das Diamant Bandeau, das K\u00f6nigin Beatrix beim Staatsbankett tr\u00e4gt, ist weniger imposant, besticht aber durch den aniken Schliff seiner Edelsteine.\u00a0<\/p>\n<p>\nGala<\/p>\n","protected":false},"excerpt":{"rendered":"Welches Diadem w\u00e4hlt man als junge Prinzessin, der diese Ehre zum ersten mal zu Teil wird? Auch GALA&hellip;\n","protected":false},"author":2,"featured_media":1101992,"comment_status":"","ping_status":"","sticky":false,"template":"","format":"standard","meta":{"footnotes":"","_share_on_mastodon":"0"},"categories":[1776],"tags":[1801,29,214,30,1802,215],"class_list":["post-1101991","post","type-post","status-publish","format-standard","has-post-thumbnail","category-prominente","tag-celebrities","tag-deutschland","tag-entertainment","tag-germany","tag-prominente","tag-unterhaltung"],"share_on_mastodon":{"url":"https:\/\/pubeurope.com\/@de\/116767528753938799","error":""},"_links":{"self":[{"href":"https:\/\/www.europesays.com\/de\/wp-json\/wp\/v2\/posts\/1101991","targetHints":{"allow":["GET"]}}],"collection":[{"href":"https:\/\/www.europesays.com\/de\/wp-json\/wp\/v2\/posts"}],"about":[{"href":"https:\/\/www.europesays.com\/de\/wp-json\/wp\/v2\/types\/post"}],"author":[{"embeddable":true,"href":"https:\/\/www.europesays.com\/de\/wp-json\/wp\/v2\/users\/2"}],"replies":[{"embeddable":true,"href":"https:\/\/www.europesays.com\/de\/wp-json\/wp\/v2\/comments?post=1101991"}],"version-history":[{"count":0,"href":"https:\/\/www.europesays.com\/de\/wp-json\/wp\/v2\/posts\/1101991\/revisions"}],"wp:featuredmedia":[{"embeddable":true,"href":"https:\/\/www.europesays.com\/de\/wp-json\/wp\/v2\/media\/1101992"}],"wp:attachment":[{"href":"https:\/\/www.europesays.com\/de\/wp-json\/wp\/v2\/media?parent=1101991"}],"wp:term":[{"taxonomy":"category","embeddable":true,"href":"https:\/\/www.europesays.com\/de\/wp-json\/wp\/v2\/categories?post=1101991"},{"taxonomy":"post_tag","embeddable":true,"href":"https:\/\/www.europesays.com\/de\/wp-json\/wp\/v2\/tags?post=1101991"}],"curies":[{"name":"wp","href":"https:\/\/api.w.org\/{rel}","templated":true}]}}