{"id":1102188,"date":"2026-06-17T23:14:35","date_gmt":"2026-06-17T23:14:35","guid":{"rendered":"https:\/\/www.europesays.com\/de\/1102188\/"},"modified":"2026-06-17T23:14:35","modified_gmt":"2026-06-17T23:14:35","slug":"fahndung-autofahrer-erfasst-auf-bielefelder-radweg-ein-neunjaehriges-maedchen-und-haut-ab","status":"publish","type":"post","link":"https:\/\/www.europesays.com\/de\/1102188\/","title":{"rendered":"Fahndung: Autofahrer erfasst auf Bielefelder Radweg ein neunj\u00e4hriges M\u00e4dchen und haut ab"},"content":{"rendered":"<p id=\"absatz1\" class=\"em_text\">Bielefeld-Windelsbleiche. Fehler im Stra\u00dfenverkehr k\u00f6nnen passieren. Manche davon f\u00fchren auch zu Unf\u00e4llen. Daf\u00fcr haben die Menschen Verst\u00e4ndnis. Wer aber ein neunj\u00e4hriges M\u00e4dchen anf\u00e4hrt und dann abhaut, der sollte nicht mit viel Unterst\u00fctzung rechnen.<\/p>\n<p id=\"absatz2\" class=\"em_text\">Aktuell sucht die Polizei genau so einen Autofahrer. Er soll beim Verlassen einer Grundst\u00fcckseinfahrt an der Windelsbleicher Stra\u00dfe die kleine Radfahrerin auf dem Radweg missachtet haben. Es kam zu einem Zusammensto\u00df und dann hupte der Fahrer nur noch und gab Gas.<\/p>\n<p id=\"absatz3\" class=\"em_text\">Wie die Polizei mitteilt, ereignete sich dieser Unfall am Montag, 15. Juni, zwischen 7.15 und 7.30 Uhr auf dem Abschnitt der Windelsbleicher Stra\u00dfe zwischen Segelweg und Klasheide. Nach dem bisherigen Kenntnisstand der Polizei fuhr die neunj\u00e4hrige Bielefelderin mit ihrem Fahrrad auf dem Radweg der Windelsbleicher Stra\u00dfe in Richtung Friedrichsdorfer Stra\u00dfe. Die Polizei geht davon aus, dass der gesuchte Autofahrer die kleine Radfahrerin \u00fcbersah, als er das Grundst\u00fcck verlassen wollte.<\/p>\n<p id=\"absatz4\"><b class=\"bold\">Zum Thema:<\/b> <a href=\"https:\/\/www.nw.de\/lokal\/bielefeld\/mitte\/22186501_Unfaelle-mit-Kindern-Polizei-wendet-sich-mit-Appell-an-Bielefelder.html\" rel=\"nofollow noopener\" target=\"_blank\">Unf\u00e4lle mit Kindern: Polizei wendet sich mit Appell an Bielefelder<\/a><\/p>\n<p>Kleine Bielefelderin wird bei der Kollision leicht verletzt<\/p>\n<p id=\"absatz5\" class=\"em_text\">Das M\u00e4dchen wurde bei dem Unfall leicht verletzt. Doch statt anzuhalten, sich um das M\u00e4dchen zu k\u00fcmmern und die Polizei zu informieren, hupte der Autofahrer und fuhr davon. Die Mutter der Radlerin erschien sp\u00e4ter mit ihrer Tochter auf einer Polizeiwache, um Anzeige gegen den Autofahrer zu erstatten.<\/p>\n<p id=\"absatz6\" class=\"em_text\">Das Verkehrskommissariat 1 der Polizei hofft nun auf Zeugen, die m\u00f6glicherweise Hinweise zu dem schwarzen Unfallwagen oder zum Fahrer geben k\u00f6nnen unter Tel. 0521 5450.<\/p>\n<p id=\"absatz7\" class=\"em_text\">Erst vor wenigen Tagen hatte es einen \u00e4hnlichen Unfall mit einem siebenj\u00e4hrigen Radler in Heepen gegeben. Die Unfallfahrerin hatte sich zwar kurz nach dem Wohlbefinden des Jungen erkundigt und auch die Mutter war wenig sp\u00e4ter am Unfallort eingetroffen. Trotzdem verlie\u00df die 72-j\u00e4hrige Autofahrerin anschlie\u00dfend einfach den Unfallort.<\/p>\n<p id=\"absatz8\"><b class=\"bold\">Auch wichtig<\/b>: <a href=\"https:\/\/www.nw.de\/lokal\/bielefeld\/mitte\/24350073_Bielefelder-Autofahrerin-faehrt-Kind-an-und-laesst-das-Opfer-mit-der-Mutter-sitzen.html\" rel=\"nofollow noopener\" target=\"_blank\">Bielefelder Autofahrerin f\u00e4hrt Kind an und l\u00e4sst das Opfer mit der Mutter sitzen<\/a><\/p>\n<p id=\"absatz9\" class=\"em_text\">Wie die Polizei immer wieder betont, reicht es bei einem Unfall mit Kindern nicht aus, zu fragen, ob es dem beteiligten Kind gut geht: \u201eDurch eine Weiterfahrt erf\u00fcllen Sie den Tatbestand einer Unfallflucht\u201c, warnt die Polizei. \u201eRufen Sie immer die Polizei, wenn bei einem Unfall ein Kind beteiligt ist. Setzen Sie sich nicht dem Verdacht der Unfallflucht aus, indem sie weiterfahren, ohne die Polizei zu informieren.\u201c <\/p>\n","protected":false},"excerpt":{"rendered":"Bielefeld-Windelsbleiche. Fehler im Stra\u00dfenverkehr k\u00f6nnen passieren. Manche davon f\u00fchren auch zu Unf\u00e4llen. Daf\u00fcr haben die Menschen Verst\u00e4ndnis. Wer&hellip;\n","protected":false},"author":2,"featured_media":1102189,"comment_status":"","ping_status":"","sticky":false,"template":"","format":"standard","meta":{"footnotes":"","_share_on_mastodon":"0"},"categories":[1841],"tags":[513,1605,102404,3364,29,7142,5516,1234,231366,30,109361,16392,1611,1606,1608,198079,736,164252,16384,1613,1209,121,16722,16721,32812,8733,1284,18270,233534],"class_list":["post-1102188","post","type-post","status-publish","format-standard","has-post-thumbnail","category-bielefeld","tag-auto","tag-bielefeld","tag-cnt_top-artikel","tag-de","tag-deutschland","tag-fahndung","tag-fahrerflucht","tag-fahrrad","tag-friedrichsdorfer-strasse","tag-germany","tag-kind-angefahren","tag-label_blaulicht","tag-label_informiere-mich","tag-label_m-80","tag-label_top-news","tag-meta_artikelklasse_seo","tag-meta_copyrights_nw","tag-meta_eo_zusammenfassung","tag-meta_themen_blaulicht_sicherheit","tag-meta_userneeds_informieremich","tag-nordrhein-westfalen","tag-polizei","tag-polizei-bielefeld","tag-polizeibericht-bielefeld","tag-radunfall","tag-radweg","tag-unfall","tag-unfallflucht","tag-windelsbleicher-strasse"],"share_on_mastodon":{"url":"","error":"Validation failed: Text character limit of 500 exceeded"},"_links":{"self":[{"href":"https:\/\/www.europesays.com\/de\/wp-json\/wp\/v2\/posts\/1102188","targetHints":{"allow":["GET"]}}],"collection":[{"href":"https:\/\/www.europesays.com\/de\/wp-json\/wp\/v2\/posts"}],"about":[{"href":"https:\/\/www.europesays.com\/de\/wp-json\/wp\/v2\/types\/post"}],"author":[{"embeddable":true,"href":"https:\/\/www.europesays.com\/de\/wp-json\/wp\/v2\/users\/2"}],"replies":[{"embeddable":true,"href":"https:\/\/www.europesays.com\/de\/wp-json\/wp\/v2\/comments?post=1102188"}],"version-history":[{"count":0,"href":"https:\/\/www.europesays.com\/de\/wp-json\/wp\/v2\/posts\/1102188\/revisions"}],"wp:featuredmedia":[{"embeddable":true,"href":"https:\/\/www.europesays.com\/de\/wp-json\/wp\/v2\/media\/1102189"}],"wp:attachment":[{"href":"https:\/\/www.europesays.com\/de\/wp-json\/wp\/v2\/media?parent=1102188"}],"wp:term":[{"taxonomy":"category","embeddable":true,"href":"https:\/\/www.europesays.com\/de\/wp-json\/wp\/v2\/categories?post=1102188"},{"taxonomy":"post_tag","embeddable":true,"href":"https:\/\/www.europesays.com\/de\/wp-json\/wp\/v2\/tags?post=1102188"}],"curies":[{"name":"wp","href":"https:\/\/api.w.org\/{rel}","templated":true}]}}