{"id":1102470,"date":"2026-06-18T01:57:24","date_gmt":"2026-06-18T01:57:24","guid":{"rendered":"https:\/\/www.europesays.com\/de\/1102470\/"},"modified":"2026-06-18T01:57:24","modified_gmt":"2026-06-18T01:57:24","slug":"weiterer-neuzugang-illertissen-holt-sich-verstaerkung-aus-mannheim","status":"publish","type":"post","link":"https:\/\/www.europesays.com\/de\/1102470\/","title":{"rendered":"Weiterer Neuzugang: Illertissen holt sich Verst\u00e4rkung aus Mannheim"},"content":{"rendered":"<p>Vom Regionalliga S\u00fcdwest-Aufsteiger VfR Mannheim kommt der 22-j\u00e4hrige St\u00fcrmer <a href=\"https:\/\/www.fupa.net\/player\/shaban-veselaj-1871407\" target=\"_blank\" rel=\"noopener nofollow\">Shaban Veselaj<\/a>, der in der Jugend beim SGV Freiberg ausgebildet wurde. Im Sommer 2023 schaffte er den Sprung aus der U19 der Freiberger in die erste Mannschaft. Dort kam er zu neun Eins\u00e4tzen beim ambitionierten Regionalligisten. Um mehr Spielpraxis zu sammeln, wechselte er im Sommer 2024 zum Oberligisten TSG Backnang, wo er 13 Tore in der Oberliga erzielen konnte. Im Sommer 2025 zog es Veselaj zum VfR Mannheim. Mit den Kurpf\u00e4lzern schaffte er den Aufstieg in die Regionalliga und steuerte zum Erfolg in 30 Eins\u00e4tzen acht Tore bei. Illertissens Sportvorstand Karl-Heinz Bachthaler freut sich auf den Neuzugang: &#8222;Der 1,88m gro\u00dfe St\u00fcrmer \u00fcberzeugt mit k\u00f6rperlicher Pr\u00e4senz, Tempo und Schnelligkeit und ist ein torgef\u00e4hrlicher, flexibel einsetzbarer St\u00fcrmer. Mit der Verpflichtung von Veselaj unterstreicht der FV Illertissen seine Ambitionen und stellt die Weichen f\u00fcr eine konkurrenzf\u00e4hige Offensive.&#8220; <\/p>\n<p>&#8222;Ich freue mich auf die neue Aufgabe in der Regionalliga Bayern beim FV Illertissen und m\u00f6chte den n\u00e4chsten Schritt in meiner Karriere machen&#8220;, l\u00e4sst Shaban Veselaj wissen. <\/p>\n<p>   Die bisherigen Sommer-Transferbewegungen bein FV Illertissen (Stand 15.06.)  <\/p>\n<p>Trainer: Walid Khaled (NEU) <br \/>Zug\u00e4nge: Nino Cassaniti (Viktoria Aschaffenburg), Ilkan Atak (FC Ismaning), Jan-Luca Fink (FC Gundelfingen), Odin Redier (TSV Schwaben Augsburg), Constantin Pauly (FC Gie\u00dfen), Ben Kronenberg (SC Preu\u00dfen M\u00fcnster II), Nikola Stojnovic (T\u00fcrkspor Neu-Ulm), Shaban Veselaj (VfR Mannheim) <br \/>Abg\u00e4nge: Tobias R\u00fchle (FV Bellenberg), Malik Sama (Stuttgarter Kickers), Luka Petrovic (FC Memmingen), Max Zeller (FC Memmingen), Nico Helbock (SCR Altach II \/ \u00d6sterreich), Luis Pfaumann (FC Memmingen), Uros Micic (FC Memmingen), Marco G\u00f6lz (SSV Ulm 1846 Fu\u00dfball), Yannick Glessing (Stuttgarter Kickers), Alexander Kopf (SSV Ulm 1846 Fu\u00dfball), Lasse J\u00fcrgensen (VfR Aalen), Robin Muth (Ziel unbekannt) <\/p>\n","protected":false},"excerpt":{"rendered":"Vom Regionalliga S\u00fcdwest-Aufsteiger VfR Mannheim kommt der 22-j\u00e4hrige St\u00fcrmer Shaban Veselaj, der in der Jugend beim SGV Freiberg&hellip;\n","protected":false},"author":2,"featured_media":1102471,"comment_status":"","ping_status":"","sticky":false,"template":"","format":"standard","meta":{"footnotes":"","_share_on_mastodon":"0"},"categories":[1845],"tags":[1634,3364,29,548,663,3934,68782,30,13,2096,14,15,22673,28521,12,233570,21037],"class_list":["post-1102470","post","type-post","status-publish","format-standard","has-post-thumbnail","category-mannheim","tag-baden-wuerttemberg","tag-de","tag-deutschland","tag-eu","tag-europa","tag-europe","tag-fv-illertissen","tag-germany","tag-headlines","tag-mannheim","tag-nachrichten","tag-news","tag-regionalliga-bayern","tag-regionalliga-suedwest","tag-schlagzeilen","tag-shaban-veselaj","tag-vfr-mannheim"],"share_on_mastodon":{"url":"https:\/\/pubeurope.com\/@de\/116768633405968214","error":""},"_links":{"self":[{"href":"https:\/\/www.europesays.com\/de\/wp-json\/wp\/v2\/posts\/1102470","targetHints":{"allow":["GET"]}}],"collection":[{"href":"https:\/\/www.europesays.com\/de\/wp-json\/wp\/v2\/posts"}],"about":[{"href":"https:\/\/www.europesays.com\/de\/wp-json\/wp\/v2\/types\/post"}],"author":[{"embeddable":true,"href":"https:\/\/www.europesays.com\/de\/wp-json\/wp\/v2\/users\/2"}],"replies":[{"embeddable":true,"href":"https:\/\/www.europesays.com\/de\/wp-json\/wp\/v2\/comments?post=1102470"}],"version-history":[{"count":0,"href":"https:\/\/www.europesays.com\/de\/wp-json\/wp\/v2\/posts\/1102470\/revisions"}],"wp:featuredmedia":[{"embeddable":true,"href":"https:\/\/www.europesays.com\/de\/wp-json\/wp\/v2\/media\/1102471"}],"wp:attachment":[{"href":"https:\/\/www.europesays.com\/de\/wp-json\/wp\/v2\/media?parent=1102470"}],"wp:term":[{"taxonomy":"category","embeddable":true,"href":"https:\/\/www.europesays.com\/de\/wp-json\/wp\/v2\/categories?post=1102470"},{"taxonomy":"post_tag","embeddable":true,"href":"https:\/\/www.europesays.com\/de\/wp-json\/wp\/v2\/tags?post=1102470"}],"curies":[{"name":"wp","href":"https:\/\/api.w.org\/{rel}","templated":true}]}}