{"id":1102541,"date":"2026-06-18T02:36:22","date_gmt":"2026-06-18T02:36:22","guid":{"rendered":"https:\/\/www.europesays.com\/de\/1102541\/"},"modified":"2026-06-18T02:36:22","modified_gmt":"2026-06-18T02:36:22","slug":"rb-leipzig-juergen-klopp-rechtfertigt-werner-aus-vor-wm-spiel","status":"publish","type":"post","link":"https:\/\/www.europesays.com\/de\/1102541\/","title":{"rendered":"RB Leipzig: J\u00fcrgen Klopp rechtfertigt Werner-Aus vor WM-Spiel"},"content":{"rendered":"<p>Bei WM-\u00dcbertragung <\/p>\n<p>Klopp rechtfertigt Trainer-Aus bei RB Leipzig<\/p>\n<p>17.06.2026 &#8211; 23:16 UhrLesedauer: 2 Min.<\/p>\n<p><a href=\"#focus-0\" class=\"transition-colors block text-current relative\" data-sctrack=\"FocusGalleryImage.Reference\"><img fetchpriority=\"high\" data-testid=\"Opener.Image\"   loading=\"eager\" src=\"https:\/\/www.europesays.com\/de\/wp-content\/uploads\/2026\/06\/fussball-maenner-wm-vor-dem-spiel-england-kroatien-vorrunde-gruppe-l-1-spieltag-dallas-stadion-juerg.jpeg\" alt=\"WM 2026 - England - Kroatien\" title=\"WM 2026 - England - Kroatien\" width=\"2048\" height=\"1152\" class=\"bg-[url:var(--lqipURL)] bg-cover bg-center flex h-full w-full max-w-full\" style=\"--lqipURL:url('https:\/\/images.t-online.de\/2026\/06\/yjbqUQqkSa36\/0x0:2048x1152\/fit-in\/150x0\/filters:blur(25)\/fussball-maenner-wm-vor-dem-spiel-england-kroatien-vorrunde-gruppe-l-1-spieltag-dallas-stadion-juergen-klopp-ist-im-stadion-zu-dpa-klopp-zu-werner-aus-in-leipzig-muessen-nach-vorn-gucken.jpg')\" decoding=\"async\"\/><img loading=\"lazy\" src=\"https:\/\/www.t-online.de\/s\/paper\/_next\/static\/media\/zoom-in.f7dae02f.svg\" alt=\"Vergr\u00f6\u00dfern des Bildes\" title=\"Vergr\u00f6\u00dfern des Bildes\" class=\"block h-[calc(var(--height)_\/_16_*_1rem)] w-[calc(var(--width)_\/_16_*_1rem)] max-w-none absolute right-8 bottom-8 rounded-4 bg-snow p-8\" style=\"--width:32;--height:32\" decoding=\"async\"\/><\/a><\/p>\n<p>J\u00fcrgen Klopp \u00e4u\u00dfert sich zu einem m\u00f6glichen neuen Trainer bei RB Leipzig nicht. (Quelle: Bradley Collyer\/PA Wire\/dpa\/dpa-bilder)<\/p>\n<p><img loading=\"lazy\" src=\"https:\/\/www.t-online.de\/s\/paper\/_next\/static\/media\/audio-volume.6689034c.svg\" alt=\"\" title=\"\" class=\"block h-[calc(var(--height)_\/_16_*_1rem)] w-[calc(var(--width)_\/_16_*_1rem)] max-w-none group-hover:brightness-0 group-hover:invert\" style=\"--width:16;--height:16\" decoding=\"async\"\/>Vorlesen<\/p>\n<p>Aktuelle Zeit:0:00Gesamtdauer:0:00<\/p>\n<p>1x<\/p>\n<p class=\"text-center\">Jetzt neu bei t-online:<\/p>\n<p class=\"text-center\">Schriftgr\u00f6\u00dfe anpassen!<\/p>\n<p><img loading=\"lazy\" src=\"https:\/\/www.t-online.de\/s\/paper\/_next\/static\/media\/font-sizes.32942e33.svg\" alt=\"\" title=\"\" class=\"block h-[calc(var(--height)_\/_16_*_1rem)] w-[calc(var(--width)_\/_16_*_1rem)] max-w-none group-hover:hidden group-aria-expanded:hidden\" style=\"--width:16;--height:16\" decoding=\"async\"\/><img loading=\"lazy\" src=\"https:\/\/www.t-online.de\/s\/paper\/_next\/static\/media\/font-sizes-dark-mode.e382645c.svg\" alt=\"\" title=\"\" class=\"block h-[calc(var(--height)_\/_16_*_1rem)] w-[calc(var(--width)_\/_16_*_1rem)] max-w-none hidden group-hover:block group-aria-expanded:block\" style=\"--width:16;--height:16\" decoding=\"async\"\/><img loading=\"lazy\" src=\"https:\/\/www.t-online.de\/s\/paper\/_next\/static\/media\/sharing-menu-icon.1eb71368.svg\" alt=\"\" title=\"\" class=\"block h-[calc(var(--height)_\/_16_*_1rem)] w-[calc(var(--width)_\/_16_*_1rem)] max-w-none group-hover:brightness-0 group-hover:invert\" style=\"--width:16;--height:16\" decoding=\"async\"\/>Artikel teilen<\/p>\n<p class=\"font-bold text-18 leading-17 user-text-lg:text-22 user-text-xl:text-24\">J\u00fcrgen Klopp \u00e4u\u00dfert sich zur Trennung von Ole Werner bei RB Leipzig.<\/p>\n<p class=\"text-18 leading-17 user-text-lg:text-22 user-text-xl:text-24\"><a class=\"transition-colors cursor-pointer text-inherit no-underline text-salemsfur md:hover:text-magenta md:hover:border-magenta md:focus:text-magenta border-current border-b border-solid break-words\" data-tracking=\"{&quot;action&quot;:&quot;click&quot;,&quot;category&quot;:&quot;intextLink&quot;,&quot;label&quot;:&quot;\/themen\/juergen-klopp\/&quot;}\" href=\"https:\/\/www.t-online.de\/themen\/juergen-klopp\/\" data-sctrack=\"BodyAnchor\" rel=\"nofollow noopener\" target=\"_blank\">J\u00fcrgen Klopp<\/a> hat die Trennung von RB Leipzig und Trainer Ole Werner \u00f6ffentlich erkl\u00e4rt. Bei MagentaTV rechtfertigte der Head of Global Soccer den Schritt und sagte, er sei als Teil des globalen Red-Bull-Teams in die Entscheidungsfindung eingebunden gewesen.<\/p>\n<p class=\"text-18 leading-17 user-text-lg:text-22 user-text-xl:text-24\">Klopp sagte: &#8222;Ole hat einen Klasse-Job gemacht. Wir haben uns f\u00fcr die <a class=\"transition-colors cursor-pointer text-inherit no-underline text-salemsfur md:hover:text-magenta md:hover:border-magenta md:focus:text-magenta border-current border-b border-solid break-words\" data-tracking=\"{&quot;action&quot;:&quot;click&quot;,&quot;category&quot;:&quot;intextLink&quot;,&quot;label&quot;:&quot;\/sport\/ergebnisse-tabelle\/fussball\/champions-league-m\/ergebnisse\/sdc_fmdo-5\/champions-league-m-aktueller-spieltag.html&quot;}\" href=\"https:\/\/www.t-online.de\/sport\/ergebnisse-tabelle\/fussball\/champions-league-m\/ergebnisse\/sdc_fmdo-5\/champions-league-m-aktueller-spieltag.html\" data-sctrack=\"BodyAnchor\" rel=\"nofollow noopener\" target=\"_blank\">Champions League<\/a> qualifiziert. Aber wir m\u00fcssen auch zeitgleich nach vorn gucken.&#8220; Zur Begr\u00fcndung f\u00fcgte er an: &#8222;Wir haben dann dar\u00fcber nachgedacht, wie das aussehen k\u00f6nnte mit der Belastung, die auf uns zukommt. Dann hat man sich in Leipzig f\u00fcr den Wechsel entschieden.&#8220;<\/p>\n<ul class=\"text-18 leading-17 block pl-24 *:pb-16 *:before:inline-block *:before:size-8 *:before:bg-magenta *:before:mt-0 *:before:mr-12 *:before:mb-2 *:before:-ml-[20px]\">\n<li><strong class=\"font-bold\">Trauer in der Ligue 1:<\/strong> <a class=\"transition-colors cursor-pointer text-inherit no-underline text-salemsfur md:hover:text-magenta md:hover:border-magenta md:focus:text-magenta border-current border-b border-solid break-words\" data-tracking=\"{&quot;action&quot;:&quot;click&quot;,&quot;category&quot;:&quot;intextLink&quot;,&quot;label&quot;:&quot;\/sport\/fussball\/international\/id_101301412\/stade-brest-trainer-eric-roy-stirbt-mit-58-jahren-an-krebs.html&quot;}\" href=\"https:\/\/www.t-online.de\/sport\/fussball\/international\/id_101301412\/stade-brest-trainer-eric-roy-stirbt-mit-58-jahren-an-krebs.html\" data-sctrack=\"BodyAnchor\" rel=\"nofollow noopener\" target=\"_blank\">Franz\u00f6sischer Profi-Trainer stirbt mit 58 Jahren an Krebs<\/a><\/li>\n<li><strong class=\"font-bold\">WM-Deb\u00fct:<\/strong> <a class=\"transition-colors cursor-pointer text-inherit no-underline text-salemsfur md:hover:text-magenta md:hover:border-magenta md:focus:text-magenta border-current border-b border-solid break-words\" data-tracking=\"{&quot;action&quot;:&quot;click&quot;,&quot;category&quot;:&quot;intextLink&quot;,&quot;label&quot;:&quot;\/sport\/fussball\/wm\/id_101301324\/wm-2026-schiedsrichter-fuer-deutschland-gegen-elfenbeinkueste-steht-fest.html&quot;}\" href=\"https:\/\/www.t-online.de\/sport\/fussball\/wm\/id_101301324\/wm-2026-schiedsrichter-fuer-deutschland-gegen-elfenbeinkueste-steht-fest.html\" data-sctrack=\"BodyAnchor\" rel=\"nofollow noopener\" target=\"_blank\">Schiri f\u00fcr zweites DFB-Spiel steht fest<\/a><\/li>\n<\/ul>\n<p class=\"text-18 leading-17 user-text-lg:text-22 user-text-xl:text-24\">Zur Rolle des Global-Teams sagte der 59-J\u00e4hrige: &#8222;Wir sind ja beratend t\u00e4tig als Global-Team. Wir waren in der Entscheidungsfindung mit dabei. Wir haben die Saison analysiert.&#8220;<\/p>\n<p>Loading&#8230;<img decoding=\"async\" src=\"https:\/\/www.t-online.de\/s\/paper\/_next\/static\/media\/image.e47c3ca7.svg\" alt=\"Symbolbild f\u00fcr eingebettete Inhalte\"\/><\/p>\n<p class=\"text-10 leading-12 text-manatee uppercase\">Embed<\/p>\n<p>Werners neue Spielidee \u00fcberzeugte Bosse nicht<\/p>\n<p class=\"text-18 leading-17 user-text-lg:text-22 user-text-xl:text-24\"><a class=\"transition-colors cursor-pointer text-inherit no-underline text-salemsfur md:hover:text-magenta md:hover:border-magenta md:focus:text-magenta border-current border-b border-solid break-words\" data-tracking=\"{&quot;action&quot;:&quot;click&quot;,&quot;category&quot;:&quot;intextLink&quot;,&quot;label&quot;:&quot;\/sport\/fussball\/bundesliga\/id_101301288\/rb-leipzig-entlaesst-trainer-ole-werner-demichelis-soll-kommen-.html&quot;}\" href=\"https:\/\/www.t-online.de\/sport\/fussball\/bundesliga\/id_101301288\/rb-leipzig-entlaesst-trainer-ole-werner-demichelis-soll-kommen-.html\" data-sctrack=\"BodyAnchor\" rel=\"nofollow noopener\" target=\"_blank\">RB Leipzig hatte sich nach nur einer Saison von Werner getrennt.<\/a> Der 38-J\u00e4hrige f\u00fchrte den Klub auf Platz drei der <a class=\"transition-colors cursor-pointer text-inherit no-underline text-salemsfur md:hover:text-magenta md:hover:border-magenta md:focus:text-magenta border-current border-b border-solid break-words\" data-tracking=\"{&quot;action&quot;:&quot;click&quot;,&quot;category&quot;:&quot;intextLink&quot;,&quot;label&quot;:&quot;\/sport\/fussball\/bundesliga\/&quot;}\" href=\"https:\/\/www.t-online.de\/sport\/fussball\/bundesliga\/\" data-sctrack=\"BodyAnchor\" rel=\"nofollow noopener\" target=\"_blank\">Bundesliga<\/a> und in die Champions League.<\/p>\n<p class=\"text-18 leading-17 user-text-lg:text-22 user-text-xl:text-24\">Unzufriedenheit soll es vor allem bei Aufsichtsratschef Oliver Mintzlaff sowie in der globalen Fu\u00dfball-Abteilung um Klopp und Ex-Nationalspieler <a class=\"transition-colors cursor-pointer text-inherit no-underline text-salemsfur md:hover:text-magenta md:hover:border-magenta md:focus:text-magenta border-current border-b border-solid break-words\" data-tracking=\"{&quot;action&quot;:&quot;click&quot;,&quot;category&quot;:&quot;intextLink&quot;,&quot;label&quot;:&quot;\/themen\/mario-gomez\/&quot;}\" href=\"https:\/\/www.t-online.de\/themen\/mario-gomez\/\" data-sctrack=\"BodyAnchor\" rel=\"nofollow noopener\" target=\"_blank\">Mario Gomez<\/a> gegeben haben. Werners neue Spielidee habe dort nicht \u00fcberzeugt, zudem habe RB zur Qualifikation f\u00fcr die Champions League dem Vernehmen nach viel Gl\u00fcck ben\u00f6tigt.<\/p>\n<p class=\"text-18 leading-17 user-text-lg:text-22 user-text-xl:text-24\">Werner besitzt in Leipzig noch einen Vertrag bis 2027. Auch seine Co-Trainer Tom Cichon und Patrick Kohlmann m\u00fcssen den Klub verlassen.<\/p>\n<p class=\"text-18 leading-17 user-text-lg:text-22 user-text-xl:text-24\">Als m\u00f6glicher Nachfolger wird \u00fcbereinstimmenden Medienberichten zufolge der Argentinier Mart\u00edn Demichelis genannt, zuletzt Trainer von <a class=\"transition-colors cursor-pointer text-inherit no-underline text-salemsfur md:hover:text-magenta md:hover:border-magenta md:focus:text-magenta border-current border-b border-solid break-words\" data-tracking=\"{&quot;action&quot;:&quot;click&quot;,&quot;category&quot;:&quot;intextLink&quot;,&quot;label&quot;:&quot;\/themen\/rcd-mallorca\/&quot;}\" href=\"https:\/\/www.t-online.de\/themen\/rcd-mallorca\/\" data-sctrack=\"BodyAnchor\" rel=\"nofollow noopener\" target=\"_blank\">RCD Mallorca<\/a>. Dazu sagte Klopp: &#8222;An Spekulationen beteilige ich mich jetzt nicht. Alles, was dazu zu sagen ist, kommt aus Leipzig.&#8220; <a class=\"transition-colors cursor-pointer text-inherit no-underline text-salemsfur md:hover:text-magenta md:hover:border-magenta md:focus:text-magenta border-current border-b border-solid break-words\" data-tracking=\"{&quot;action&quot;:&quot;click&quot;,&quot;category&quot;:&quot;intextLink&quot;,&quot;label&quot;:&quot;\/themen\/rb-leipzig\/&quot;}\" href=\"https:\/\/www.t-online.de\/themen\/rb-leipzig\/\" data-sctrack=\"BodyAnchor\" rel=\"nofollow noopener\" target=\"_blank\">RB Leipzig<\/a> will einen Nachfolger zeitnah pr\u00e4sentieren.<\/p>\n","protected":false},"excerpt":{"rendered":"Bei WM-\u00dcbertragung Klopp rechtfertigt Trainer-Aus bei RB Leipzig 17.06.2026 &#8211; 23:16 UhrLesedauer: 2 Min. J\u00fcrgen Klopp \u00e4u\u00dfert sich&hellip;\n","protected":false},"author":2,"featured_media":1102542,"comment_status":"","ping_status":"","sticky":false,"template":"","format":"standard","meta":{"footnotes":"","_share_on_mastodon":"0"},"categories":[1832],"tags":[722,17161,468,3364,29,30,4665,71,4445,2498,14828,1655,859],"class_list":["post-1102541","post","type-post","status-publish","format-standard","has-post-thumbnail","category-leipzig","tag-722","tag-17161","tag-champions-league","tag-de","tag-deutschland","tag-germany","tag-juergen-klopp","tag-leipzig","tag-ligue-1","tag-magentatv","tag-ole-werner","tag-rb-leipzig","tag-sachsen"],"share_on_mastodon":{"url":"https:\/\/pubeurope.com\/@de\/116768788434574930","error":""},"_links":{"self":[{"href":"https:\/\/www.europesays.com\/de\/wp-json\/wp\/v2\/posts\/1102541","targetHints":{"allow":["GET"]}}],"collection":[{"href":"https:\/\/www.europesays.com\/de\/wp-json\/wp\/v2\/posts"}],"about":[{"href":"https:\/\/www.europesays.com\/de\/wp-json\/wp\/v2\/types\/post"}],"author":[{"embeddable":true,"href":"https:\/\/www.europesays.com\/de\/wp-json\/wp\/v2\/users\/2"}],"replies":[{"embeddable":true,"href":"https:\/\/www.europesays.com\/de\/wp-json\/wp\/v2\/comments?post=1102541"}],"version-history":[{"count":0,"href":"https:\/\/www.europesays.com\/de\/wp-json\/wp\/v2\/posts\/1102541\/revisions"}],"wp:featuredmedia":[{"embeddable":true,"href":"https:\/\/www.europesays.com\/de\/wp-json\/wp\/v2\/media\/1102542"}],"wp:attachment":[{"href":"https:\/\/www.europesays.com\/de\/wp-json\/wp\/v2\/media?parent=1102541"}],"wp:term":[{"taxonomy":"category","embeddable":true,"href":"https:\/\/www.europesays.com\/de\/wp-json\/wp\/v2\/categories?post=1102541"},{"taxonomy":"post_tag","embeddable":true,"href":"https:\/\/www.europesays.com\/de\/wp-json\/wp\/v2\/tags?post=1102541"}],"curies":[{"name":"wp","href":"https:\/\/api.w.org\/{rel}","templated":true}]}}