{"id":1102758,"date":"2026-06-18T04:43:16","date_gmt":"2026-06-18T04:43:16","guid":{"rendered":"https:\/\/www.europesays.com\/de\/1102758\/"},"modified":"2026-06-18T04:43:16","modified_gmt":"2026-06-18T04:43:16","slug":"moenchengladbach-testet-neue-pfandbehaelter-pfandsammler-besorgt","status":"publish","type":"post","link":"https:\/\/www.europesays.com\/de\/1102758\/","title":{"rendered":"M\u00f6nchengladbach testet neue Pfandbeh\u00e4lter: Pfandsammler besorgt"},"content":{"rendered":"<p class=\"text_ohne_einzug richtext text-em-55 !leading-serif mx-6 desktop:mx-0\">Sven Steier dreht seine Tour durch die M\u00f6nchengladbacher Innenstadt. An einem Blumenbeet an der Hindenburgstra\u00dfe wird er f\u00fcndig: Zwischen bunten Bl\u00fcten und Gr\u00fcnzeug warten drei leere Bierflaschen auf ihn. Der M\u00f6nchengladbacher ist obdachlos, lebt in einer Notschlafstelle \u2013 und als Pfandsammler verdient er sich etwas dazu. Dabei ist sein Job nicht ungef\u00e4hrlich, denn in den M\u00fclleimern k\u00f6nnen sich Glasscherben und Unrat aller Art verstecken. \u201eMan kann sich leicht verletzen\u201c, sagt er im Gespr\u00e4ch mit unserer Redaktion.<\/p>\n","protected":false},"excerpt":{"rendered":"Sven Steier dreht seine Tour durch die M\u00f6nchengladbacher Innenstadt. An einem Blumenbeet an der Hindenburgstra\u00dfe wird er f\u00fcndig:&hellip;\n","protected":false},"author":2,"featured_media":1102759,"comment_status":"","ping_status":"","sticky":false,"template":"","format":"standard","meta":{"footnotes":"","_share_on_mastodon":"0"},"categories":[1849],"tags":[19297,82082,3364,29,233618,548,663,3934,44340,30,96547,13,25941,9588,4455,27693,14,15,1209,95181,233613,143217,233617,143216,233615,233616,233614,12,9026],"class_list":["post-1102758","post","type-post","status-publish","format-standard","has-post-thumbnail","category-moenchengladbach","tag-aufgestellt","tag-behaelter","tag-de","tag-deutschland","tag-eimer","tag-eu","tag-europa","tag-europe","tag-flaschen","tag-germany","tag-glasflaschen","tag-headlines","tag-mags","tag-markt","tag-moenchengladbach","tag-muelleimer","tag-nachrichten","tag-news","tag-nordrhein-westfalen","tag-pfand","tag-pfandbehaelter","tag-pfandflaschen","tag-pfandringe","tag-pfandsammler","tag-pfandsammlern","tag-pfandtonne","tag-platziert","tag-schlagzeilen","tag-vandalismus"],"share_on_mastodon":{"url":"https:\/\/pubeurope.com\/@de\/116769286197116808","error":""},"_links":{"self":[{"href":"https:\/\/www.europesays.com\/de\/wp-json\/wp\/v2\/posts\/1102758","targetHints":{"allow":["GET"]}}],"collection":[{"href":"https:\/\/www.europesays.com\/de\/wp-json\/wp\/v2\/posts"}],"about":[{"href":"https:\/\/www.europesays.com\/de\/wp-json\/wp\/v2\/types\/post"}],"author":[{"embeddable":true,"href":"https:\/\/www.europesays.com\/de\/wp-json\/wp\/v2\/users\/2"}],"replies":[{"embeddable":true,"href":"https:\/\/www.europesays.com\/de\/wp-json\/wp\/v2\/comments?post=1102758"}],"version-history":[{"count":0,"href":"https:\/\/www.europesays.com\/de\/wp-json\/wp\/v2\/posts\/1102758\/revisions"}],"wp:featuredmedia":[{"embeddable":true,"href":"https:\/\/www.europesays.com\/de\/wp-json\/wp\/v2\/media\/1102759"}],"wp:attachment":[{"href":"https:\/\/www.europesays.com\/de\/wp-json\/wp\/v2\/media?parent=1102758"}],"wp:term":[{"taxonomy":"category","embeddable":true,"href":"https:\/\/www.europesays.com\/de\/wp-json\/wp\/v2\/categories?post=1102758"},{"taxonomy":"post_tag","embeddable":true,"href":"https:\/\/www.europesays.com\/de\/wp-json\/wp\/v2\/tags?post=1102758"}],"curies":[{"name":"wp","href":"https:\/\/api.w.org\/{rel}","templated":true}]}}