{"id":1102835,"date":"2026-06-18T05:25:36","date_gmt":"2026-06-18T05:25:36","guid":{"rendered":"https:\/\/www.europesays.com\/de\/1102835\/"},"modified":"2026-06-18T05:25:36","modified_gmt":"2026-06-18T05:25:36","slug":"rb-leipzig-juergen-klopp-reagiert-auf-werner-knall","status":"publish","type":"post","link":"https:\/\/www.europesays.com\/de\/1102835\/","title":{"rendered":"RB Leipzig: J\u00fcrgen Klopp reagiert auf Werner-Knall"},"content":{"rendered":"\n<p>Ole Werner muss bei RB Leipzig nach nur einer Saison wieder seinen Hut nehmen.\u00a0J\u00fcrgen Klopp attestiert dem 38-J\u00e4hrigen zwar einen &#8222;klasse Job&#8220;, rechtfertigt die Trennung aber trotzdem.<\/p>\n<p><a href=\"https:\/\/www.sport.de\/news\/ne16881526\/rb-leipzig-macht-trainer-beben-offiziell---klarer-favorit-auf-werner-nachfolge\/\" target=\"_blank\" rel=\"nofollow noopener\">Am Mittwochnachmittag best\u00e4tigte RB Leipzig die Trennung von Werner<\/a>.<\/p>\n<p>&#8222;Ole hat einen Klasse-Job gemacht. Wir haben uns f\u00fcr die Champions League qualifiziert. Aber wir m\u00fcssen auch zeitgleich nach vorn gucken&#8220;, sagte Red Bulls Global Head of Soccer J\u00fcrgen Klopp wenige Stunden sp\u00e4ter bei &#8222;MagentaTV&#8220;.<\/p>\n<p>&#8222;Wir haben dann dar\u00fcber nachgedacht, wie das aussehen k\u00f6nnte mit der Belastung, die auf uns zukommt. Dann hat man sich in Leipzig f\u00fcr den Wechsel entschieden&#8220;, fasste es der 59-J\u00e4hrige zusammen.<\/p>\n<p>\u00dcbereinstimmenden Medienberichten zufolge gilt\u00a0Mart\u00edn Demichelis als Top-Kandidat f\u00fcr die Nachfolge. &#8222;An Spekulationen beteilige ich mich jetzt nicht. Alles, was dazu zu sagen ist, kommt aus Leipzig&#8220;, stellte Klopp klar.\u00a0Demichelis steht noch beim RCD Mallorca unter Vertrag.<\/p>\n<p>RB Leipzig h\u00e4lt &#8222;ver\u00e4nderte Herangehensweise&#8220; f\u00fcr erforderlich<\/p>\n<p>&#8222;Wir haben die abgelaufene Saison in den vergangenen Tagen noch einmal intensiv und abschlie\u00dfend analysiert. Am Dienstagabend haben wir dann den Beschluss gefasst, die Position des Cheftrainers neu zu besetzen&#8220;, \u00e4u\u00dferte sich Leipzigs Sport-Gesch\u00e4ftsf\u00fchrer\u00a0Marcel Sch\u00e4fer in einem RB-Statement.<\/p>\n<p>Neben Werner m\u00fcssen dessen Co-Trainer\u00a0Tom Cichon und Patrick Kohlmann am Cottaweg ebenfalls gehen.\u00a0&#8222;Wir bedanken uns bei Ole, Tom und Patrick f\u00fcr ihre Arbeit und ihren Einsatz bei RB Leipzig. Sie haben einen gro\u00dfen Anteil am erfolgreichen Umbruch sowie an der Qualifikation f\u00fcr die Champions League&#8220;, so Sch\u00e4fer.<\/p>\n<p>&#8222;Dennoch sind wir zu der \u00dcberzeugung gelangt, dass eine inhaltliche Weiterentwicklung und eine ver\u00e4nderte Herangehensweise f\u00fcr die vor uns liegenden Aufgaben erforderlich sind&#8220;, meinte der Leipziger Funktion\u00e4r zudem.<\/p>\n","protected":false},"excerpt":{"rendered":"Ole Werner muss bei RB Leipzig nach nur einer Saison wieder seinen Hut nehmen.\u00a0J\u00fcrgen Klopp attestiert dem 38-J\u00e4hrigen&hellip;\n","protected":false},"author":2,"featured_media":1102836,"comment_status":"","ping_status":"","sticky":false,"template":"","format":"standard","meta":{"footnotes":"","_share_on_mastodon":"0"},"categories":[1832],"tags":[299,3364,29,347,30,4665,71,14828,1655,859,863,887],"class_list":["post-1102835","post","type-post","status-publish","format-standard","has-post-thumbnail","category-leipzig","tag-bundesliga","tag-de","tag-deutschland","tag-fussball","tag-germany","tag-juergen-klopp","tag-leipzig","tag-ole-werner","tag-rb-leipzig","tag-sachsen","tag-sport-allgemein","tag-top-fussball"],"share_on_mastodon":{"url":"https:\/\/pubeurope.com\/@de\/116769451455310393","error":""},"_links":{"self":[{"href":"https:\/\/www.europesays.com\/de\/wp-json\/wp\/v2\/posts\/1102835","targetHints":{"allow":["GET"]}}],"collection":[{"href":"https:\/\/www.europesays.com\/de\/wp-json\/wp\/v2\/posts"}],"about":[{"href":"https:\/\/www.europesays.com\/de\/wp-json\/wp\/v2\/types\/post"}],"author":[{"embeddable":true,"href":"https:\/\/www.europesays.com\/de\/wp-json\/wp\/v2\/users\/2"}],"replies":[{"embeddable":true,"href":"https:\/\/www.europesays.com\/de\/wp-json\/wp\/v2\/comments?post=1102835"}],"version-history":[{"count":0,"href":"https:\/\/www.europesays.com\/de\/wp-json\/wp\/v2\/posts\/1102835\/revisions"}],"wp:featuredmedia":[{"embeddable":true,"href":"https:\/\/www.europesays.com\/de\/wp-json\/wp\/v2\/media\/1102836"}],"wp:attachment":[{"href":"https:\/\/www.europesays.com\/de\/wp-json\/wp\/v2\/media?parent=1102835"}],"wp:term":[{"taxonomy":"category","embeddable":true,"href":"https:\/\/www.europesays.com\/de\/wp-json\/wp\/v2\/categories?post=1102835"},{"taxonomy":"post_tag","embeddable":true,"href":"https:\/\/www.europesays.com\/de\/wp-json\/wp\/v2\/tags?post=1102835"}],"curies":[{"name":"wp","href":"https:\/\/api.w.org\/{rel}","templated":true}]}}