{"id":1102851,"date":"2026-06-18T05:33:22","date_gmt":"2026-06-18T05:33:22","guid":{"rendered":"https:\/\/www.europesays.com\/de\/1102851\/"},"modified":"2026-06-18T05:33:22","modified_gmt":"2026-06-18T05:33:22","slug":"deutsche-bahn-stoerung-in-koeln-auf-fuenf-linien-drohen-komplettausfaelle","status":"publish","type":"post","link":"https:\/\/www.europesays.com\/de\/1102851\/","title":{"rendered":"Deutsche Bahn: St\u00f6rung in K\u00f6ln \u2013 auf f\u00fcnf Linien drohen Komplettausf\u00e4lle"},"content":{"rendered":"<p>Ausf\u00e4lle und Versp\u00e4tungen <\/p>\n<p>Zugverkehr in K\u00f6ln beeintr\u00e4chtigt \u2013 mehrere Linien betroffen<\/p>\n<p>18.06.2026 &#8211; 07:01 UhrLesedauer: 2 Min.<\/p>\n<p><a href=\"#focus-0\" class=\"transition-colors block text-current relative\" data-sctrack=\"FocusGalleryImage.Reference\"><img fetchpriority=\"high\" data-testid=\"Opener.Image\"   loading=\"eager\" src=\"https:\/\/www.europesays.com\/de\/wp-content\/uploads\/2026\/06\/ein-regionalzug-am-bahnhof-koeln-messe-deutz-symbolbild-am-donnerstag-fuehren-personalprobleme-in-ei.jpeg\" alt=\"Ein Regionalzug am Bahnhof K\u00f6ln Messe\/Deutz (Symbolbild): Am Donnerstag f\u00fchren Personalprobleme in einem Stellwerk zu Ausf\u00e4llen und Versp\u00e4tungen.\" title=\"Ein Regionalzug am Bahnhof K\u00f6ln Messe\/Deutz (Symbolbild): Am Donnerstag f\u00fchren Personalprobleme in einem Stellwerk zu Ausf\u00e4llen und Versp\u00e4tungen.\" width=\"6910\" height=\"3886\" class=\"bg-[url:var(--lqipURL)] bg-cover bg-center flex h-full w-full max-w-full\" style=\"--lqipURL:url('https:\/\/images.t-online.de\/2026\/06\/QPATZfaMit5A\/1265x744:6910x3886\/fit-in\/150x0\/filters:blur(25)\/ein-regionalzug-am-bahnhof-koeln-messe-deutz-symbolbild-am-donnerstag-fuehren-personalprobleme-in-einem-stellwerk-zu-ausfaellen-und-verspaetungen.jpg')\" decoding=\"async\"\/><img loading=\"lazy\" src=\"https:\/\/koeln.t-online.de\/s\/paper\/_next\/static\/media\/zoom-in.f7dae02f.svg\" alt=\"Vergr\u00f6\u00dfern des Bildes\" title=\"Vergr\u00f6\u00dfern des Bildes\" class=\"block h-[calc(var(--height)_\/_16_*_1rem)] w-[calc(var(--width)_\/_16_*_1rem)] max-w-none absolute right-8 bottom-8 rounded-4 bg-snow p-8\" style=\"--width:32;--height:32\" decoding=\"async\"\/><\/a><\/p>\n<p>Ein Regionalzug am Bahnhof K\u00f6ln Messe\/Deutz (Symbolbild): Am Donnerstag f\u00fchren Personalprobleme in einem Stellwerk zu Ausf\u00e4llen und Versp\u00e4tungen. (Quelle: IMAGO\/Jochen Tack\/imago)<\/p>\n<p><img loading=\"lazy\" src=\"https:\/\/koeln.t-online.de\/s\/paper\/_next\/static\/media\/audio-volume.6689034c.svg\" alt=\"\" title=\"\" class=\"block h-[calc(var(--height)_\/_16_*_1rem)] w-[calc(var(--width)_\/_16_*_1rem)] max-w-none group-hover:brightness-0 group-hover:invert\" style=\"--width:16;--height:16\" decoding=\"async\"\/>Vorlesen<\/p>\n<p>Aktuelle Zeit:0:00Gesamtdauer:0:00<\/p>\n<p>1x<\/p>\n<p class=\"text-center\">Jetzt neu bei t-online:<\/p>\n<p class=\"text-center\">Schriftgr\u00f6\u00dfe anpassen!<\/p>\n<p><img loading=\"lazy\" src=\"https:\/\/koeln.t-online.de\/s\/paper\/_next\/static\/media\/font-sizes.32942e33.svg\" alt=\"\" title=\"\" class=\"block h-[calc(var(--height)_\/_16_*_1rem)] w-[calc(var(--width)_\/_16_*_1rem)] max-w-none group-hover:hidden group-aria-expanded:hidden\" style=\"--width:16;--height:16\" decoding=\"async\"\/><img loading=\"lazy\" src=\"https:\/\/koeln.t-online.de\/s\/paper\/_next\/static\/media\/font-sizes-dark-mode.e382645c.svg\" alt=\"\" title=\"\" class=\"block h-[calc(var(--height)_\/_16_*_1rem)] w-[calc(var(--width)_\/_16_*_1rem)] max-w-none hidden group-hover:block group-aria-expanded:block\" style=\"--width:16;--height:16\" decoding=\"async\"\/><img loading=\"lazy\" src=\"https:\/\/koeln.t-online.de\/s\/paper\/_next\/static\/media\/sharing-menu-icon.1eb71368.svg\" alt=\"\" title=\"\" class=\"block h-[calc(var(--height)_\/_16_*_1rem)] w-[calc(var(--width)_\/_16_*_1rem)] max-w-none group-hover:brightness-0 group-hover:invert\" style=\"--width:16;--height:16\" decoding=\"async\"\/>Artikel teilen<\/p>\n<p class=\"font-bold text-18 leading-17 user-text-lg:text-22 user-text-xl:text-24\">Probleme an einem Stellwerk in K\u00f6ln verursachen am Donnerstag Ausf\u00e4lle und Versp\u00e4tungen. Auf einigen Linien drohen sogar Komplettausf\u00e4lle.<\/p>\n<p class=\"text-18 leading-17 user-text-lg:text-22 user-text-xl:text-24\">Ein unterbesetztes Stellwerk im Bereich des <a class=\"transition-colors cursor-pointer text-inherit no-underline text-salemsfur md:hover:text-magenta md:hover:border-magenta md:focus:text-magenta border-current border-b border-solid break-words\" data-tracking=\"{&quot;action&quot;:&quot;click&quot;,&quot;category&quot;:&quot;intextLink&quot;,&quot;label&quot;:&quot;\/region\/koeln\/id_101277746\/deutsche-bahn-absperrungen-am-hauptbahnhof-koeln-laerm-fuer-fahrgaeste-droht.html&quot;}\" href=\"https:\/\/koeln.t-online.de\/region\/koeln\/id_101277746\/deutsche-bahn-absperrungen-am-hauptbahnhof-koeln-laerm-fuer-fahrgaeste-droht.html\" data-sctrack=\"BodyAnchor\" rel=\"nofollow noopener\" target=\"_blank\">Bahnhofs K\u00f6ln Messe\/Deutz<\/a> verursacht seit Donnerstagmorgen Ausf\u00e4lle und Versp\u00e4tungen in K\u00f6ln und auf den umliegenden Strecken. Das teilte die Deutsche Bahn auf ihrer Plattform &#8222;zuginfo.nrw&#8220; mit. Derzeit ist noch unklar, wie lange es zu Einschr\u00e4nkungen in Folge der Stellwerksprobleme kommen wird.<\/p>\n<p class=\"text-18 leading-17 user-text-lg:text-22 user-text-xl:text-24\">&#8222;In der Folge kommt es jetzt zu Versp\u00e4tungen, Teilausf\u00e4llen und Ausf\u00e4llen auf dem kompletten Laufweg&#8220;, hei\u00dft es seitens der Deutschen Bahn weiter. Auch kurzfristige \u00c4nderungen auf der Strecke sind m\u00f6glich. Das Problem hat nicht nur Auswirkungen auf den <a class=\"transition-colors cursor-pointer text-inherit no-underline text-salemsfur md:hover:text-magenta md:hover:border-magenta md:focus:text-magenta border-current border-b border-solid break-words\" data-tracking=\"{&quot;action&quot;:&quot;click&quot;,&quot;category&quot;:&quot;intextLink&quot;,&quot;label&quot;:&quot;\/region\/koeln\/id_101185638\/koeln-hbf-deutsche-bahn-sperrt-strecke-fuer-fuenf-monate-db-ausfaelle-drohen.html&quot;}\" href=\"https:\/\/koeln.t-online.de\/region\/koeln\/id_101185638\/koeln-hbf-deutsche-bahn-sperrt-strecke-fuer-fuenf-monate-db-ausfaelle-drohen.html\" data-sctrack=\"BodyAnchor\" rel=\"nofollow noopener\" target=\"_blank\">Streckenabschnitt zwischen Deutz und Troisdorf<\/a>, sondern auch auf die kompletten Linienverl\u00e4ufe durch das Rheinland.<\/p>\n<p>Deutsche Bahn: Stellwerksprobleme bei K\u00f6ln \u2013 Ausf\u00e4lle drohen<\/p>\n<p class=\"text-18 leading-17 user-text-lg:text-22 user-text-xl:text-24\">Betroffen sind unter anderem die Regionalexpress-Linien RE8 und RE9, die S-Bahn-Linien S12 und S19, sowie die Regionalbahnlinie RB27. Alle Z\u00fcge werden t\u00e4glich von Tausenden Pendlern genutzt. Die Deutsche Bahn bittet Reisende, ihre Verbindung kurz vor der Abfahrt zu pr\u00fcfen und gegebenenfalls mehr Zeit f\u00fcr die Fahrt einzuplanen. Sofern es Alternativen gibt, sollte auf diese ausgewichen werden.<\/p>\n<p class=\"text-18 leading-17 user-text-lg:text-22 user-text-xl:text-24\"><a class=\"transition-colors cursor-pointer text-inherit no-underline text-salemsfur md:hover:text-magenta md:hover:border-magenta md:focus:text-magenta border-current border-b border-solid break-words\" data-tracking=\"{&quot;action&quot;:&quot;click&quot;,&quot;category&quot;:&quot;intextLink&quot;,&quot;label&quot;:&quot;\/region\/koeln\/id_101300010\/deutsche-bahn-zugstrecke-bei-koeln-teilweise-gesperrt-ausfaelle-drohen.html&quot;}\" href=\"https:\/\/koeln.t-online.de\/region\/koeln\/id_101300010\/deutsche-bahn-zugstrecke-bei-koeln-teilweise-gesperrt-ausfaelle-drohen.html\" data-sctrack=\"BodyAnchor\" rel=\"nofollow noopener\" target=\"_blank\">Erst am Mittwochmorgen hatte eine Weichenst\u00f6rung bei Troisdorf Ausf\u00e4lle und Versp\u00e4tungen im selben Streckenabschnitt verursacht<\/a>. Die St\u00f6rung wurde zwar noch am Vormittag behoben, allerdings kam es in der Folge noch zu Verz\u00f6gerungen im betroffenen Streckenabschnitt.<\/p>\n<p>Verkehrschaos durch Bonner Nordbr\u00fccke: Probleme auch in K\u00f6ln<\/p>\n<p class=\"text-18 leading-17 user-text-lg:text-22 user-text-xl:text-24\">Der <a class=\"transition-colors cursor-pointer text-inherit no-underline text-salemsfur md:hover:text-magenta md:hover:border-magenta md:focus:text-magenta border-current border-b border-solid break-words\" data-tracking=\"{&quot;action&quot;:&quot;click&quot;,&quot;category&quot;:&quot;intextLink&quot;,&quot;label&quot;:&quot;\/region\/koeln\/id_101300388\/kvb-strecke-in-koeln-gesperrt-ausfaelle-und-verspaetungen-drohen.html&quot;}\" href=\"https:\/\/koeln.t-online.de\/region\/koeln\/id_101300388\/kvb-strecke-in-koeln-gesperrt-ausfaelle-und-verspaetungen-drohen.html\" data-sctrack=\"BodyAnchor\" rel=\"nofollow noopener\" target=\"_blank\">Bahnverkehr zwischen K\u00f6ln und Bonn<\/a> ist derzeit ohnehin st\u00e4rker belastet als \u00fcblich. Grund daf\u00fcr ist <a class=\"transition-colors cursor-pointer text-inherit no-underline text-salemsfur md:hover:text-magenta md:hover:border-magenta md:focus:text-magenta border-current border-b border-solid break-words\" data-tracking=\"{&quot;action&quot;:&quot;click&quot;,&quot;category&quot;:&quot;intextLink&quot;,&quot;label&quot;:&quot;\/region\/koeln\/id_101288100\/bonner-nordbruecke-zwei-anschlussstellen-oeffnen-bruecke-bleibt-gesperrt.html&quot;}\" href=\"https:\/\/koeln.t-online.de\/region\/koeln\/id_101288100\/bonner-nordbruecke-zwei-anschlussstellen-oeffnen-bruecke-bleibt-gesperrt.html\" data-sctrack=\"BodyAnchor\" rel=\"nofollow noopener\" target=\"_blank\">die seit Anfang Juni andauernde Sperrung der Bonner Nordbr\u00fccke<\/a>, durch die die Verbindung der A565 \u00fcber den Rhein gekappt ist.<\/p>\n<p class=\"text-18 leading-17 user-text-lg:text-22 user-text-xl:text-24\">In der Folge kommt es nicht nur in Bonn zu einem Verkehrschaos, auch auf den umliegenden Strecken ist es voller als \u00fcblich. Auch im \u00f6ffentlichen Nahverkehr sind deutlich mehr Menschen unterwegs. <a class=\"transition-colors cursor-pointer text-inherit no-underline text-salemsfur md:hover:text-magenta md:hover:border-magenta md:focus:text-magenta border-current border-b border-solid break-words\" data-tracking=\"{&quot;action&quot;:&quot;click&quot;,&quot;category&quot;:&quot;intextLink&quot;,&quot;label&quot;:&quot;https:\/\/bonn.t-online.de\/region\/bonn\/id_101288062\/oepnv-in-bonn-soll-nach-bruecken-schock-kostenlos-werden.html&quot;}\" href=\"https:\/\/bonn.t-online.de\/region\/bonn\/id_101288062\/oepnv-in-bonn-soll-nach-bruecken-schock-kostenlos-werden.html\" data-sctrack=\"BodyAnchor\" rel=\"nofollow noopener\" target=\"_blank\">Die Stadt Bonn hat angek\u00fcndigt, den \u00d6PNV im Stadtgebiet f\u00fcr die Zeit der Vollsperrung gratis anzubieten<\/a>.<\/p>\n","protected":false},"excerpt":{"rendered":"Ausf\u00e4lle und Versp\u00e4tungen Zugverkehr in K\u00f6ln beeintr\u00e4chtigt \u2013 mehrere Linien betroffen 18.06.2026 &#8211; 07:01 UhrLesedauer: 2 Min. Ein&hellip;\n","protected":false},"author":2,"featured_media":1102852,"comment_status":"","ping_status":"","sticky":false,"template":"","format":"standard","meta":{"footnotes":"","_share_on_mastodon":"0"},"categories":[1828],"tags":[7381,90938,1325,1741,2030,29,12045,30,1420,233635,47,1209,16127,2898,2869],"class_list":["post-1102851","post","type-post","status-publish","format-standard","has-post-thumbnail","category-koeln","tag-troisdorf","tag-90938","tag-ausfall","tag-bonn","tag-deutsche-bahn","tag-deutschland","tag-deutz","tag-germany","tag-koeln","tag-komplettausfall","tag-messe","tag-nordrhein-westfalen","tag-stellwerk","tag-verspaetung","tag-zugverkehr"],"share_on_mastodon":{"url":"https:\/\/pubeurope.com\/@de\/116769483371614613","error":""},"_links":{"self":[{"href":"https:\/\/www.europesays.com\/de\/wp-json\/wp\/v2\/posts\/1102851","targetHints":{"allow":["GET"]}}],"collection":[{"href":"https:\/\/www.europesays.com\/de\/wp-json\/wp\/v2\/posts"}],"about":[{"href":"https:\/\/www.europesays.com\/de\/wp-json\/wp\/v2\/types\/post"}],"author":[{"embeddable":true,"href":"https:\/\/www.europesays.com\/de\/wp-json\/wp\/v2\/users\/2"}],"replies":[{"embeddable":true,"href":"https:\/\/www.europesays.com\/de\/wp-json\/wp\/v2\/comments?post=1102851"}],"version-history":[{"count":0,"href":"https:\/\/www.europesays.com\/de\/wp-json\/wp\/v2\/posts\/1102851\/revisions"}],"wp:featuredmedia":[{"embeddable":true,"href":"https:\/\/www.europesays.com\/de\/wp-json\/wp\/v2\/media\/1102852"}],"wp:attachment":[{"href":"https:\/\/www.europesays.com\/de\/wp-json\/wp\/v2\/media?parent=1102851"}],"wp:term":[{"taxonomy":"category","embeddable":true,"href":"https:\/\/www.europesays.com\/de\/wp-json\/wp\/v2\/categories?post=1102851"},{"taxonomy":"post_tag","embeddable":true,"href":"https:\/\/www.europesays.com\/de\/wp-json\/wp\/v2\/tags?post=1102851"}],"curies":[{"name":"wp","href":"https:\/\/api.w.org\/{rel}","templated":true}]}}