{"id":1102984,"date":"2026-06-18T06:46:18","date_gmt":"2026-06-18T06:46:18","guid":{"rendered":"https:\/\/www.europesays.com\/de\/1102984\/"},"modified":"2026-06-18T06:46:18","modified_gmt":"2026-06-18T06:46:18","slug":"rb-leipzig-juergen-klopp-verraet-details-zur-werner-entlassung","status":"publish","type":"post","link":"https:\/\/www.europesays.com\/de\/1102984\/","title":{"rendered":"RB Leipzig: J\u00fcrgen Klopp verr\u00e4t Details zur Werner-Entlassung"},"content":{"rendered":"<p>Experte nennt DetailsKlopp \u00fcber Werner-Rauswurf: &#8222;Klasse Job gemacht, aber&#8230;&#8220;<\/p>\n<p><img alt=\"Video poster\" loading=\"lazy\" width=\"1024\" height=\"576\" decoding=\"async\" data-nimg=\"1\" class=\"Image_img__fQCi0\" style=\"color:transparent\"  src=\"https:\/\/www.europesays.com\/de\/wp-content\/uploads\/2026\/06\/1781765178_954_image.webp\"\/>18.06.2026 | 08:44 UhrJ\u00fcrgen Klopp ist w\u00e4hrend der Fu\u00dfball-WM als TV-Experte im Einsatz.  Als &#8222;Head of Global Soccer&#8220; im RB-Konzern steht er Bundesligist Leipzig in beratender Funktion zur Seite. Am Rande der WM-\u00dcbertragung liefert Klopp interne Details \u00fcber die Trennung der Leipziger von ihrem Trainer Ole Werner.<\/p>\n","protected":false},"excerpt":{"rendered":"Experte nennt DetailsKlopp \u00fcber Werner-Rauswurf: &#8222;Klasse Job gemacht, aber&#8230;&#8220; 18.06.2026 | 08:44 UhrJ\u00fcrgen Klopp ist w\u00e4hrend der Fu\u00dfball-WM&hellip;\n","protected":false},"author":2,"featured_media":1102985,"comment_status":"","ping_status":"","sticky":false,"template":"","format":"standard","meta":{"footnotes":"","_share_on_mastodon":"0"},"categories":[1832],"tags":[3364,29,30,4665,71,14828,1655,859],"class_list":["post-1102984","post","type-post","status-publish","format-standard","has-post-thumbnail","category-leipzig","tag-de","tag-deutschland","tag-germany","tag-juergen-klopp","tag-leipzig","tag-ole-werner","tag-rb-leipzig","tag-sachsen"],"share_on_mastodon":{"url":"","error":""},"_links":{"self":[{"href":"https:\/\/www.europesays.com\/de\/wp-json\/wp\/v2\/posts\/1102984","targetHints":{"allow":["GET"]}}],"collection":[{"href":"https:\/\/www.europesays.com\/de\/wp-json\/wp\/v2\/posts"}],"about":[{"href":"https:\/\/www.europesays.com\/de\/wp-json\/wp\/v2\/types\/post"}],"author":[{"embeddable":true,"href":"https:\/\/www.europesays.com\/de\/wp-json\/wp\/v2\/users\/2"}],"replies":[{"embeddable":true,"href":"https:\/\/www.europesays.com\/de\/wp-json\/wp\/v2\/comments?post=1102984"}],"version-history":[{"count":0,"href":"https:\/\/www.europesays.com\/de\/wp-json\/wp\/v2\/posts\/1102984\/revisions"}],"wp:featuredmedia":[{"embeddable":true,"href":"https:\/\/www.europesays.com\/de\/wp-json\/wp\/v2\/media\/1102985"}],"wp:attachment":[{"href":"https:\/\/www.europesays.com\/de\/wp-json\/wp\/v2\/media?parent=1102984"}],"wp:term":[{"taxonomy":"category","embeddable":true,"href":"https:\/\/www.europesays.com\/de\/wp-json\/wp\/v2\/categories?post=1102984"},{"taxonomy":"post_tag","embeddable":true,"href":"https:\/\/www.europesays.com\/de\/wp-json\/wp\/v2\/tags?post=1102984"}],"curies":[{"name":"wp","href":"https:\/\/api.w.org\/{rel}","templated":true}]}}