{"id":1103040,"date":"2026-06-18T07:17:22","date_gmt":"2026-06-18T07:17:22","guid":{"rendered":"https:\/\/www.europesays.com\/de\/1103040\/"},"modified":"2026-06-18T07:17:22","modified_gmt":"2026-06-18T07:17:22","slug":"prozess-um-fabian-zeugin-sagt-aus-und-koennte-schluesselrolle-spielen-news","status":"publish","type":"post","link":"https:\/\/www.europesays.com\/de\/1103040\/","title":{"rendered":"Prozess um Fabian: Zeugin sagt aus und k\u00f6nnte Schl\u00fcsselrolle spielen | News"},"content":{"rendered":"<p><a class=\"skip-content skip-content--link\" href=\"#in-content-skip-link-target-v-0-0\">TTS-Player \u00fcberspringen\u21b5<\/a><a id=\"in-content-skip-link-target-v-0-0\" class=\"skip-content--target-link-hidden skip-content skip-content--target-link\" href=\"#in-content-skip-link-target-v-0-0\">Artikel weiterlesen<\/a><\/p>\n<p>Rostock \u2013 <b>Bringt ihre Aussage den entscheidenden Hinweis im Fall Fabian? Am 13. Verhandlungstag wird Heike M. aussagen. Die Frau soll am 14. Oktober 2025 gemeinsam mit der Angeklagten Gina H. (30) bei einem Spaziergang nahe Klein Upahl unterwegs gewesen sein. Nach bisherigen Erkenntnissen war es dieser Spaziergang, bei dem die Leiche des Jungen offiziell entdeckt und die Polizei alarmiert wurde.<\/b><\/p>\n<p>F\u00fcr die <a href=\"https:\/\/www.bild.de\/themen\/organisationen\/staatsanwaltschaft-alle-infos-und-news-KDJzQvfvRkaBLQ0vXYpd\" class=\"text-link\" rel=\"nofollow noopener\" target=\"_blank\">Staatsanwaltschaft<\/a> k\u00f6nnte die Zeugin eine Schl\u00fcsselrolle spielen. Denn l\u00e4ngst steht im Raum, dass Gina H. den Fundort schon deutlich fr\u00fcher gekannt haben k\u00f6nnte.<\/p>\n<p>Der Tag, der viele Fragen aufwirft<\/p>\n<p><a href=\"https:\/\/www.bild.de\/ig\/c95b8934-462c-43fc-8482-b2a99a18a821\/index\/index.html\" rel=\"noopener nofollow\" class=\"text-link\" target=\"_blank\">Fabian war am 10. Oktober 2025 <\/a>aus der Wohnung seiner Mutter in G\u00fcstrow verschwunden. Vier Tage sp\u00e4ter meldete Gina H. der Polizei, sie habe die Leiche des Kindes w\u00e4hrend eines <a href=\"https:\/\/www.bild.de\/news\/inland\/guestrow-ex-freundin-von-fabians-vater-fand-die-kinderleiche-68f1ca172f6e3c54ca984c54\" class=\"text-link\" rel=\"nofollow noopener\" target=\"_blank\">Spaziergangs<\/a> entdeckt. Doch die Beweisaufnahme der vergangenen Prozesstage zeichnete ein deutlich komplizierteres Bild.<\/p>\n<p><img decoding=\"async\" width=\"992\" height=\"558\" alt=\"Gina H. (30) muss sich vor Gericht verantworten. Laut Anklage soll sie den kleinen Fabian ermordet haben\" loading=\"lazy\" src=\"https:\/\/www.europesays.com\/de\/wp-content\/uploads\/2026\/06\/93a2f438d66799420c5368edabaf5f3a,7119e327.jpeg\"   class=\"landscape\"\/><\/p>\n<p class=\"fig__caption__text\">Gina H. (30) muss sich vor Gericht verantworten. Laut Anklage soll sie den kleinen Fabian ermordet haben<\/p>\n<p>Foto: Peter M\u00fcller\/BILD<\/p>\n<p>Vor dem Landgericht <a href=\"https:\/\/www.bild.de\/regional\/rostock\/home-iUxyyKsPlfCRTtIBo8zG\" class=\"text-link\" rel=\"nofollow noopener\" target=\"_blank\">Rostock<\/a> sagten Kumpel Christian D. und Olaf K., den Gina H. als ihren besten Freund bezeichnet haben soll, aus. Demnach soll <a href=\"https:\/\/www.bild.de\/news\/inland\/mordfall-fabian-wieso-fuehrte-gina-h-zwei-maenner-zum-tatort-6a2fb1b71a21c266c42b662d\" class=\"text-link\" rel=\"nofollow noopener\" target=\"_blank\">die Angeklagte beide bereits vor dem offiziellen Auffinden des Jungen gezielt zu dem abgelegenen T\u00fcmpel<\/a> bei Klein Upahl gef\u00fchrt haben.<\/p>\n<p>Zun\u00e4chst sagte Christian D. aus, Gina H. habe ihn am Abend des 13. Oktober zu dem Gew\u00e4sser gelotst, w\u00e4hrend Fabian noch als vermisst galt. Vor Gericht sagte er, die Angeklagte habe genau gewusst, wohin sie wollte. Nach seiner Aussage stie\u00dfen beide dort auf einen menschlichen K\u00f6rper. Die <a href=\"https:\/\/www.bild.de\/regional\/aktuelles\/polizei\/polizeieinsatz-alle-infos-76681760.bild.html\" class=\"text-link\" rel=\"nofollow noopener\" target=\"_blank\">Polizei <\/a>wurde damals jedoch nicht verst\u00e4ndigt. Warum &#8211; darauf gab es bislang keine Antwort. Auch Olaf K. soll sich noch vor dem offiziellen Fund mit Gina H. an dem T\u00fcmpel aufgehalten haben. Im <a href=\"https:\/\/www.bild.de\/themen\/ereignisse\/prozess\/news-fotos-videos-17024714.bild.html\" class=\"text-link\" rel=\"nofollow noopener\" target=\"_blank\">Prozess<\/a> sagte er, Gina H. habe ihm den Weg diktiert. Vorher sei er dort noch nie gewesen. Den Weg h\u00e4tte er nie im Leben alleine gefunden.<\/p>\n<p><img decoding=\"async\" width=\"992\" height=\"558\" alt=\"Fabian (\u20208) verschwand am 10. Oktober 2025. Vier Tage sp\u00e4ter fand man seine Leiche\" loading=\"lazy\" src=\"https:\/\/www.europesays.com\/de\/wp-content\/uploads\/2026\/06\/a927e1a9bd6a806fafa1dafd2aa9caf1,873f86b0.jpeg\"   class=\"landscape\"\/><\/p>\n<p class=\"fig__caption__text\">Fabian (\u20208) verschwand am 10. Oktober 2025. Vier Tage sp\u00e4ter fand man seine Leiche<\/p>\n<p>Foto: Schwarck Media<\/p>\n<p>Erst am folgenden Tag kam es zu dem Spaziergang mit Heike M. \u2013 und damit zu jenem Moment, der bislang als offizieller Leichenfund gilt.<\/p>\n<p>Was wusste die Spazierg\u00e4ngerin \u00fcber Fabian?<\/p>\n<p>Genau hier setzt die Erwartung an den kommenden Prozesstag an. Die Richter wollen kl\u00e4ren, wie der Spaziergang am 14. Oktober tats\u00e4chlich verlief. Wer schlug die Route vor? Wie verhielt sich Gina H. auf dem Weg zum T\u00fcmpel? Und wirkte die Entdeckung der Leiche auf ihre Begleiterin tats\u00e4chlich \u00fcberraschend? Besonders wichtig: Hat Heike M. etwas beobachtet, das zeigt, ob Gina H. den Fundort bereits kannte? Oberstaatsanwalt Nowack erkl\u00e4rte am Ende des 12. Prozesstages: \u201eWir haben uns heute mehrere Schuhpaare angesehen, von der Marke Pammys. Die Spuren, die am Tatort aufgefunden wurden, waren auch von dieser Marke. Dar\u00fcber hinaus hat die Angeklagte die Auffindestelle als Schweinesuhle benannt, auch ihr Gro\u00dfvater kannte diesen Begriff. Auch das wird noch eine Rolle spielen, wenn wir die n\u00e4chste Zeugin h\u00f6ren.\u201c<\/p>\n<p><a class=\"article-image__anchor\" href=\"https:\/\/www.bild.de\/ig\/c95b8934-462c-43fc-8482-b2a99a18a821\/index\/index.html\" target=\"_blank\" rel=\"noopener nofollow\"><img decoding=\"async\" width=\"992\" height=\"186\" alt=\"\" loading=\"lazy\" src=\"https:\/\/www.europesays.com\/de\/wp-content\/uploads\/2026\/06\/2f14372266ef2b547f4c4837104de128,8e3ee394.jpeg\"   class=\"dynamic\"\/><\/a><\/p>\n<p>Foto: Privat; Schwarck Media<\/p>\n<p>Angeklagte Gina H. schweigt zu den Vorw\u00fcrfen<\/p>\n<p>Die Staatsanwaltschaft wirft der 30-J\u00e4hrigen vor, Fabian am 10. Oktober 2025 aus der Wohnung seiner Mutter gelockt, ihn bei Klein Upahl get\u00f6tet und die Leiche anschlie\u00dfend angez\u00fcndet zu haben. Gina H. schweigt vor Gericht bislang zu den Vorw\u00fcrfen. Mit der Aussage von Heike M. k\u00f6nnte nun ein weiterer wichtiger Baustein in dem Indizienprozess hinzukommen. Ob ihre Schilderungen die Version der Anklage st\u00fctzen oder neue Fragen aufwerfen, wird sich am Donnerstag im Landgericht Rostock zeigen.<\/p>\n","protected":false},"excerpt":{"rendered":"TTS-Player \u00fcberspringen\u21b5Artikel weiterlesen Rostock \u2013 Bringt ihre Aussage den entscheidenden Hinweis im Fall Fabian? Am 13. Verhandlungstag wird&hellip;\n","protected":false},"author":2,"featured_media":1103041,"comment_status":"","ping_status":"","sticky":false,"template":"","format":"standard","meta":{"footnotes":"","_share_on_mastodon":"0"},"categories":[2],"tags":[29,30,84441,13,112579,1351,2183,14,15,121,1269,583,12,1997,138370,10,8,9,11],"class_list":["post-1103040","post","type-post","status-publish","format-standard","has-post-thumbnail","category-deutschland","tag-deutschland","tag-germany","tag-guestrow","tag-headlines","tag-landgericht-rostock","tag-mecklenburg-vorpommern","tag-mord","tag-nachrichten","tag-news","tag-polizei","tag-prozess","tag-rostock","tag-schlagzeilen","tag-staatsanwaltschaft","tag-team-first","tag-top-news","tag-top-meldungen","tag-topmeldungen","tag-topnews"],"share_on_mastodon":{"url":"https:\/\/pubeurope.com\/@de\/116769893277614829","error":""},"_links":{"self":[{"href":"https:\/\/www.europesays.com\/de\/wp-json\/wp\/v2\/posts\/1103040","targetHints":{"allow":["GET"]}}],"collection":[{"href":"https:\/\/www.europesays.com\/de\/wp-json\/wp\/v2\/posts"}],"about":[{"href":"https:\/\/www.europesays.com\/de\/wp-json\/wp\/v2\/types\/post"}],"author":[{"embeddable":true,"href":"https:\/\/www.europesays.com\/de\/wp-json\/wp\/v2\/users\/2"}],"replies":[{"embeddable":true,"href":"https:\/\/www.europesays.com\/de\/wp-json\/wp\/v2\/comments?post=1103040"}],"version-history":[{"count":0,"href":"https:\/\/www.europesays.com\/de\/wp-json\/wp\/v2\/posts\/1103040\/revisions"}],"wp:featuredmedia":[{"embeddable":true,"href":"https:\/\/www.europesays.com\/de\/wp-json\/wp\/v2\/media\/1103041"}],"wp:attachment":[{"href":"https:\/\/www.europesays.com\/de\/wp-json\/wp\/v2\/media?parent=1103040"}],"wp:term":[{"taxonomy":"category","embeddable":true,"href":"https:\/\/www.europesays.com\/de\/wp-json\/wp\/v2\/categories?post=1103040"},{"taxonomy":"post_tag","embeddable":true,"href":"https:\/\/www.europesays.com\/de\/wp-json\/wp\/v2\/tags?post=1103040"}],"curies":[{"name":"wp","href":"https:\/\/api.w.org\/{rel}","templated":true}]}}