{"id":1103119,"date":"2026-06-18T08:04:22","date_gmt":"2026-06-18T08:04:22","guid":{"rendered":"https:\/\/www.europesays.com\/de\/1103119\/"},"modified":"2026-06-18T08:04:22","modified_gmt":"2026-06-18T08:04:22","slug":"bremen-ruft-150-millionen-aus-dem-transformationsfonds-ab","status":"publish","type":"post","link":"https:\/\/www.europesays.com\/de\/1103119\/","title":{"rendered":"Bremen ruft 150 Millionen aus dem Transformationsfonds ab"},"content":{"rendered":"<p>Bremen hat die ersten Mittel aus dem Krankenhaustransformationsfonds f\u00fcr das laufende Jahr vergeben.<\/p>\n<p>Demnach erhalten die Gesundheit Nord und das Klinikum Bremerhaven-Reinkenheide in den kommenden Jahren mehr als 150 Millionen Euro, wovon das Land Bremen rund 46 Millionen Euro beisteuert. Das Bundesamt f\u00fcr Soziale Sicherheit muss dem Entschluss noch zustimmen. Die Gesundheit Nord wird davon einen gro\u00dfen Teil der Kosten, die durch die Verlagerung des Klinikums Links der Weser ans Klinikum Bremen Mitte entstehen, finanzieren. \u201eWir wollen alle Bremer Krankenh\u00e4user bei den anstehenden Ver\u00e4nderungen in den kommenden Jahren mit vielen Millionen Euro unterst\u00fctzen, die Gesundheit Nord und das Klinikum Bremerhaven-Reinkenheide sind erst der Anfang&#8220;, kommentierte Bremens Gesundheitssenatorin Claudia Bernhard.<\/p>\n<p>Den L\u00f6wenanteil des Geldes flie\u00dft in den Standort Bremen-Mitte. Die Gesamtkosten f\u00fcr das Vorhaben in Bremen-Mitte belaufen sich auf 172,9 Millionen Euro. Neben den f\u00fcr die Verlagerung von Geb\u00e4uden, in denen k\u00fcnftig unter anderem kardiologische Stationen, OP-Bereiche, die Palliativstationen oder die Kardiologisch Angiologische Praxis (KAP) verortet sein werden, wird zus\u00e4tzlicher Platz f\u00fcr die Zentrale Notaufnahme oder das Zentrallabor geschaffen.<\/p>\n<p>Rund 120 Millionen Euro der entstehenden Kosten werden aus dem Krankenhaustransformationsfonds getragen, rund 15 Millionen Euro stammen aus regul\u00e4ren Krankenhausinvestitionsmitteln, zehn Millionen Euro sind Kapitalmittel der Gesundheit Nord. Dar\u00fcber hinaus stellt die Kommune Bremen 28,1 Millionen Euro als Investitionszuschuss zur Verf\u00fcgung.<\/p>\n<p>mau<\/p>\n","protected":false},"excerpt":{"rendered":"Bremen hat die ersten Mittel aus dem Krankenhaustransformationsfonds f\u00fcr das laufende Jahr vergeben. Demnach erhalten die Gesundheit Nord&hellip;\n","protected":false},"author":2,"featured_media":1103120,"comment_status":"","ping_status":"","sticky":false,"template":"","format":"standard","meta":{"footnotes":"","_share_on_mastodon":"0"},"categories":[1824],"tags":[68538,2420,147038,3364,29,68540,68539,27507,30,233676,4612,290,27502,20069,4344,3263,10701,233675,166,837,68541,27505],"class_list":["post-1103119","post","type-post","status-publish","format-standard","has-post-thumbnail","category-bremen","tag-bibliomed","tag-bremen","tag-bremen-mitte","tag-de","tag-deutschland","tag-drg","tag-drg-forum","tag-e-health","tag-germany","tag-gesundheit-nord","tag-gesundheitspolitik","tag-gesundheitswesen","tag-gesundheitswirtschaft","tag-klinik","tag-kliniken","tag-krankenhaus","tag-krankenhaeuser","tag-krankenhaustransformationsfonds-claudia-bernhard","tag-krankenkassen","tag-medizin","tag-medizincontrolling","tag-medizintechnik"],"share_on_mastodon":{"url":"https:\/\/pubeurope.com\/@de\/116770076766652764","error":""},"_links":{"self":[{"href":"https:\/\/www.europesays.com\/de\/wp-json\/wp\/v2\/posts\/1103119","targetHints":{"allow":["GET"]}}],"collection":[{"href":"https:\/\/www.europesays.com\/de\/wp-json\/wp\/v2\/posts"}],"about":[{"href":"https:\/\/www.europesays.com\/de\/wp-json\/wp\/v2\/types\/post"}],"author":[{"embeddable":true,"href":"https:\/\/www.europesays.com\/de\/wp-json\/wp\/v2\/users\/2"}],"replies":[{"embeddable":true,"href":"https:\/\/www.europesays.com\/de\/wp-json\/wp\/v2\/comments?post=1103119"}],"version-history":[{"count":0,"href":"https:\/\/www.europesays.com\/de\/wp-json\/wp\/v2\/posts\/1103119\/revisions"}],"wp:featuredmedia":[{"embeddable":true,"href":"https:\/\/www.europesays.com\/de\/wp-json\/wp\/v2\/media\/1103120"}],"wp:attachment":[{"href":"https:\/\/www.europesays.com\/de\/wp-json\/wp\/v2\/media?parent=1103119"}],"wp:term":[{"taxonomy":"category","embeddable":true,"href":"https:\/\/www.europesays.com\/de\/wp-json\/wp\/v2\/categories?post=1103119"},{"taxonomy":"post_tag","embeddable":true,"href":"https:\/\/www.europesays.com\/de\/wp-json\/wp\/v2\/tags?post=1103119"}],"curies":[{"name":"wp","href":"https:\/\/api.w.org\/{rel}","templated":true}]}}