{"id":1103195,"date":"2026-06-18T08:46:18","date_gmt":"2026-06-18T08:46:18","guid":{"rendered":"https:\/\/www.europesays.com\/de\/1103195\/"},"modified":"2026-06-18T08:46:18","modified_gmt":"2026-06-18T08:46:18","slug":"kiel-polizei-rettet-bussard-nach-bruchlandung-im-bahnhof","status":"publish","type":"post","link":"https:\/\/www.europesays.com\/de\/1103195\/","title":{"rendered":"Kiel: Polizei rettet Bussard nach Bruchlandung im Bahnhof"},"content":{"rendered":"<p>\n                Stand: 18.06.2026 10:27 Uhr<\/p>\n<p>                    <a href=\"https:\/\/www.europesays.com\/de\/wp-content\/uploads\/2026\/06\/bussard-110.webp\" class=\"zoomimage\" title=\"Bild vergr\u00f6\u00dfern\"><\/p>\n<p>        <img decoding=\"async\" src=\"https:\/\/www.europesays.com\/de\/wp-content\/uploads\/2026\/06\/bussard-110.webp\" alt=\"Zwei Polizistinnen mit einem gefangenen Bussard\" title=\"Flugunf\u00e4higer Greifvogel in Gleis 6a - kein gew\u00f6hnlicher Einsatz f\u00fcr die Bundespolizei im Kieler Hauptbahnhof. Die Bilanz der Rettung: Verdacht auf Fl\u00fcgelbruch und ein Foto mit Seltenheitswert. | Bundespolizeiinspektion Kiel\" class=\"responsive\" loading=\"lazy\"\/><\/p>\n<p>                    <\/a><\/p>\n<p>                    Flugunf\u00e4higer Greifvogel in Gleis 6a &#8211; kein gew\u00f6hnlicher Einsatz f\u00fcr die Bundespolizei im Kieler Hauptbahnhof. Die Bilanz der Rettung: Verdacht auf Fl\u00fcgelbruch und ein Foto mit Seltenheitswert.<\/p>\n<p class=\"\">Am Dienstagnachmittag (16.6.) bemerkten zwei Bundespolizistinnen auf ihrer Streife durch den <a href=\"https:\/\/www.ndr.de\/nachrichten\/schleswig-holstein\/Kiel-Aktuelle-Nachrichten-News-und-Videos,kiel7262.html\" title=\"Kiel - Aktuelle Nachrichten und Videos\" rel=\"nofollow noopener\" target=\"_blank\">Kieler<\/a> Hauptbahnhof einen Bussard &#8211; der Greifvogel sa\u00df kurz vor dem Prellbock im Gleis 6a. Da er verletzt wirkte und nicht in der Lage schien, selbstst\u00e4ndig davonzufliegen, retteten sie ihn aus dem Gleisbett. Anschlie\u00dfend \u00fcbergaben die Beamtinnen den Bussard an eine Wildtierauffangstation. Eine erste Begutachtung des Tieres lie\u00df einen gebrochenen Fl\u00fcgel vermuten. Wie der tagaktive Jagdvogel im Gleisbett gelandet ist, ist nicht ganz klar. Die Polizei vermutet, dass er auf der Suche nach Futter mit einem Zug kollidiert oder desorientiert gegen den Prellbock geflogen ist.<\/p>\n<p>Dieses Thema im Programm:<\/p>\n<p>                NDR 1 Welle Nord | Moin! Der Tag in Schleswig-Holstein | 17.06.2026 | 15:50 Uhr<\/p>\n","protected":false},"excerpt":{"rendered":"Stand: 18.06.2026 10:27 Uhr Flugunf\u00e4higer Greifvogel in Gleis 6a &#8211; kein gew\u00f6hnlicher Einsatz f\u00fcr die Bundespolizei im Kieler&hellip;\n","protected":false},"author":2,"featured_media":1103196,"comment_status":"","ping_status":"","sticky":false,"template":"","format":"standard","meta":{"footnotes":"","_share_on_mastodon":"0"},"categories":[1852],"tags":[19481,2037,168709,3364,29,548,663,3934,30,3601,10270,13,4949,14,15,121,12,1971,1886,21581,6447],"class_list":["post-1103195","post","type-post","status-publish","format-standard","has-post-thumbnail","category-kiel","tag-vogel","tag-bahnhof","tag-bussard","tag-de","tag-deutschland","tag-eu","tag-europa","tag-europe","tag-germany","tag-hauptbahnhof","tag-hbf","tag-headlines","tag-kiel","tag-nachrichten","tag-news","tag-polizei","tag-schlagzeilen","tag-schleswig-holstein","tag-tiere","tag-tierrettung","tag-wildtiere"],"share_on_mastodon":{"url":"https:\/\/pubeurope.com\/@de\/116770243004475039","error":""},"_links":{"self":[{"href":"https:\/\/www.europesays.com\/de\/wp-json\/wp\/v2\/posts\/1103195","targetHints":{"allow":["GET"]}}],"collection":[{"href":"https:\/\/www.europesays.com\/de\/wp-json\/wp\/v2\/posts"}],"about":[{"href":"https:\/\/www.europesays.com\/de\/wp-json\/wp\/v2\/types\/post"}],"author":[{"embeddable":true,"href":"https:\/\/www.europesays.com\/de\/wp-json\/wp\/v2\/users\/2"}],"replies":[{"embeddable":true,"href":"https:\/\/www.europesays.com\/de\/wp-json\/wp\/v2\/comments?post=1103195"}],"version-history":[{"count":0,"href":"https:\/\/www.europesays.com\/de\/wp-json\/wp\/v2\/posts\/1103195\/revisions"}],"wp:featuredmedia":[{"embeddable":true,"href":"https:\/\/www.europesays.com\/de\/wp-json\/wp\/v2\/media\/1103196"}],"wp:attachment":[{"href":"https:\/\/www.europesays.com\/de\/wp-json\/wp\/v2\/media?parent=1103195"}],"wp:term":[{"taxonomy":"category","embeddable":true,"href":"https:\/\/www.europesays.com\/de\/wp-json\/wp\/v2\/categories?post=1103195"},{"taxonomy":"post_tag","embeddable":true,"href":"https:\/\/www.europesays.com\/de\/wp-json\/wp\/v2\/tags?post=1103195"}],"curies":[{"name":"wp","href":"https:\/\/api.w.org\/{rel}","templated":true}]}}