{"id":110330,"date":"2025-05-14T16:18:59","date_gmt":"2025-05-14T16:18:59","guid":{"rendered":"https:\/\/www.europesays.com\/de\/110330\/"},"modified":"2025-05-14T16:18:59","modified_gmt":"2025-05-14T16:18:59","slug":"werner-bartens-erzaehlt-in-leib-und-seele-ueber-medizingeschichte","status":"publish","type":"post","link":"https:\/\/www.europesays.com\/de\/110330\/","title":{"rendered":"Werner Bartens erz\u00e4hlt in &#8222;Leib und Seele&#8220; \u00fcber Medizingeschichte"},"content":{"rendered":"<p>            Buch \u201eLeib und Seele\u201c<\/p>\n<p>                    <img decoding=\"async\" loading=\"lazy\" class=\"internal-image\" title=\"Ein Bild des M\u00e4rchens Schneewittchen der Gebr\u00fcder Grimm zeigt Schneewittchen im gl\u00e4sernen Sarg auf einem Felsen, um den Sarg wachsen Rosen. (Ausschneidebogen f\u00fcr Kindertheater um 1870)\" alt=\"Ein Bild des M\u00e4rchens Schneewittchen der Gebr\u00fcder Grimm zeigt Schneewittchen im gl\u00e4sernen Sarg auf einem Felsen, um den Sarg wachsen Rosen. (Ausschneidebogen f\u00fcr Kindertheater um 1870)\" src=\"https:\/\/www.europesays.com\/de\/wp-content\/uploads\/2025\/05\/schneewittchen-glassarg-100-1920x1080.jpg\" \/><\/p>\n<p>                In fr\u00fchen Versionen von Schneewittchen war die Hauptfigur noch in T\u00fccher geh\u00fcllt, erz\u00e4hlt Arzt und Autor Werner Bartens \u00a9 picture alliance \/ Artcolor \/ Artcolor<\/p>\n<p>Bartens, Werner | 14. Mai 2025, 10:08 Uhr<\/p>\n<ul class=\"b-social-icons\">\n<li class=\"social-icons-item\">\n<p>                    Link kopieren\/teilen<\/p>\n<p class=\"snackbar-content\">Der Link wurde in die Zwischenablage kopiert.<\/p>\n<\/li>\n<li class=\"social-icons-item\"><a title=\"Email\" href=\"mailto:?subject=Von%20Schneewittchens%20Glassarg%20und%20Leichen%C3%B6ffnungen&amp;body=Buch%20%E2%80%9ELeib%20und%20Seele%E2%80%9C%0ABuch%20%E2%80%9ELeib%20und%20Seele%E2%80%9CVon%20Schneewittchens%20Glassarg%20und%20Leichen%C3%B6ffnungen%0AWarum%20fl%C3%B6%C3%9Ft%20uns%20ein%20Stethoskop%20beim%20Arzt%20Respekt%20ein%20und%20warum%20haben%20wir%20ein%20schlechtes%20Gewissen%2C%20wenn%20wir%20krank%20sind%3F%20Mit%20vielen%20Anekdoten%20und%20literarischen%20Verweisen%20erz%C3%A4hlt%20Werner%20Bartens%20in%20%E2%80%9ELeib%20und%20Seele%E2%80%9C%20die%20Geschichte%20der%20Medizin.%0Ahttps%3A%2F%2Fwww.deutschlandfunkkultur.de%2Fleib-und-seele-bestseller-autor-ueber-die-geschichte-der-medizin-100.html\" target=\"_blank\" rel=\"noopener noreferrer\" class=\"b-btn-social is-email\" data-tracking=\"{&quot;chapter1&quot;:&quot;Email&quot;,&quot;chapter3&quot;:&quot;Social Media&quot;,&quot;name&quot;:&quot;Social Media&quot;,&quot;chapter2&quot;:&quot;https:\/\/www.deutschlandfunkkultur.de\/leib-und-seele-bestseller-autor-ueber-die-geschichte-der-medizin-100.html&quot;,&quot;level2&quot;:&quot;1&quot;}\">\n<p>                    Email<\/a><\/li>\n<\/ul>\n<p>              <a href=\"https:\/\/download.deutschlandfunk.de\/file\/dradio\/2025\/05\/14\/leib_und_seele_bestseller_autor_ueber_die_geschichte_der_drk_20250514_1008_a9f2febb.mp3\" target=\"_blank\" rel=\"noopener noreferrer nofollow\" class=\"b-btn-text is-btn-secondary has-icon-download section-article-head-area-action-btn download-url-tracking\" title=\"Audio herunterladen\" data-tracking=\"{&quot;name&quot;:&quot;Download audio\/mpeg&quot;,&quot;chapter1&quot;:&quot;Von Schneewittchens Glassarg und Leichen\u00f6ffnungen&quot;,&quot;chapter2&quot;:&quot;https:\/\/www.deutschlandfunkkultur.de\/leib-und-seele-bestseller-autor-ueber-die-geschichte-der-medizin-100.html&quot;,&quot;chapter3&quot;:&quot;Buch \u201eLeib und Seele\u201c - Von Schneewittchens Glassarg und Leichen\u00f6ffnungen&quot;,&quot;level2&quot;:&quot;1&quot;,&quot;type&quot;:&quot;action&quot;}\">Audio herunterladen<\/a><\/p>\n<p>Warum fl\u00f6\u00dft uns ein Stethoskop beim Arzt Respekt ein und warum haben wir ein schlechtes Gewissen, wenn wir krank sind? Mit vielen Anekdoten und literarischen Verweisen erz\u00e4hlt Werner Bartens in \u201eLeib und Seele\u201c die Geschichte der Medizin.<\/p>\n","protected":false},"excerpt":{"rendered":"Buch \u201eLeib und Seele\u201c In fr\u00fchen Versionen von Schneewittchen war die Hauptfigur noch in T\u00fccher geh\u00fcllt, erz\u00e4hlt Arzt&hellip;\n","protected":false},"author":2,"featured_media":110331,"comment_status":"","ping_status":"","sticky":false,"template":"","format":"standard","meta":{"footnotes":"","_share_on_mastodon":"0"},"categories":[1774],"tags":[1187,1784,1785,29,214,30,43145,12251,2510,215],"class_list":["post-110330","post","type-post","status-publish","format-standard","has-post-thumbnail","category-buecher","tag-arzt","tag-books","tag-buecher","tag-deutschland","tag-entertainment","tag-germany","tag-medizingeschichte","tag-obduktion","tag-patienten","tag-unterhaltung"],"share_on_mastodon":{"url":"https:\/\/pubeurope.com\/@de\/114507098671886636","error":""},"_links":{"self":[{"href":"https:\/\/www.europesays.com\/de\/wp-json\/wp\/v2\/posts\/110330","targetHints":{"allow":["GET"]}}],"collection":[{"href":"https:\/\/www.europesays.com\/de\/wp-json\/wp\/v2\/posts"}],"about":[{"href":"https:\/\/www.europesays.com\/de\/wp-json\/wp\/v2\/types\/post"}],"author":[{"embeddable":true,"href":"https:\/\/www.europesays.com\/de\/wp-json\/wp\/v2\/users\/2"}],"replies":[{"embeddable":true,"href":"https:\/\/www.europesays.com\/de\/wp-json\/wp\/v2\/comments?post=110330"}],"version-history":[{"count":0,"href":"https:\/\/www.europesays.com\/de\/wp-json\/wp\/v2\/posts\/110330\/revisions"}],"wp:featuredmedia":[{"embeddable":true,"href":"https:\/\/www.europesays.com\/de\/wp-json\/wp\/v2\/media\/110331"}],"wp:attachment":[{"href":"https:\/\/www.europesays.com\/de\/wp-json\/wp\/v2\/media?parent=110330"}],"wp:term":[{"taxonomy":"category","embeddable":true,"href":"https:\/\/www.europesays.com\/de\/wp-json\/wp\/v2\/categories?post=110330"},{"taxonomy":"post_tag","embeddable":true,"href":"https:\/\/www.europesays.com\/de\/wp-json\/wp\/v2\/tags?post=110330"}],"curies":[{"name":"wp","href":"https:\/\/api.w.org\/{rel}","templated":true}]}}