{"id":1103347,"date":"2026-06-18T10:12:24","date_gmt":"2026-06-18T10:12:24","guid":{"rendered":"https:\/\/www.europesays.com\/de\/1103347\/"},"modified":"2026-06-18T10:12:24","modified_gmt":"2026-06-18T10:12:24","slug":"korschenbroich-feierabendmarkt-mit-foodtrucks-in-kleinenbroich","status":"publish","type":"post","link":"https:\/\/www.europesays.com\/de\/1103347\/","title":{"rendered":"Korschenbroich: Feierabendmarkt mit Foodtrucks in Kleinenbroich"},"content":{"rendered":"<p class=\"text_ohne_einzug richtext text-em-55 !leading-serif mx-6 desktop:mx-0\"> Der kalendarische Sommeranfang steht zwar noch aus, doch behagliche 27 Grad herrschten schon am Mittwoch, auch noch zu vorger\u00fcckter Stunde auf dem Feierabendmarkt in Kleinenbroich. Auf dem Kirmesplatz an der Matthiasstra\u00dfe tummelten sich zahlreiche Besucher, die sich von den kulinarischen Angeboten der ann\u00e4hernd 20 Foodtrucks verf\u00fchren lie\u00dfen.<\/p>\n<p class=\"richtext text-em-55 !leading-serif mx-6 desktop:mx-0\">Japanische, mexikanische, afghanische, italienische, deutsche und noch manch andere K\u00fcche liefen auf Hochtouren. Gerade an den exotischen St\u00e4nden knubbelten sich G\u00e4ste, dr\u00e4ngelten aber nicht. Die Atmosph\u00e4re unter dem hellen Abendhimmel war geradezu tiefenentspannt.<\/p>\n<p class=\"richtext text-em-55 !leading-serif mx-6 desktop:mx-0\">\u201eFr\u00fcher hatten wir geschimpft, dass wir in Kleinenbroich benachteiligt sind\u201c, sagt Sylvia Hekers, die mit ihrem Mann Horst am asiatischen Stand \u201eWok dich frei\u201c kulinarisch f\u00fcndig geworden ist. Das H\u00e4hnchen sei \u201esuperlecker\u201c und \u201eknusprig\u201c. Auch der Gatte zeigt sich zufrieden mit seiner ebenso knusprigen Ente. Man freue sich, dass nun schon im zweiten Jahr in Kleinenbroich ein Feierabendmarkt existiere, nicht nur im benachbarten Korschenbroich, bekr\u00e4ftigt das Paar.<\/p>\n<p>Spezielle Burger bis Tr\u00fcffelpasta auf dem Feierabendmarkt in Kleinenbroich      <\/p>\n<p class=\"richtext text-em-55 !leading-serif mx-6 desktop:mx-0\">Neben Alteingesessenen befinden sich auch Zugereiste auf Schnupperkurs. \u201eWir sind im Dezember nach Kleinenbroich gezogen\u201c, sagt Theo Prants, der mit Tochter Lisa und Schwiegersohn Josef zum ersten Mal den Markt mit den Foodtrucks besuchte. Man komme eigentlich aus D\u00fcsseldorf-Bilk, besitze nun aber einen Hund, erg\u00e4nzt Lisa Prants. \u201eDer Hund braucht Auslauf, und den bekommt er in Kleinenbroich schneller als in der Gro\u00dfstadt.\u201c \u00dcberhaupt gefalle ihnen Kleinenbroich und auch der Feierabendmarkt ganz ausgezeichnet, bekundet die Familie.<\/p>\n<p class=\"richtext text-em-55 !leading-serif mx-6 desktop:mx-0\">Derweil geht das Angebot an Speisen \u00fcber Rummelplatz-Klassiker wie Fritten, Schnitzel und Burger deutlich hinaus. Statt klassischer Burger mit Fritten gibt es solche aus \u201eDry Aged Beef\u201c mit belgischen Pommes. Oder japanische Yakiniku-Burger mit feinem Rindfleisch und einer dunklen So\u00dfe. Auch Tr\u00fcffel-Burger gibt es am japanischen Stand \u201efave\u201c.<\/p>\n<p class=\"richtext text-em-55 !leading-serif mx-6 desktop:mx-0\">Ein ganzer Berg von Sommertr\u00fcffeln liegt auf der Theke von \u201eFrank Tr\u00fcffelmann\u201c. Am Stand steht Franks Frau Vanessa alias \u201eTr\u00fcffelfrau\u201c. Dort gibt es hausgemachte Tagliatelle, deren cremige So\u00dfe im Parmesanlaib entsteht und auf Wunsch mit Tr\u00fcffelsp\u00e4nen \u00fcbers\u00e4t wird. Das Gesch\u00e4ft laufe \u201ebombe\u201c, sagt sie.<\/p>\n<p class=\"richtext text-em-55 !leading-serif mx-6 desktop:mx-0\">Mexikanische Tacos und hausgemachtes Aioli kredenzt Mahmoad Sweiss vom D\u00fcsseldorfer Restaurant Los Locos. \u201eSehr nette Leute\u201c seien da, sagt der Gastronom. Und: \u201eGuck mal! Alle lachen.\u201c<\/p>\n","protected":false},"excerpt":{"rendered":"Der kalendarische Sommeranfang steht zwar noch aus, doch behagliche 27 Grad herrschten schon am Mittwoch, auch noch zu&hellip;\n","protected":false},"author":2,"featured_media":1103348,"comment_status":"","ping_status":"","sticky":false,"template":"","format":"standard","meta":{"footnotes":"","_share_on_mastodon":"0"},"categories":[1849],"tags":[3364,29,548,663,3934,21138,26095,30,13,54454,24741,4927,4455,14,15,1209,12],"class_list":["post-1103347","post","type-post","status-publish","format-standard","has-post-thumbnail","category-moenchengladbach","tag-de","tag-deutschland","tag-eu","tag-europa","tag-europe","tag-feierabendmarkt","tag-foodtrucks","tag-germany","tag-headlines","tag-kleinenbroich","tag-korschenbroich","tag-kueche","tag-moenchengladbach","tag-nachrichten","tag-news","tag-nordrhein-westfalen","tag-schlagzeilen"],"share_on_mastodon":{"url":"https:\/\/pubeurope.com\/@de\/116770579882474823","error":""},"_links":{"self":[{"href":"https:\/\/www.europesays.com\/de\/wp-json\/wp\/v2\/posts\/1103347","targetHints":{"allow":["GET"]}}],"collection":[{"href":"https:\/\/www.europesays.com\/de\/wp-json\/wp\/v2\/posts"}],"about":[{"href":"https:\/\/www.europesays.com\/de\/wp-json\/wp\/v2\/types\/post"}],"author":[{"embeddable":true,"href":"https:\/\/www.europesays.com\/de\/wp-json\/wp\/v2\/users\/2"}],"replies":[{"embeddable":true,"href":"https:\/\/www.europesays.com\/de\/wp-json\/wp\/v2\/comments?post=1103347"}],"version-history":[{"count":0,"href":"https:\/\/www.europesays.com\/de\/wp-json\/wp\/v2\/posts\/1103347\/revisions"}],"wp:featuredmedia":[{"embeddable":true,"href":"https:\/\/www.europesays.com\/de\/wp-json\/wp\/v2\/media\/1103348"}],"wp:attachment":[{"href":"https:\/\/www.europesays.com\/de\/wp-json\/wp\/v2\/media?parent=1103347"}],"wp:term":[{"taxonomy":"category","embeddable":true,"href":"https:\/\/www.europesays.com\/de\/wp-json\/wp\/v2\/categories?post=1103347"},{"taxonomy":"post_tag","embeddable":true,"href":"https:\/\/www.europesays.com\/de\/wp-json\/wp\/v2\/tags?post=1103347"}],"curies":[{"name":"wp","href":"https:\/\/api.w.org\/{rel}","templated":true}]}}