{"id":1103423,"date":"2026-06-18T10:55:18","date_gmt":"2026-06-18T10:55:18","guid":{"rendered":"https:\/\/www.europesays.com\/de\/1103423\/"},"modified":"2026-06-18T10:55:18","modified_gmt":"2026-06-18T10:55:18","slug":"dortmund-ruhrallee-18-jaehriger-rast-in-polizeikontrolle-auf-beamten-zu","status":"publish","type":"post","link":"https:\/\/www.europesays.com\/de\/1103423\/","title":{"rendered":"Dortmund Ruhrallee: 18-J\u00e4hriger rast in Polizeikontrolle auf Beamten zu"},"content":{"rendered":"<p>Auf der Ruhrallee <\/p>\n<p>18-J\u00e4hriger rast mit 160 km\/h auf Polizisten zu<\/p>\n<p>18.06.2026 &#8211; 12:49 UhrLesedauer: 1 Min.<\/p>\n<p><a href=\"#focus-0\" class=\"transition-colors block text-current relative\" data-sctrack=\"FocusGalleryImage.Reference\"><img fetchpriority=\"high\" data-testid=\"Opener.Image\"   loading=\"eager\" src=\"https:\/\/www.europesays.com\/de\/wp-content\/uploads\/2026\/06\/polizeikontrolle-in-nrw-ist-ein-mann-gefluechtet-nachdem-beamte-feststellten-dass-gegen-ihn-ein-haft.jpeg\" alt=\"Polizeikontrolle: In NRW ist ein Mann gefl\u00fcchtet, nachdem Beamte feststellten, dass gegen ihn ein Haftbefehl vorliegt. (Symbolbild)\" title=\"Polizeikontrolle: In NRW ist ein Mann gefl\u00fcchtet, nachdem Beamte feststellten, dass gegen ihn ein Haftbefehl vorliegt. (Symbolbild)\" width=\"1920\" height=\"1082\" class=\"bg-[url:var(--lqipURL)] bg-cover bg-center flex h-full w-full max-w-full\" style=\"--lqipURL:url('https:\/\/images.t-online.de\/2021\/05\/85993276v2\/0x0:1920x1082\/fit-in\/150x0\/filters:blur(25)\/polizeikontrolle-in-nrw-ist-ein-mann-gefluechtet-nachdem-beamte-feststellten-dass-gegen-ihn-ein-haftbefehl-vorliegt-symbolbild.jpg')\" decoding=\"async\"\/><img loading=\"lazy\" src=\"https:\/\/dortmund.t-online.de\/s\/paper\/_next\/static\/media\/zoom-in.f7dae02f.svg\" alt=\"Vergr\u00f6\u00dfern des Bildes\" title=\"Vergr\u00f6\u00dfern des Bildes\" class=\"block h-[calc(var(--height)_\/_16_*_1rem)] w-[calc(var(--width)_\/_16_*_1rem)] max-w-none absolute right-8 bottom-8 rounded-4 bg-snow p-8\" style=\"--width:32;--height:32\" decoding=\"async\"\/><\/a><\/p>\n<p>Ein Polizist mit Anhaltestab: In NRW ist ein junger Autofahrer nahezu ungebremst auf einen Beamten zugerast. (Symbolbild) (Quelle: onw-images\/imago-images-bilder)<\/p>\n<p><img loading=\"lazy\" src=\"https:\/\/dortmund.t-online.de\/s\/paper\/_next\/static\/media\/audio-volume.6689034c.svg\" alt=\"\" title=\"\" class=\"block h-[calc(var(--height)_\/_16_*_1rem)] w-[calc(var(--width)_\/_16_*_1rem)] max-w-none group-hover:brightness-0 group-hover:invert\" style=\"--width:16;--height:16\" decoding=\"async\"\/>Vorlesen<\/p>\n<p>Aktuelle Zeit:0:00Gesamtdauer:0:00<\/p>\n<p>1x<\/p>\n<p class=\"text-center\">Jetzt neu bei t-online:<\/p>\n<p class=\"text-center\">Schriftgr\u00f6\u00dfe anpassen!<\/p>\n<p><img loading=\"lazy\" src=\"https:\/\/dortmund.t-online.de\/s\/paper\/_next\/static\/media\/font-sizes.32942e33.svg\" alt=\"\" title=\"\" class=\"block h-[calc(var(--height)_\/_16_*_1rem)] w-[calc(var(--width)_\/_16_*_1rem)] max-w-none group-hover:hidden group-aria-expanded:hidden\" style=\"--width:16;--height:16\" decoding=\"async\"\/><img loading=\"lazy\" src=\"https:\/\/dortmund.t-online.de\/s\/paper\/_next\/static\/media\/font-sizes-dark-mode.e382645c.svg\" alt=\"\" title=\"\" class=\"block h-[calc(var(--height)_\/_16_*_1rem)] w-[calc(var(--width)_\/_16_*_1rem)] max-w-none hidden group-hover:block group-aria-expanded:block\" style=\"--width:16;--height:16\" decoding=\"async\"\/><img loading=\"lazy\" src=\"https:\/\/dortmund.t-online.de\/s\/paper\/_next\/static\/media\/sharing-menu-icon.1eb71368.svg\" alt=\"\" title=\"\" class=\"block h-[calc(var(--height)_\/_16_*_1rem)] w-[calc(var(--width)_\/_16_*_1rem)] max-w-none group-hover:brightness-0 group-hover:invert\" style=\"--width:16;--height:16\" decoding=\"async\"\/>Artikel teilen<\/p>\n<p class=\"font-bold text-18 leading-17 user-text-lg:text-22 user-text-xl:text-24\">Ein Autofahrer ignoriert eine Kontrolle in Dortmund. Die Polizei leitet mehrere Ermittlungsverfahren ein.<\/p>\n<p class=\"text-18 leading-17 user-text-lg:text-22 user-text-xl:text-24\">Ein 18-J\u00e4hriger ist am Dienstagabend in Dortmund mit massiv \u00fcberh\u00f6hter Geschwindigkeit in eine Polizeikontrolle geraten. Die Beamten beschlagnahmten seinen F\u00fchrerschein und leiteten mehrere Ermittlungsverfahren ein, wie die Polizei am Mittwoch mitteilte.<\/p>\n<p class=\"text-18 leading-17 user-text-lg:text-22 user-text-xl:text-24\">Der junge Mann raste auf der Ruhrallee stadteinw\u00e4rts, als er in die Kontrolle fuhr. Er ist laut Polizei mit 160 km\/h unterwegs gewesen \u2013 erlaubt sind dort 60 Stundenkilometer.<\/p>\n<p class=\"text-18 leading-17 user-text-lg:text-22 user-text-xl:text-24\">Ein Beamter betrat daraufhin mit einem Anhaltestab die Fahrbahn. Er forderte den Fahrer auf, rechts ranzufahren. Der 18-J\u00e4hrige soll laut Polizei nahezu ungebremst auf den Beamten zugerast sein. Der Mann habe ausweichen m\u00fcssen, erst dann habe der Fahrer abgebremst.<\/p>\n<p class=\"text-18 leading-17 user-text-lg:text-22 user-text-xl:text-24\">Die Polizei leitete zwei Ermittlungsverfahren ein: wegen Teilnahme an einem verbotenen Kraftfahrzeugrennen und wegen Gef\u00e4hrdung des Stra\u00dfenverkehrs. Die Beamten meldeten den 18-J\u00e4hrigen zudem bei der Fahrerlaubnisbeh\u00f6rde. Er sei bereits vor einigen Wochen mit erh\u00f6hter Geschwindigkeit aufgefallen, wie die Polizei mitteilte.<\/p>\n","protected":false},"excerpt":{"rendered":"Auf der Ruhrallee 18-J\u00e4hriger rast mit 160 km\/h auf Polizisten zu 18.06.2026 &#8211; 12:49 UhrLesedauer: 1 Min. Ein&hellip;\n","protected":false},"author":2,"featured_media":1103424,"comment_status":"","ping_status":"","sticky":false,"template":"","format":"standard","meta":{"footnotes":"","_share_on_mastodon":"0"},"categories":[1833],"tags":[87970,722,17161,233718,3364,29,217,6212,30,1209,121],"class_list":["post-1103423","post","type-post","status-publish","format-standard","has-post-thumbnail","category-dortmund","tag-ruhrallee","tag-722","tag-17161","tag-anhaltestab","tag-de","tag-deutschland","tag-dortmund","tag-ermittlungsverfahren","tag-germany","tag-nordrhein-westfalen","tag-polizei"],"share_on_mastodon":{"url":"https:\/\/pubeurope.com\/@de\/116770750209741068","error":""},"_links":{"self":[{"href":"https:\/\/www.europesays.com\/de\/wp-json\/wp\/v2\/posts\/1103423","targetHints":{"allow":["GET"]}}],"collection":[{"href":"https:\/\/www.europesays.com\/de\/wp-json\/wp\/v2\/posts"}],"about":[{"href":"https:\/\/www.europesays.com\/de\/wp-json\/wp\/v2\/types\/post"}],"author":[{"embeddable":true,"href":"https:\/\/www.europesays.com\/de\/wp-json\/wp\/v2\/users\/2"}],"replies":[{"embeddable":true,"href":"https:\/\/www.europesays.com\/de\/wp-json\/wp\/v2\/comments?post=1103423"}],"version-history":[{"count":0,"href":"https:\/\/www.europesays.com\/de\/wp-json\/wp\/v2\/posts\/1103423\/revisions"}],"wp:featuredmedia":[{"embeddable":true,"href":"https:\/\/www.europesays.com\/de\/wp-json\/wp\/v2\/media\/1103424"}],"wp:attachment":[{"href":"https:\/\/www.europesays.com\/de\/wp-json\/wp\/v2\/media?parent=1103423"}],"wp:term":[{"taxonomy":"category","embeddable":true,"href":"https:\/\/www.europesays.com\/de\/wp-json\/wp\/v2\/categories?post=1103423"},{"taxonomy":"post_tag","embeddable":true,"href":"https:\/\/www.europesays.com\/de\/wp-json\/wp\/v2\/tags?post=1103423"}],"curies":[{"name":"wp","href":"https:\/\/api.w.org\/{rel}","templated":true}]}}