{"id":1103499,"date":"2026-06-18T11:35:16","date_gmt":"2026-06-18T11:35:16","guid":{"rendered":"https:\/\/www.europesays.com\/de\/1103499\/"},"modified":"2026-06-18T11:35:16","modified_gmt":"2026-06-18T11:35:16","slug":"moenchengladbach-warnung-vor-extremer-hitze-ueber-30-grad","status":"publish","type":"post","link":"https:\/\/www.europesays.com\/de\/1103499\/","title":{"rendered":"M\u00f6nchengladbach: Warnung vor extremer Hitze\u00a0\u2013 \u00fcber 30 Grad"},"content":{"rendered":"<p class=\"text_ohne_einzug richtext text-em-55 !leading-serif mx-6 desktop:mx-0\"> Der Deutschen Wetterdienst (DWD) hat f\u00fcr Donnerstag, 18. Juli, eine Warnung vor <a href=\"https:\/\/rp-online.de\/thema\/hitze\/\" rel=\"nofollow noopener\" target=\"_blank\">Hitze<\/a> f\u00fcr <a href=\"https:\/\/rp-online.de\/thema\/moenchengladbach\/\" rel=\"nofollow noopener\" target=\"_blank\">M\u00f6nchengladbach<\/a> ausgesprochen. \u201eDie Hitze wird alte und pflegebed\u00fcrftige Menschen extrem belasten\u201c, hei\u00dft es. Der DWD prognostiziert H\u00f6chsttemperaturen zwischen 30 und 34 Grad. Es sei mit einer zus\u00e4tzlichen Belastung aufgrund verringerter n\u00e4chtlicher Abk\u00fchlung insbesondere im dicht bebauten Stadtgebiet zu rechnen. \u201eVermeiden Sie nach M\u00f6glichkeit die Hitze, trinken Sie ausreichend Wasser und halten Sie die Innenr\u00e4ume k\u00fchl\u201c, empfiehlt der Wetterdienst.<\/p>\n<p class=\"richtext text-em-55 !leading-serif mx-6 desktop:mx-0\">F\u00fcr Freitag warnt der DWD ab 11 Uhr sogar vor extremer Hitze. Die Temperaturen sollen in NRW auf H\u00f6chstwerte zwischen 32 und 37 Grad ansteigen. Ab Freitag steige au\u00dferdem das Gewitterrisiko. Die Warnung gilt bis 19 Uhr.<\/p>\n","protected":false},"excerpt":{"rendered":"Der Deutschen Wetterdienst (DWD) hat f\u00fcr Donnerstag, 18. Juli, eine Warnung vor Hitze f\u00fcr M\u00f6nchengladbach ausgesprochen. \u201eDie Hitze&hellip;\n","protected":false},"author":2,"featured_media":1103500,"comment_status":"","ping_status":"","sticky":false,"template":"","format":"standard","meta":{"footnotes":"","_share_on_mastodon":"0"},"categories":[1849],"tags":[140816,75961,10996,57630,57628,57629,33091,3364,29,548,663,3934,30,13,11607,86255,4455,14,15,1209,12,23290],"class_list":["post-1103499","post","type-post","status-publish","format-standard","has-post-thumbnail","category-moenchengladbach","tag-20und","tag-22id","tag-22txt","tag-22type","tag-22ver","tag-2c2","tag-abkuehlung","tag-de","tag-deutschland","tag-eu","tag-europa","tag-europe","tag-germany","tag-headlines","tag-hitze","tag-kuehl","tag-moenchengladbach","tag-nachrichten","tag-news","tag-nordrhein-westfalen","tag-schlagzeilen","tag-warnung"],"share_on_mastodon":{"url":"https:\/\/pubeurope.com\/@de\/116770906299586836","error":""},"_links":{"self":[{"href":"https:\/\/www.europesays.com\/de\/wp-json\/wp\/v2\/posts\/1103499","targetHints":{"allow":["GET"]}}],"collection":[{"href":"https:\/\/www.europesays.com\/de\/wp-json\/wp\/v2\/posts"}],"about":[{"href":"https:\/\/www.europesays.com\/de\/wp-json\/wp\/v2\/types\/post"}],"author":[{"embeddable":true,"href":"https:\/\/www.europesays.com\/de\/wp-json\/wp\/v2\/users\/2"}],"replies":[{"embeddable":true,"href":"https:\/\/www.europesays.com\/de\/wp-json\/wp\/v2\/comments?post=1103499"}],"version-history":[{"count":0,"href":"https:\/\/www.europesays.com\/de\/wp-json\/wp\/v2\/posts\/1103499\/revisions"}],"wp:featuredmedia":[{"embeddable":true,"href":"https:\/\/www.europesays.com\/de\/wp-json\/wp\/v2\/media\/1103500"}],"wp:attachment":[{"href":"https:\/\/www.europesays.com\/de\/wp-json\/wp\/v2\/media?parent=1103499"}],"wp:term":[{"taxonomy":"category","embeddable":true,"href":"https:\/\/www.europesays.com\/de\/wp-json\/wp\/v2\/categories?post=1103499"},{"taxonomy":"post_tag","embeddable":true,"href":"https:\/\/www.europesays.com\/de\/wp-json\/wp\/v2\/tags?post=1103499"}],"curies":[{"name":"wp","href":"https:\/\/api.w.org\/{rel}","templated":true}]}}