{"id":1103554,"date":"2026-06-18T12:14:15","date_gmt":"2026-06-18T12:14:15","guid":{"rendered":"https:\/\/www.europesays.com\/de\/1103554\/"},"modified":"2026-06-18T12:14:15","modified_gmt":"2026-06-18T12:14:15","slug":"ki-trifft-karriere-ihk-auf-der-ideenexpo","status":"publish","type":"post","link":"https:\/\/www.europesays.com\/de\/1103554\/","title":{"rendered":"KI trifft Karriere \u2013 IHK auf der IdeenExpo"},"content":{"rendered":"<p>                    Die IHK Hannover pr\u00e4sentiert sich auf der <a href=\"https:\/\/www.ideenexpo.de\/\" rel=\"nofollow noopener\" target=\"_blank\">IdeenExpo 2026<\/a> (20. bis 28. Juni) auf dem Messegel\u00e4nde Hannover mit einem vielseitigen Programm rund um K\u00fcnstliche Intelligenz, Robotik und moderne Berufsorientierung.\u00a0<\/p>\n<p>\u00a0<\/p>\n<p>Europas gr\u00f6\u00dftes Jugendevent f\u00fcr Technik und Naturwissenschaften findet in diesem Jahr bereits zum zehnten Mal unter dem Motto \u201eMach doch einfach!\u201c statt und richtet sich insbesondere an junge Menschen, die sich f\u00fcr MINT-Berufe begeistern m\u00f6chten. Die IHK Hannover pr\u00e4sentiert sich auf der IdeenExpo mit einem Programm rund um K\u00fcnstliche Intelligenz, Robotik und Berufsorientierung.\u00a0<\/p>\n<p><strong>Robotik und KI zum Anfassen in Halle 9 auf der Mobilit\u00e4tsMeile (Halle 9)<\/strong><\/p>\n<p>Gemeinsam mit der Region Hannover r\u00fcckt die IHK Hannover auf der Mobilit\u00e4tsMeile (Halle 9) die Verbindung von Robotik und K\u00fcnstlicher Intelligenz in den Mittelpunkt. Unter dem Dach des Netzwerks \u201eRobotic City Hannover\u201c erwartet die Besucherinnen und Besucher ein interaktiver Gemeinschaftsstand mit Mitmach-Exponaten aus Forschung, Lehre und Nachwuchsf\u00f6rderung: Ob Balance-Roboter-Parcours, humanoide Roboter mit KI-gest\u00fctzter Bewegungsnachahmung oder ein RoboCup-Fu\u00dfballspiel gegen autonome Maschinen \u2013 Technik wird hier erlebbar gemacht. Erg\u00e4nzt wird das Angebot durch kreative Formate wie die \u201eAI Candy Challenge\u201c, KI-Workshops zum Trainieren eigener neuronaler Netze sowie interaktive RoboSumo-Wettbewerbe und KI-gest\u00fctzte Designwerkst\u00e4tten.<\/p>\n<p><strong>KI unterst\u00fctzt Berufsorientierung: FutureSkills-Test im Einsatz<\/strong><\/p>\n<p>Ein weiterer Schwerpunkt liegt auf der digitalen Berufsorientierung. Im \u201eClubZukunft\u201c \u2013 dem Karriere-Hub der IdeenExpo \u2013 stellt die IHK Hannover \u00fcber ihr Welcome &amp; Business Center (WBC) neue digitale Angebote vor.<\/p>\n<p>Im Mittelpunkt steht ein neu entwickelter, KI-gest\u00fctzter FutureSkills-Test: An interaktiven Terminals k\u00f6nnen Jugendliche ihre St\u00e4rken in Bereichen wie Probleml\u00f6sen, Selbstorganisation oder Kommunikation analysieren und passende Ausbildungsberufe vorgeschlagen bekommen. Erg\u00e4nzend stehen KI-basierte Azubi-Avatare f\u00fcr Fragen rund um den Ausbildungsalltag zur Verf\u00fcgung. Das Angebot ist bewusst niedrigschwellig, intuitiv und auch f\u00fcr Jugendliche mit geringen Deutschkenntnissen geeignet. \u00dcber eine direkte Anbindung an die Plattform <a href=\"www.meine-Ausbildung-in-Niedersachsen.de\">www.meine-Ausbildung-in-Niedersachsen.de<\/a> lassen sich passende Ausbildungsbetriebe unmittelbar finden. Begleitet wird der Auftritt von der Ausbildungskampagne \u201eAusbildung macht mehr aus uns \u2013 Jetzt #k\u00f6nnenlernen\u201c. Die IHK Hannover zeigt damit die Chancen, Vielfalt und Zukunftsperspektiven der dualen Ausbildung und m\u00f6chte junge Menschen f\u00fcr eine berufliche Laufbahn im IHK-Bereich begeistern. Dieser Stand ist im ClubZukunft (Halle 9, Stand CZ-07).<\/p>\n<p><strong>Ziel: Nachwuchs f\u00fcr die Zukunft sichern<\/strong><\/p>\n<p>Mit ihrem umfangreichen Engagement auf der IdeenExpo 2026 verfolgt die IHK Hannover ein klares Ziel: junge Menschen fr\u00fchzeitig f\u00fcr Zukunftstechnologien und berufliche Perspektiven zu begeistern \u2013 praxisnah, interaktiv und digital unterst\u00fctzt. Die Kombination aus innovativen Technologien und moderner Berufsorientierung zeigt, wie der Einstieg in Ausbildung und Karriere heute aussehen kann.<\/p>\n<p><strong>Gro\u00dfes Engagement der nieders\u00e4chsischen Wirtschaft<\/strong><\/p>\n<p>Auch die IHK Niedersachsen ist erneut mit einem Gemeinschaftsstand (Halle 9\/Stand CZ-03) vertreten. Zusammen mit sieben nieders\u00e4chsischen IHKs und 21 Mitgliedsunternehmen pr\u00e4sentieren Auszubildenden-Teams praxisnahe Mitmach-Exponate \u2013 von lebensgro\u00dfen Hologrammen bis zur Herstellung von Frischk\u00e4se. Damit wird eindrucksvoll gezeigt, wie vielf\u00e4ltig und innovativ berufliche Ausbildung sein kann.<\/p>\n<p>Petri Feinkost GmbH &amp; Co. KG: Frischk\u00e4se selbst herstellen (20. bis 22. Juni)<br \/>Thimm Group: Tic-Tac-Toe-Tisch und Gl\u00fccksrad (20. bis 22. Juni)<br \/>Fagus-Grecon Greten GmbH &amp; Co. KG: GreifBar (20. bis 22. Juni)<br \/>Stephan Machinery Corp: Pralinen herstellen mit der Universalmaschine UMX5 (23. bis 26. Juni)<br \/>Ardagh Group: Physikalischer Belastungstest von Glasbeh\u00e4ltern (26. bis 28. Juni)<\/p>\n<p><strong>Tipp: Beim Navigieren durch das Programm der IdeenExpo hilft die IdeenExpo-App!<\/strong><br \/>\u00a0<\/p>\n","protected":false},"excerpt":{"rendered":"Die IHK Hannover pr\u00e4sentiert sich auf der IdeenExpo 2026 (20. bis 28. Juni) auf dem Messegel\u00e4nde Hannover mit&hellip;\n","protected":false},"author":2,"featured_media":1103555,"comment_status":"","ping_status":"","sticky":false,"template":"","format":"standard","meta":{"footnotes":"","_share_on_mastodon":"0"},"categories":[1836],"tags":[242,36716,3364,29,57968,233738,30,46,199303,162153,1710,671,233736,1411,233737,31781],"class_list":["post-1103554","post","type-post","status-publish","format-standard","has-post-thumbnail","category-hannover","tag-242","tag-berufsorientierung","tag-de","tag-deutschland","tag-fussballspiel","tag-futureskills-test","tag-germany","tag-hannover","tag-ideenexpo","tag-ihk-niedersachsen","tag-karriere","tag-ki","tag-mobilitaetsmeile","tag-niedersachsen","tag-robocup","tag-robotik"],"share_on_mastodon":{"url":"https:\/\/pubeurope.com\/@de\/116771059685444807","error":""},"_links":{"self":[{"href":"https:\/\/www.europesays.com\/de\/wp-json\/wp\/v2\/posts\/1103554","targetHints":{"allow":["GET"]}}],"collection":[{"href":"https:\/\/www.europesays.com\/de\/wp-json\/wp\/v2\/posts"}],"about":[{"href":"https:\/\/www.europesays.com\/de\/wp-json\/wp\/v2\/types\/post"}],"author":[{"embeddable":true,"href":"https:\/\/www.europesays.com\/de\/wp-json\/wp\/v2\/users\/2"}],"replies":[{"embeddable":true,"href":"https:\/\/www.europesays.com\/de\/wp-json\/wp\/v2\/comments?post=1103554"}],"version-history":[{"count":0,"href":"https:\/\/www.europesays.com\/de\/wp-json\/wp\/v2\/posts\/1103554\/revisions"}],"wp:featuredmedia":[{"embeddable":true,"href":"https:\/\/www.europesays.com\/de\/wp-json\/wp\/v2\/media\/1103555"}],"wp:attachment":[{"href":"https:\/\/www.europesays.com\/de\/wp-json\/wp\/v2\/media?parent=1103554"}],"wp:term":[{"taxonomy":"category","embeddable":true,"href":"https:\/\/www.europesays.com\/de\/wp-json\/wp\/v2\/categories?post=1103554"},{"taxonomy":"post_tag","embeddable":true,"href":"https:\/\/www.europesays.com\/de\/wp-json\/wp\/v2\/tags?post=1103554"}],"curies":[{"name":"wp","href":"https:\/\/api.w.org\/{rel}","templated":true}]}}