{"id":1103612,"date":"2026-06-18T12:48:35","date_gmt":"2026-06-18T12:48:35","guid":{"rendered":"https:\/\/www.europesays.com\/de\/1103612\/"},"modified":"2026-06-18T12:48:35","modified_gmt":"2026-06-18T12:48:35","slug":"unbekannte-zerstoeren-skulpturen-vollkommen-sinnlose-aktion","status":"publish","type":"post","link":"https:\/\/www.europesays.com\/de\/1103612\/","title":{"rendered":"Unbekannte zerst\u00f6ren Skulpturen \u2013 \u201eVollkommen sinnlose Aktion\u201c"},"content":{"rendered":"<ol class=\"id-DonaldBreadcrumb lp_west_breadcrumb id-DonaldBreadcrumb--default\" data-k5a-pos=\"west_breadcrumb\">\n<li class=\"id-Breadcrumb-item\"><a href=\"https:\/\/www.fnp.de\/\" class=\"id-Breadcrumb-link\" data-id-ec=\"{\" shn=\"\" textlink=\"\" data-k5a-pos=\"1_startseite\" rel=\"nofollow noopener\" target=\"_blank\">Startseite<\/a><\/li>\n<li class=\"id-Breadcrumb-item\"><a href=\"https:\/\/www.fnp.de\/lokales\/\" class=\"id-Breadcrumb-link\" data-id-ec=\"{\" shn=\"\" textlink=\"\" data-k5a-pos=\"2_region\" rel=\"nofollow noopener\" target=\"_blank\">Region<\/a><\/li>\n<li class=\"id-Breadcrumb-item\"><a href=\"https:\/\/www.fnp.de\/lokales\/wetteraukreis\/\" class=\"id-Breadcrumb-link\" data-id-ec=\"{\" shn=\"\" textlink=\"\" data-k5a-pos=\"3_wetteraukreis\" rel=\"nofollow noopener\" target=\"_blank\">Wetteraukreis<\/a><\/li>\n<li class=\"id-Breadcrumb-item\"><a href=\"https:\/\/www.fnp.de\/lokales\/wetteraukreis\/karben\/\" class=\"id-Breadcrumb-link\" data-id-ec=\"{\" shn=\"\" textlink=\"\" data-k5a-pos=\"4_karben\" rel=\"nofollow noopener\" target=\"_blank\">Karben<\/a><\/li>\n<\/ol>\n<p class=\"id-Story-timestamp id-Story-timestamp--default\">Stand: 18.06.2026, 10:33 Uhr<\/p>\n<p class=\"id-Story-authors id-Story-authors--default\">Von: <a class=\"id-Story-authors-link lp_west_author\" href=\"https:\/\/www.fnp.de\/autor\/ines-dauernheim-vc2kmp4nd.html\" title=\"Zur Autorenseite von Ines Dauernheim\" data-id-ec=\"{\" shn=\"\" author-link=\"\" dauernheim=\"\" data-k5a-pos=\"west_author\" rel=\"nofollow noopener\" target=\"_blank\">Ines Dauernheim<\/a><\/p>\n<p class=\"id-Story-interactionBar id-Story-interactionBar--default\">DruckenTeilen<\/p>\n<p><a href=\"https:\/\/profile.google.com\/cp\/CgsvZy8xMjB2ejBzORoA\" class=\"id-Story-googleFollowButton id-Story-googleFollowButton--default\" target=\"_blank\" data-id-ec=\"{\" shn=\"\" google-follow=\"\" auf=\"\" google=\"\" folgen=\"\" rel=\"nofollow noopener\">Uns auf Google folgen<\/a><img decoding=\"async\" class=\"id-RatioPlaceholder-element wv_story_el_image\" src=\"https:\/\/www.europesays.com\/de\/wp-content\/uploads\/2026\/06\/42986123-die-koepfe-des-paares-das-am-brunnenrand-sitzt-und-in-regenbogenfarben-gehuellt-ist-sind-ab.jpeg\" loading=\"eager\" fetchpriority=\"high\"   height=\"792\" width=\"1408\" alt=\"Die K&#xF6;pfe des Paares, das am Brunnenrand sitzt und in Regenbogenfarben geh&#xFC;llt ist, sind abgetrennt.\"\/>Die K\u00f6pfe des Paares, das am Brunnenrand sitzt und in Regenbogenfarben geh\u00fcllt ist, sind abgetrennt. \u00a9\u00a0Rolf Theis<\/p>\n<p class=\"id-StoryElement-leadText\">Am vergangenen Wochenende haben Unbekannte Betonfiguren am Gehspitzbrunnen mit Gewalt zerst\u00f6rt. Die Karbener K\u00fcnstler sind entt\u00e4uscht. Die Stadtpolizei erbittet Hinweise.<\/p>\n<p class=\"id-StoryElement-paragraph\">Karben \u2013 Peter Mayer ist entt\u00e4uscht. Wieder ist die Skulptur, die er vor acht Jahren am Gehspitzbrunnen installiert hat, zerst\u00f6rt worden. Auch die anderen Werke, die von Karbener K\u00fcnstlern genau f\u00fcr das Areal angefertigt wurden, sehen sehr maltr\u00e4tiert aus. Einem Paar aus Beton, das von Regenbogenfarben umh\u00fcllt ist, fehlen die K\u00f6pfe. Bei der anderen Figur ist der Kopf halb abgeschlagen. \u201eFrau Mayer\u201c hat es schwer erwischt: Arm verdreht, Kopf abgetrennt. \u201eIch wei\u00df nicht, ob ich sie noch einmal reparieren kann\u201c, sagt Peter Mayer, der diese Skulptur erstellt hat. \u201eIch m\u00fcsste sie komplett erneuern, das ist vor Ort am Brunnen nicht m\u00f6glich.\u201c<\/p>\n<p><img decoding=\"async\" class=\"id-RatioPlaceholder-element wv_story_el_image\" src=\"https:\/\/www.europesays.com\/de\/wp-content\/uploads\/2026\/06\/42986124-am-vergangenen-wochenende-sind-die-betonfiguren-am-alten-gehspitzbrunnen-der-durch-die-werk.jpeg\" loading=\"lazy\"   height=\"1467\" width=\"1100\" alt=\"Am vergangenen Wochenende sind die Betonfiguren am alten Gehspitzbrunnen, der durch die Werke zum Brunnen der Freundschaft geworden ist, zerst&#xF6;rt worden.\"\/>Am vergangenen Wochenende sind die Betonfiguren am alten Gehspitzbrunnen, der durch die Werke zum Brunnen der Freundschaft geworden ist, zerst\u00f6rt worden. \u00a9\u00a0Rolf Theis<\/p>\n<p class=\"id-StoryElement-paragraph\">Was ist passiert? So viel ist klar: \u201eUnbekannte haben am vergangenen Wochenende die Betonfiguren am Gehspitzbrunnen, auch Freundschaftsbrunnen genannt, mit Gewalt zerst\u00f6rt\u201c, sagt Mayer.<\/p>\n<p class=\"id-StoryElement-paragraph\">Er erinnert sich noch genau an die kreative Schaffensphase, als er mit den K\u00fcnstlerkollegen Heidi Khan, Rolf Theis, R\u00fcdiger Kaffenberger und dem Lichtk\u00fcnstler Alfred Wolfski beratschlagt hat, wie das damals triste Gel\u00e4nde zu einer Art Freiluft-Kunst-Installation werden k\u00f6nnte. Gemeinsam gestalteten sie dann den ehemaligen Brunnen vor der Gehspitze 2018 um. Ihre Werke entstanden im Hof vor Mayers \u201eKUHtelier\u201c im Schlosshof Leonhardi und wurden als fertige Werke an die Gehspitze gebracht. Damals sei das Gel\u00e4nde sehr trist gewesen. Die Stadt hatte den Brunnen abgestellt. Also machten sich die Kreativen ans Werk. \u201eDas Grundger\u00fcst f\u00fcr alle drei gro\u00dfen Figuren besteht aus Baustahl. Zudem wurden Materialien wie Estrich-Beton, Draht und Gewebe zur Stabilisierung verwendet. Die \u00e4u\u00dfere bunte Schicht ist Fassadenfarbe, da die Figuren der Witterung ausgesetzt sein werden\u201c, beschreibt die Stadt Karben das Werk auf ihrer Homepage.<\/p>\n<p>Nicht der erste Vandalismus-Fall am Gehspitzbrunnen<\/p>\n<p class=\"id-StoryElement-paragraph\">Schon vor f\u00fcnf Jahren hatte jemand die Figuren zerst\u00f6rt. Haupts\u00e4chlich \u201eFrau Mayer\u201c hatte es damals getroffen. Vermutlich mit einem Baseballschl\u00e4ger sei die Skulptur traktiert worden, erinnert sich Peter Mayer. Damals konnte er die Figur wieder zusammenf\u00fcgen. Ob das den K\u00fcnstlern nun nochmals gelingt, ist ungewiss. Entt\u00e4uschung und Resignation machen sich breit. Auch wenn das Formen der Skulpturen inzwischen Jahre zur\u00fcckliegt, haben die K\u00fcnstler zu ihnen noch einen starken Bezug. \u201eDas ist schon so was wie ein Kind, das ich geschaffen habe\u201c, sagt Mayer. In der kommenden Woche wollen sich die K\u00fcnstler beraten, ob sie die Werke erneuern. Inzwischen hat das Areal rund um den alten Brunnen seine Attraktivit\u00e4t wieder verloren: Gr\u00e4ser wachsen in den Fugen. Moos \u00fcberzieht die Fliesen.<\/p>\n<p class=\"id-StoryElement-paragraph\">\u201eWir werden derartige Zerst\u00f6rungen nicht tatenlos hinnehmen\u201c, erkl\u00e4rt B\u00fcrgermeister Guido Rahn auf Anfrage dieser Zeitung. \u201eDiese vollkommen sinnlose Aktion ist ein Anlass, nochmals darauf hinzuweisen, dass wir derartige Taten in Karben keinesfalls dulden werden. Im Gegenteil: Wir werden die Kontrollen auch in den Abend- und Nachtstunden verst\u00e4rken.\u201c Kontrollen wird es k\u00fcnftig abends und an den Wochenenden rund um den Bahnhof, den Spielplatz in Kloppenheim und an anderen neuralgischen Orten geben.<\/p>\n<p class=\"id-StoryElement-paragraph\">Peter Mayer sagt: \u201eAlles, was zur Aufkl\u00e4rung der Tat beitragen kann, ist wichtig.\u201c Wenn Zeugen etwas Ungew\u00f6hnliches rund um das Gel\u00e4nde an der Bahnhofstra\u00dfe beobachtet haben, werden sie gebeten, diese Informationen an die Stadtpolizei, Telefon 06039\/481650 oder E-Mail stadtpolizei@karben.de, weiterzugeben. F\u00fcr Hinweise, die zur Ergreifung der T\u00e4ter f\u00fchren, gibt es eine Belohnung von 500 Euro, teilt die Stadt mit.<\/p>\n","protected":false},"excerpt":{"rendered":"Startseite Region Wetteraukreis Karben Stand: 18.06.2026, 10:33 Uhr Von: Ines Dauernheim DruckenTeilen Uns auf Google folgenDie K\u00f6pfe des&hellip;\n","protected":false},"author":2,"featured_media":1103613,"comment_status":"","ping_status":"","sticky":false,"template":"","format":"standard","meta":{"footnotes":"","_share_on_mastodon":"0"},"categories":[1775],"tags":[1793,29,214,30,1794,215],"class_list":["post-1103612","post","type-post","status-publish","format-standard","has-post-thumbnail","category-kunst-und-design","tag-art-and-design","tag-deutschland","tag-entertainment","tag-germany","tag-kunst-und-design","tag-unterhaltung"],"share_on_mastodon":{"url":"https:\/\/pubeurope.com\/@de\/116771194797668571","error":""},"_links":{"self":[{"href":"https:\/\/www.europesays.com\/de\/wp-json\/wp\/v2\/posts\/1103612","targetHints":{"allow":["GET"]}}],"collection":[{"href":"https:\/\/www.europesays.com\/de\/wp-json\/wp\/v2\/posts"}],"about":[{"href":"https:\/\/www.europesays.com\/de\/wp-json\/wp\/v2\/types\/post"}],"author":[{"embeddable":true,"href":"https:\/\/www.europesays.com\/de\/wp-json\/wp\/v2\/users\/2"}],"replies":[{"embeddable":true,"href":"https:\/\/www.europesays.com\/de\/wp-json\/wp\/v2\/comments?post=1103612"}],"version-history":[{"count":0,"href":"https:\/\/www.europesays.com\/de\/wp-json\/wp\/v2\/posts\/1103612\/revisions"}],"wp:featuredmedia":[{"embeddable":true,"href":"https:\/\/www.europesays.com\/de\/wp-json\/wp\/v2\/media\/1103613"}],"wp:attachment":[{"href":"https:\/\/www.europesays.com\/de\/wp-json\/wp\/v2\/media?parent=1103612"}],"wp:term":[{"taxonomy":"category","embeddable":true,"href":"https:\/\/www.europesays.com\/de\/wp-json\/wp\/v2\/categories?post=1103612"},{"taxonomy":"post_tag","embeddable":true,"href":"https:\/\/www.europesays.com\/de\/wp-json\/wp\/v2\/tags?post=1103612"}],"curies":[{"name":"wp","href":"https:\/\/api.w.org\/{rel}","templated":true}]}}