{"id":1103624,"date":"2026-06-18T12:56:17","date_gmt":"2026-06-18T12:56:17","guid":{"rendered":"https:\/\/www.europesays.com\/de\/1103624\/"},"modified":"2026-06-18T12:56:17","modified_gmt":"2026-06-18T12:56:17","slug":"vox-bestaetigt-zwei-investoren-dagmar-woehrl-verraet-versehentlich-neue-loewen","status":"publish","type":"post","link":"https:\/\/www.europesays.com\/de\/1103624\/","title":{"rendered":"Vox best\u00e4tigt zwei Investoren: Dagmar W\u00f6hrl verr\u00e4t versehentlich neue &#8222;L\u00f6wen&#8220;"},"content":{"rendered":"<p>Vox best\u00e4tigt zwei InvestorenDagmar W\u00f6hrl verr\u00e4t versehentlich neue &#8222;L\u00f6wen&#8220;<\/p>\n<p>18.06.2026, 14:04 Uhr <\/p>\n<p>Artikel anh\u00f6ren(03:32 min)<\/p>\n<p><img decoding=\"async\" class=\"Image_img__fQCi0 Image_Img_16_9__4BLfH widget-picture-inline_maximizable__t_E7h\" loading=\"eager\" fetchpriority=\"high\" src=\"https:\/\/www.europesays.com\/de\/wp-content\/uploads\/2026\/06\/Dagmar-Woehrl-bei-der-Circus-Krone-Weihnachts-Premiere-vom-Winterprogramm-Ich-Du-Wir-Krone-am-25-12..webp\" alt=\"Dagmar-Woehrl-bei-der-Circus-Krone-Weihnachts-Premiere-vom-Winterprogramm-Ich-Du-Wir-Krone-am-25-12\"\/>Ist bald in der Jubil\u00e4umsstaffel von &#8222;Die H\u00f6hle der L\u00f6wen&#8220; zu sehen: Dagmar W\u00f6hrl. (Foto: IMAGO\/APress)TeilenFolgen auf:<a href=\"https:\/\/www.whatsapp.com\/channel\/0029Va5cdVJD8SDp5YZgYF01\" title=\"Auf WhatsApp folgen\" target=\"_blank\" rel=\"nofollow noopener\"><img decoding=\"async\" src=\"https:\/\/www.n-tv.de\/socialIcons\/whatsapp.svg\" alt=\"whatsapp\" class=\"ArticleShare_icon__FsrC2\"\/><\/a><a href=\"https:\/\/www.google.com\/preferences\/source?q=n-tv.de\" title=\"ntv als bevorzugte Quelle auf Google hinzuf\u00fcgen\" target=\"_blank\" rel=\"nofollow noopener\"><img decoding=\"async\" src=\"https:\/\/www.n-tv.de\/socialIcons\/google.svg\" alt=\"whatsapp\" class=\"ArticleShare_icon__FsrC2\"\/><\/a><\/p>\n<p class=\"Typography_text-m__XI0da Typography_weight-bold__uT6mq storyline_lead_text_leadtext__q_wg8\">Dagmar W\u00f6hrl m\u00f6chte ihren Fans zeigen, wie ein Drehtag bei &#8222;Die H\u00f6hle der L\u00f6wen&#8220; abl\u00e4uft. Dabei geraten jedoch zwei Personen ins Bild, die dort eigentlich noch gar nicht h\u00e4tten auftauchen sollen. Kurz darauf muss Vox die \u00dcberraschung offiziell machen.<\/p>\n<p class=\"Typography_text-default__P3otY Typography_weight-normal__pqUbH storyline_paragraph_p__qSR5N\">Eigentlich wollte Dagmar W\u00f6hrl ihren Fans nur einen Blick hinter die Kulissen von &#8222;Die H\u00f6hle der L\u00f6wen&#8220; gew\u00e4hren. Stattdessen verriet die Investorin aber offenbar versehentlich ein gut geh\u00fctetes Geheimnis der kommenden Staffel. In einer mittlerweile gel\u00f6schten Instagram-Story tauchten pl\u00f6tzlich zwei M\u00e4nner auf, die bislang noch nie in der Vox-Gr\u00fcndershow zu sehen waren &#8211; und l\u00f6sten damit Spekulationen \u00fcber neue &#8222;L\u00f6wen&#8220; aus.<\/p>\n<p class=\"Typography_text-default__P3otY Typography_weight-normal__pqUbH storyline_paragraph_p__qSR5N\">W\u00f6hrl dokumentierte am Mittwochabend einen Drehtag der Jubil\u00e4umsstaffel f\u00fcr ihre sozialen Medien. Zu sehen waren unter anderem ihr morgendlicher Besuch in der Maske, ein Blick auf den Regieplan und verschiedene Aufnahmen vom Set. In einem kurzen Zusammenschnitt erschien die Unternehmerin schlie\u00dflich gemeinsam mit &#8222;L\u00f6win&#8220; Janna Ensthaler &#8211; und den zwei bislang unbekannten M\u00e4nnern vor der Kamera.<\/p>\n<p class=\"Typography_text-default__P3otY Typography_weight-normal__pqUbH storyline_paragraph_p__qSR5N\">Inzwischen hat Vox best\u00e4tigt, dass es sich bei den beiden tats\u00e4chlich um Neuzug\u00e4nge handelt. &#8222;Manchmal verlassen Neuigkeiten die H\u00f6hle etwas fr\u00fcher als geplant&#8220;, reagierte der Sender mit Humor. &#8222;Wir freuen uns sehr, dass Andreas Herb und Johannes Kliesch Teil der Jubil\u00e4umsstaffel von &#8218;Die H\u00f6hle der L\u00f6wen&#8216; sein werden. Die Vorbereitungen f\u00fcr die 20. Staffel laufen bereits auf Hochtouren und die Vorfreude auf den Herbst ist riesig. Weitere Details zur neuen Staffel und zu unseren L\u00f6wen kommunizieren wir zu einem sp\u00e4teren Zeitpunkt. Bis dahin gilt: In der H\u00f6hle bleibt es immer spannend.&#8220;<\/p>\n<p>Wer sind die geheimnisvollen M\u00e4nner? <\/p>\n<p class=\"Typography_text-default__P3otY Typography_weight-normal__pqUbH storyline_paragraph_p__qSR5N\">Mit Andreas Herb holt die Sendung einen Unternehmer an Bord, der vor allem in der Getr\u00e4nkebranche bekannt ist. Der CEO der MBG Group steht hinter Marken wie Salitos und Scavi &amp; Ray und hat ein Unternehmen aufgebaut, das international t\u00e4tig ist. Dar\u00fcber hinaus hat sich Herb auch als Business-Influencer einen Namen gemacht, allein auf Instagram hat er mehr als 300.000 Follower.<\/p>\n<p class=\"Typography_text-default__P3otY Typography_weight-normal__pqUbH storyline_paragraph_p__qSR5N\">Der zweite Neuzugang d\u00fcrfte vor allem j\u00fcngeren Zuschauern bekannt vorkommen. Johannes Kliesch gr\u00fcndete die Lifestyle-Marke Snocks, die mit Sneakersocken gro\u00df wurde und inzwischen ein breites Sortiment vertreibt. Der Unternehmer schaffte es auf die &#8222;30 Under 30 Europe&#8220;-Liste von Forbes in der Kategorie Retail und E-Commerce. Neben seiner Arbeit als Gesch\u00e4ftsf\u00fchrer ist er auch als Investor, Speaker und Podcast-Host aktiv.<\/p>\n<p class=\"Typography_text-default__P3otY Typography_weight-normal__pqUbH storyline_paragraph_p__qSR5N\">Welche Rolle die beiden Unternehmer in der Jubil\u00e4umsstaffel genau spielen werden und ob weitere Ver\u00e4nderungen im L\u00f6wenrudel geplant sind, h\u00e4lt Vox bislang noch unter Verschluss. In der vergangenen Staffel geh\u00f6rten neben Dagmar W\u00f6hrl und Janna Ensthaler auch Judith Williams, Ralf D\u00fcmmel, Carsten Maschmeyer und Frank Thelen zum Kreis der Investoren. Die 20. Staffel von &#8222;Die H\u00f6hle der L\u00f6wen&#8220; soll im Herbst ausgestrahlt werden.<\/p>\n<p class=\"Typography_text-s__wu_cm Typography_weight-normal__pqUbH Typography_color-darkgrey__sZEnP article-detail-footer_source__KslPc\">Quelle: ntv.de, lpe\/spot<\/p>\n","protected":false},"excerpt":{"rendered":"Vox best\u00e4tigt zwei InvestorenDagmar W\u00f6hrl verr\u00e4t versehentlich neue &#8222;L\u00f6wen&#8220; 18.06.2026, 14:04 Uhr Artikel anh\u00f6ren(03:32 min) Ist bald in&hellip;\n","protected":false},"author":2,"featured_media":1103625,"comment_status":"","ping_status":"","sticky":false,"template":"","format":"standard","meta":{"footnotes":"","_share_on_mastodon":"0"},"categories":[155],"tags":[29,23366,214,30,9951,1376,640,36354,684,215],"class_list":["post-1103624","post","type-post","status-publish","format-standard","has-post-thumbnail","category-unterhaltung","tag-deutschland","tag-die-hoehle-der-loewen","tag-entertainment","tag-germany","tag-investitionen","tag-investoren","tag-rtl","tag-start-ups","tag-tv","tag-unterhaltung"],"share_on_mastodon":{"url":"https:\/\/pubeurope.com\/@de\/116771226529932274","error":""},"_links":{"self":[{"href":"https:\/\/www.europesays.com\/de\/wp-json\/wp\/v2\/posts\/1103624","targetHints":{"allow":["GET"]}}],"collection":[{"href":"https:\/\/www.europesays.com\/de\/wp-json\/wp\/v2\/posts"}],"about":[{"href":"https:\/\/www.europesays.com\/de\/wp-json\/wp\/v2\/types\/post"}],"author":[{"embeddable":true,"href":"https:\/\/www.europesays.com\/de\/wp-json\/wp\/v2\/users\/2"}],"replies":[{"embeddable":true,"href":"https:\/\/www.europesays.com\/de\/wp-json\/wp\/v2\/comments?post=1103624"}],"version-history":[{"count":0,"href":"https:\/\/www.europesays.com\/de\/wp-json\/wp\/v2\/posts\/1103624\/revisions"}],"wp:featuredmedia":[{"embeddable":true,"href":"https:\/\/www.europesays.com\/de\/wp-json\/wp\/v2\/media\/1103625"}],"wp:attachment":[{"href":"https:\/\/www.europesays.com\/de\/wp-json\/wp\/v2\/media?parent=1103624"}],"wp:term":[{"taxonomy":"category","embeddable":true,"href":"https:\/\/www.europesays.com\/de\/wp-json\/wp\/v2\/categories?post=1103624"},{"taxonomy":"post_tag","embeddable":true,"href":"https:\/\/www.europesays.com\/de\/wp-json\/wp\/v2\/tags?post=1103624"}],"curies":[{"name":"wp","href":"https:\/\/api.w.org\/{rel}","templated":true}]}}