{"id":1103626,"date":"2026-06-18T12:57:27","date_gmt":"2026-06-18T12:57:27","guid":{"rendered":"https:\/\/www.europesays.com\/de\/1103626\/"},"modified":"2026-06-18T12:57:27","modified_gmt":"2026-06-18T12:57:27","slug":"jupitermond-sendet-ungewoehnliche-signale-zurueck-blick-unter-europas-eis","status":"publish","type":"post","link":"https:\/\/www.europesays.com\/de\/1103626\/","title":{"rendered":"Jupitermond sendet ungew\u00f6hnliche Signale zur\u00fcck: Blick unter Europas Eis"},"content":{"rendered":"<p>Blick unter Europas Eis <\/p>\n<p>Jupitermond sendet ungew\u00f6hnliche Signale zur\u00fcck<\/p>\n<p>18.06.2026 &#8211; 12:26 UhrLesedauer: 2 Min.<\/p>\n<p><a href=\"#focus-0\" class=\"transition-colors block text-current relative\" data-sctrack=\"FocusGalleryImage.Reference\"><img fetchpriority=\"high\" data-testid=\"Opener.Image\"   loading=\"eager\" src=\"https:\/\/www.europesays.com\/de\/wp-content\/uploads\/2026\/06\/1781787444_638_image.jpg\" alt=\"Europa: Die Oberfl\u00e4che des Jupitermondes ist von einer dicken Eisschicht \u00fcberzogen.\" title=\"Europa: Die Oberfl\u00e4che des Jupitermondes ist von einer dicken Eisschicht \u00fcberzogen.\" width=\"2300\" height=\"1294\" class=\"bg-[url:var(--lqipURL)] bg-cover bg-center flex h-full w-full max-w-full\" style=\"--lqipURL:url('https:\/\/images.t-online.de\/2026\/06\/cp4gtzr6ZDfq\/0x0:2300x1294\/fit-in\/150x0\/filters:blur(25)\/image.jpg')\" decoding=\"async\"\/><img loading=\"lazy\" src=\"https:\/\/www.t-online.de\/s\/paper\/_next\/static\/media\/zoom-in.f7dae02f.svg\" alt=\"Vergr\u00f6\u00dfern des Bildes\" title=\"Vergr\u00f6\u00dfern des Bildes\" class=\"block h-[calc(var(--height)_\/_16_*_1rem)] w-[calc(var(--width)_\/_16_*_1rem)] max-w-none absolute right-8 bottom-8 rounded-4 bg-snow p-8\" style=\"--width:32;--height:32\" decoding=\"async\"\/><\/a><\/p>\n<p>Europa: Die Oberfl\u00e4che des Jupitermondes ist von einer dicken Eisschicht \u00fcberzogen. (Quelle: NASA \/ JPL-Caltech)<\/p>\n<p><img loading=\"lazy\" src=\"https:\/\/www.t-online.de\/s\/paper\/_next\/static\/media\/audio-volume.6689034c.svg\" alt=\"\" title=\"\" class=\"block h-[calc(var(--height)_\/_16_*_1rem)] w-[calc(var(--width)_\/_16_*_1rem)] max-w-none group-hover:brightness-0 group-hover:invert\" style=\"--width:16;--height:16\" decoding=\"async\"\/>Vorlesen<\/p>\n<p>Aktuelle Zeit:0:00Gesamtdauer:0:00<\/p>\n<p>1x<\/p>\n<p class=\"text-center\">Jetzt neu bei t-online:<\/p>\n<p class=\"text-center\">Schriftgr\u00f6\u00dfe anpassen!<\/p>\n<p><img loading=\"lazy\" src=\"https:\/\/www.t-online.de\/s\/paper\/_next\/static\/media\/font-sizes.32942e33.svg\" alt=\"\" title=\"\" class=\"block h-[calc(var(--height)_\/_16_*_1rem)] w-[calc(var(--width)_\/_16_*_1rem)] max-w-none group-hover:hidden group-aria-expanded:hidden\" style=\"--width:16;--height:16\" decoding=\"async\"\/><img loading=\"lazy\" src=\"https:\/\/www.t-online.de\/s\/paper\/_next\/static\/media\/font-sizes-dark-mode.e382645c.svg\" alt=\"\" title=\"\" class=\"block h-[calc(var(--height)_\/_16_*_1rem)] w-[calc(var(--width)_\/_16_*_1rem)] max-w-none hidden group-hover:block group-aria-expanded:block\" style=\"--width:16;--height:16\" decoding=\"async\"\/><img loading=\"lazy\" src=\"https:\/\/www.t-online.de\/s\/paper\/_next\/static\/media\/sharing-menu-icon.1eb71368.svg\" alt=\"\" title=\"\" class=\"block h-[calc(var(--height)_\/_16_*_1rem)] w-[calc(var(--width)_\/_16_*_1rem)] max-w-none group-hover:brightness-0 group-hover:invert\" style=\"--width:16;--height:16\" decoding=\"async\"\/>Artikel teilen<\/p>\n<p class=\"font-bold text-18 leading-17 user-text-lg:text-22 user-text-xl:text-24\">Astronomen haben die eisige Oberfl\u00e4che des Jupitermondes Europa mit Radarwellen beschossen. Das Ergebnis: Der Mond reflektiert die Signale auf ungew\u00f6hnliche Weise. Was bedeutet das?<\/p>\n<p class=\"text-18 leading-17 user-text-lg:text-22 user-text-xl:text-24\">Gibt es unter der Eisoberfl\u00e4che des Jupitermondes Europa einen riesigen verborgenen Ozean, der sogar Leben beherbergen k\u00f6nnte? Diese Hoffnung haben Astronomen seit vielen Jahren. Derzeit ist mit &#8222;Europa Clipper&#8220; eine Nasa-Sonde auf dem Weg zu dem Himmelsk\u00f6rper, um N\u00e4heres herauszufinden. 2030 soll sie dort ankommen.<\/p>\n<p class=\"text-18 leading-17 user-text-lg:text-22 user-text-xl:text-24\">Bis dahin versuchen Wissenschaftler, den exotischen Jupitermond auf andere Weise zu erforschen \u2013 zum Beispiel mit Radarwellen. \u00dcber 13 Jahre lang \u2013 zwischen 2011 und 2024 \u2013 hat ein Astronomenteam die bisher umfangreichste Radarstudie des Jupitermondes Europa durchgef\u00fchrt.<\/p>\n<ul class=\"text-18 leading-17 block pl-24 *:pb-16 *:before:inline-block *:before:size-8 *:before:bg-magenta *:before:mt-0 *:before:mr-12 *:before:mb-2 *:before:-ml-[20px]\">\n<li><strong class=\"font-bold\">Forscher sind \u00fcberrascht:<\/strong> <a href=\"https:\/\/www.t-online.de\/digital\/aktuelles\/id_101117850\/jupiter-der-gasriese-ist-kleiner-als-gedacht.html\" class=\"transition-colors cursor-pointer no-underline md:hover:text-magenta md:focus:text-magenta border-b border-solid border-current text-salemsfur md:hover:border-magenta\" data-tracking=\"{&quot;action&quot;:&quot;click&quot;,&quot;category&quot;:&quot;intextLink&quot;,&quot;label&quot;:&quot;\/digital\/aktuelles\/id_101117850\/jupiter-der-gasriese-ist-kleiner-als-gedacht.html&quot;}\" data-sctrack=\"BodyAnchor\" rel=\"nofollow noopener\" target=\"_blank\">Der Jupiter ist kleiner als gedacht<\/a><\/li>\n<li><strong class=\"font-bold\">Fakten zum Erdtrabanten:<\/strong> <a href=\"https:\/\/www.t-online.de\/digital\/weltall\/id_101195538\/mond-mission-artemis-2-wie-gross-ist-unser-mond-wirklich-.html\" class=\"transition-colors cursor-pointer no-underline md:hover:text-magenta md:focus:text-magenta border-b border-solid border-current text-salemsfur md:hover:border-magenta\" data-tracking=\"{&quot;action&quot;:&quot;click&quot;,&quot;category&quot;:&quot;intextLink&quot;,&quot;label&quot;:&quot;\/digital\/weltall\/id_101195538\/mond-mission-artemis-2-wie-gross-ist-unser-mond-wirklich-.html&quot;}\" data-sctrack=\"BodyAnchor\" rel=\"nofollow noopener\" target=\"_blank\">Wie gro\u00df ist eigentlich der Mond?<\/a><\/li>\n<\/ul>\n<p class=\"text-18 leading-17 user-text-lg:text-22 user-text-xl:text-24\">Mit dem Goldstone Solar System Radar der Nasa und dem von der National Science Foundation gef\u00f6rderten Green-Bank-Radioteleskop in den <a href=\"https:\/\/www.t-online.de\/themen\/usa\/\" class=\"transition-colors cursor-pointer no-underline md:hover:text-magenta md:focus:text-magenta border-b border-solid border-current text-salemsfur md:hover:border-magenta\" data-tracking=\"{&quot;action&quot;:&quot;click&quot;,&quot;category&quot;:&quot;intextLink&quot;,&quot;label&quot;:&quot;\/themen\/usa\/&quot;}\" data-sctrack=\"BodyAnchor\" rel=\"nofollow noopener\" target=\"_blank\">USA<\/a> schickten sie wiederholt Radiowellen zu Europa und ma\u00dfen die zur\u00fcckkommenden Signale. Von den Ergebnissen sind die Forscher begeistert, wie das beteiligte National Radio Astronomy Observatory mitteilt.<\/p>\n<p>Radar dringt tief ins Eis<\/p>\n<p class=\"text-18 leading-17 user-text-lg:text-22 user-text-xl:text-24\">Die Messungen zeigen demnach, dass die Radarwellen tief in das Eis von Europa eindringen und dort auf eine Weise gestreut werden, die sich deutlich von den Reflexionen auf felsigen Himmelsk\u00f6rpern unterscheidet. Die Daten sprechen daf\u00fcr, dass die Radarwellen mehrfach innerhalb von sauberem, por\u00f6sem Eis reflektiert werden, bevor sie zur Erde zur\u00fcckkehren, teilen die Forscher mit.<\/p>\n<p><a href=\"#focus-1\" class=\"transition-colors block text-current relative\" data-sctrack=\"FocusGalleryImage.Reference\"><img   loading=\"lazy\" src=\"https:\/\/www.europesays.com\/de\/wp-content\/uploads\/2026\/06\/1781787447_143_image.jpg\" alt=\"Die Sonde &quot;Europa Clipper&quot; soll ab 2030 den Planeten Jupiter vier Jahre lang umrunden und dabei wiederholte Vorbeifl\u00fcge an Europa absolvieren.\" title=\"Die Sonde &quot;Europa Clipper&quot; soll ab 2030 den Planeten Jupiter vier Jahre lang umrunden und dabei wiederholte Vorbeifl\u00fcge an Europa absolvieren.\" width=\"8352\" height=\"4698\" class=\"h-full w-full max-w-full rounded-8\" decoding=\"async\"\/><img loading=\"lazy\" src=\"https:\/\/www.t-online.de\/s\/paper\/_next\/static\/media\/zoom-in.f7dae02f.svg\" alt=\"Vergr\u00f6\u00dfern des Bildes\" title=\"Vergr\u00f6\u00dfern des Bildes\" class=\"block h-[calc(var(--height)_\/_16_*_1rem)] w-[calc(var(--width)_\/_16_*_1rem)] max-w-none absolute right-8 bottom-8 rounded-4 bg-snow p-8\" style=\"--width:32;--height:32\" decoding=\"async\"\/>Die Sonde &#8222;Europa Clipper&#8220; soll ab 2030 den Planeten Jupiter vier Jahre lang umrunden und dabei wiederholte Vorbeifl\u00fcge an Europa absolvieren. (Quelle: NASA \/ JPL-Caltech)<\/a><\/p>\n<p class=\"text-18 leading-17 user-text-lg:text-22 user-text-xl:text-24\">Dieses Ph\u00e4nomen wird als koh\u00e4renter R\u00fcckstreueffekt bezeichnet. Dabei verst\u00e4rken sich die Signale gegenseitig und erzeugen besonders starke Radar-Echos. Die Messungen erlauben zudem R\u00fcckschl\u00fcsse darauf, wie tief die Wellen in das Eis eindringen konnten, bevor sie abgeschw\u00e4cht wurden. Damit k\u00f6nnen Wissenschaftler k\u00fcnftig besser absch\u00e4tzen, wie tief Radarinstrumente von Raumsonden wie &#8222;Europa Clipper&#8220; unter die Eisoberfl\u00e4che blicken k\u00f6nnen.<\/p>\n<p class=\"text-18 leading-17 user-text-lg:text-22 user-text-xl:text-24\">Mehr noch: Die neuen Beobachtungen schlie\u00dfen eine Forschungsl\u00fccke von rund drei Jahrzehnten. Die Wissenschaftler verglichen ihre Ergebnisse mit Radarstudien aus den sp\u00e4ten 1980er- und fr\u00fchen 1990er-Jahren. Dabei zeigte sich eine hohe \u00dcbereinstimmung, was daf\u00fcr spricht, dass die Eisschicht seit Jahrzehnten \u00e4hnliche Radareigenschaften besitzt.<\/p>\n<p>Neue Daten f\u00fcr &#8222;Europa Clipper&#8220;<\/p>\n<p class=\"text-18 leading-17 user-text-lg:text-22 user-text-xl:text-24\">Die Ergebnisse liefern laut den Wissenschaftlern neue Anhaltspunkte daf\u00fcr, wie transparent Europas Eisschicht f\u00fcr Radarstrahlung ist. Das k\u00f6nnte dabei helfen, Daten von Raumsonden wie &#8222;Europa Clipper&#8220; genauer auszuwerten.<\/p>\n<p class=\"text-18 leading-17 user-text-lg:text-22 user-text-xl:text-24\">Mit den Ergebnissen verf\u00fcgen die Wissenschaftler jetzt \u00fcber zus\u00e4tzliche Informationen, um die Eisschicht Europas besser zu verstehen. Ob sich darunter tats\u00e4chlich Bedingungen verbergen, die Leben erm\u00f6glichen k\u00f6nnten, sollen kommende Untersuchungen zeigen.<\/p>\n","protected":false},"excerpt":{"rendered":"Blick unter Europas Eis Jupitermond sendet ungew\u00f6hnliche Signale zur\u00fcck 18.06.2026 &#8211; 12:26 UhrLesedauer: 2 Min. Europa: Die Oberfl\u00e4che&hellip;\n","protected":false},"author":2,"featured_media":1103627,"comment_status":"","ping_status":"","sticky":false,"template":"","format":"standard","meta":{"footnotes":"","_share_on_mastodon":"0"},"categories":[135],"tags":[522,2294,29,233740,156514,663,30,172380,46334,10581,171524,233739,190,189,194,191,64,193,192],"class_list":["post-1103626","post","type-post","status-publish","format-standard","has-post-thumbnail","category-wissenschaft-technik","tag-522","tag-bank","tag-deutschland","tag-eisoberflaeche","tag-eisschicht","tag-europa","tag-germany","tag-jupitermond","tag-mond","tag-nasa","tag-national-science-foundation","tag-radarwelle","tag-science","tag-science-technology","tag-technik","tag-technology","tag-usa","tag-wissenschaft","tag-wissenschaft-technik"],"share_on_mastodon":{"url":"https:\/\/pubeurope.com\/@de\/116771229393940936","error":""},"_links":{"self":[{"href":"https:\/\/www.europesays.com\/de\/wp-json\/wp\/v2\/posts\/1103626","targetHints":{"allow":["GET"]}}],"collection":[{"href":"https:\/\/www.europesays.com\/de\/wp-json\/wp\/v2\/posts"}],"about":[{"href":"https:\/\/www.europesays.com\/de\/wp-json\/wp\/v2\/types\/post"}],"author":[{"embeddable":true,"href":"https:\/\/www.europesays.com\/de\/wp-json\/wp\/v2\/users\/2"}],"replies":[{"embeddable":true,"href":"https:\/\/www.europesays.com\/de\/wp-json\/wp\/v2\/comments?post=1103626"}],"version-history":[{"count":0,"href":"https:\/\/www.europesays.com\/de\/wp-json\/wp\/v2\/posts\/1103626\/revisions"}],"wp:featuredmedia":[{"embeddable":true,"href":"https:\/\/www.europesays.com\/de\/wp-json\/wp\/v2\/media\/1103627"}],"wp:attachment":[{"href":"https:\/\/www.europesays.com\/de\/wp-json\/wp\/v2\/media?parent=1103626"}],"wp:term":[{"taxonomy":"category","embeddable":true,"href":"https:\/\/www.europesays.com\/de\/wp-json\/wp\/v2\/categories?post=1103626"},{"taxonomy":"post_tag","embeddable":true,"href":"https:\/\/www.europesays.com\/de\/wp-json\/wp\/v2\/tags?post=1103626"}],"curies":[{"name":"wp","href":"https:\/\/api.w.org\/{rel}","templated":true}]}}