{"id":1103665,"date":"2026-06-18T13:20:36","date_gmt":"2026-06-18T13:20:36","guid":{"rendered":"https:\/\/www.europesays.com\/de\/1103665\/"},"modified":"2026-06-18T13:20:36","modified_gmt":"2026-06-18T13:20:36","slug":"wuppertalerin-helen-marie-cardinal-gehoert-zu-den-kluegsten-jungen-wirtschaftskoepfen","status":"publish","type":"post","link":"https:\/\/www.europesays.com\/de\/1103665\/","title":{"rendered":"Wuppertalerin Helen Marie Cardinal geh\u00f6rt zu den kl\u00fcgsten jungen Wirtschaftsk\u00f6pfen"},"content":{"rendered":"<p class=\"text_ohne_einzug richtext text-em-55 !leading-serif mx-6 desktop:mx-0\">Freunde treffen, den Sommer genie\u00dfen oder auf Konzerte gehen \u2013 mit 15 Jahren haben junge Menschen andere Priorit\u00e4ten, als sich mit kniffligen Wirtschaftsfragen auseinanderzusetzen. Helen Marie Cardinal tickt da gar nicht anders und z\u00e4hlt trotzdem zu den kl\u00fcgsten K\u00f6pfen des Landes. Denn beim Bundesfinale von \u201eWirtschaftswissen im Wettbewerb\u201c (w\u00b3) der Wirtschaftsjunioren Deutschland hat sie den dritten Platz belegt.<\/p>\n","protected":false},"excerpt":{"rendered":"Freunde treffen, den Sommer genie\u00dfen oder auf Konzerte gehen \u2013 mit 15 Jahren haben junge Menschen andere Priorit\u00e4ten,&hellip;\n","protected":false},"author":2,"featured_media":1103666,"comment_status":"","ping_status":"","sticky":false,"template":"","format":"standard","meta":{"footnotes":"","_share_on_mastodon":"0"},"categories":[1840],"tags":[45297,65367,3364,29,3439,2665,30,102332,233747,233746,1209,46705,1978,45059,11184,4412,55,233748,4418],"class_list":["post-1103665","post","type-post","status-publish","format-standard","has-post-thumbnail","category-wuppertal","tag-bundesfinale","tag-belegt","tag-de","tag-deutschland","tag-esslingen","tag-finale","tag-germany","tag-helen","tag-kluegste","tag-marie-cardinal","tag-nordrhein-westfalen","tag-saxophon","tag-schueler","tag-schuelerin","tag-schuelerinnen","tag-wettbewerb","tag-wirtschaft","tag-wirtschaftswettbewerb","tag-wuppertal"],"share_on_mastodon":{"url":"https:\/\/pubeurope.com\/@de\/116771319188809995","error":""},"_links":{"self":[{"href":"https:\/\/www.europesays.com\/de\/wp-json\/wp\/v2\/posts\/1103665","targetHints":{"allow":["GET"]}}],"collection":[{"href":"https:\/\/www.europesays.com\/de\/wp-json\/wp\/v2\/posts"}],"about":[{"href":"https:\/\/www.europesays.com\/de\/wp-json\/wp\/v2\/types\/post"}],"author":[{"embeddable":true,"href":"https:\/\/www.europesays.com\/de\/wp-json\/wp\/v2\/users\/2"}],"replies":[{"embeddable":true,"href":"https:\/\/www.europesays.com\/de\/wp-json\/wp\/v2\/comments?post=1103665"}],"version-history":[{"count":0,"href":"https:\/\/www.europesays.com\/de\/wp-json\/wp\/v2\/posts\/1103665\/revisions"}],"wp:featuredmedia":[{"embeddable":true,"href":"https:\/\/www.europesays.com\/de\/wp-json\/wp\/v2\/media\/1103666"}],"wp:attachment":[{"href":"https:\/\/www.europesays.com\/de\/wp-json\/wp\/v2\/media?parent=1103665"}],"wp:term":[{"taxonomy":"category","embeddable":true,"href":"https:\/\/www.europesays.com\/de\/wp-json\/wp\/v2\/categories?post=1103665"},{"taxonomy":"post_tag","embeddable":true,"href":"https:\/\/www.europesays.com\/de\/wp-json\/wp\/v2\/tags?post=1103665"}],"curies":[{"name":"wp","href":"https:\/\/api.w.org\/{rel}","templated":true}]}}