{"id":1103727,"date":"2026-06-18T13:53:16","date_gmt":"2026-06-18T13:53:16","guid":{"rendered":"https:\/\/www.europesays.com\/de\/1103727\/"},"modified":"2026-06-18T13:53:16","modified_gmt":"2026-06-18T13:53:16","slug":"duesseldorf-bilk-rollerfahrerin-schwer-verletzt-polizei-sucht-zeugen","status":"publish","type":"post","link":"https:\/\/www.europesays.com\/de\/1103727\/","title":{"rendered":"D\u00fcsseldorf-Bilk: Rollerfahrerin schwer verletzt \u2013 Polizei sucht Zeugen"},"content":{"rendered":"<p class=\"text_ohne_einzug richtext text-em-55 !leading-serif mx-6 desktop:mx-0\">  Nach einem Sturz in D\u00fcsseldorf-Bilk liegt eine 54-j\u00e4hrige Rollerfahrerin mit schweren Verletzungen im Krankenhaus. Die <a href=\"https:\/\/rp-online.de\/thema\/polizei\/\" rel=\"nofollow noopener\" target=\"_blank\">Polizei<\/a> sucht Zeugen. Der Unfall ereignete sich am Mittwoch um 13.36 Uhr auf der Oberbilker Allee.<\/p>\n<p class=\"richtext text-em-55 !leading-serif mx-6 desktop:mx-0\">Laut Polizei war die Frau mit ihrem Kleinkraftrad Aprilia auf der Oberbilker Allee in Richtung Karl-Geusen-Stra\u00dfe unterwegs. In H\u00f6he der Einm\u00fcndung Oberbilker Allee und F\u00e4rberstra\u00dfe bog vor ihr eine 52-J\u00e4hrige mit ihrem Toyota nach rechts auf die Oberbilker Allee ab. Die Rollerfahrerin geriet ins Straucheln, st\u00fcrzte zu Boden.<\/p>\n<p class=\"richtext text-em-55 !leading-serif mx-6 desktop:mx-0\">Gegenstand der Ermittlungen ist, ob die Autofahrerin die Vorfahrt der Zweiradfahrerin in ausreichendem Umfang beachtet hat. Zeugen werden gebeten, sich unter der Telefonnummer 0211 8700 beim Verkehrskommissariat 1 zu melden.<\/p>\n","protected":false},"excerpt":{"rendered":"Nach einem Sturz in D\u00fcsseldorf-Bilk liegt eine 54-j\u00e4hrige Rollerfahrerin mit schweren Verletzungen im Krankenhaus. Die Polizei sucht Zeugen.&hellip;\n","protected":false},"author":2,"featured_media":1103728,"comment_status":"","ping_status":"","sticky":false,"template":"","format":"standard","meta":{"footnotes":"","_share_on_mastodon":"0"},"categories":[1831],"tags":[27248,31316,18239,3364,29,3405,30,1209,37707,90431,233752,437,5185,48531,4996],"class_list":["post-1103727","post","type-post","status-publish","format-standard","has-post-thumbnail","category-duesseldorf","tag-allee","tag-autofahrerin","tag-bilk","tag-de","tag-deutschland","tag-duesseldorf","tag-germany","tag-nordrhein-westfalen","tag-oberbilk","tag-oberbilker","tag-rollerfahrerin","tag-sucht","tag-verletzt","tag-vorfahrt","tag-zeugen"],"share_on_mastodon":{"url":"https:\/\/pubeurope.com\/@de\/116771448901514793","error":""},"_links":{"self":[{"href":"https:\/\/www.europesays.com\/de\/wp-json\/wp\/v2\/posts\/1103727","targetHints":{"allow":["GET"]}}],"collection":[{"href":"https:\/\/www.europesays.com\/de\/wp-json\/wp\/v2\/posts"}],"about":[{"href":"https:\/\/www.europesays.com\/de\/wp-json\/wp\/v2\/types\/post"}],"author":[{"embeddable":true,"href":"https:\/\/www.europesays.com\/de\/wp-json\/wp\/v2\/users\/2"}],"replies":[{"embeddable":true,"href":"https:\/\/www.europesays.com\/de\/wp-json\/wp\/v2\/comments?post=1103727"}],"version-history":[{"count":0,"href":"https:\/\/www.europesays.com\/de\/wp-json\/wp\/v2\/posts\/1103727\/revisions"}],"wp:featuredmedia":[{"embeddable":true,"href":"https:\/\/www.europesays.com\/de\/wp-json\/wp\/v2\/media\/1103728"}],"wp:attachment":[{"href":"https:\/\/www.europesays.com\/de\/wp-json\/wp\/v2\/media?parent=1103727"}],"wp:term":[{"taxonomy":"category","embeddable":true,"href":"https:\/\/www.europesays.com\/de\/wp-json\/wp\/v2\/categories?post=1103727"},{"taxonomy":"post_tag","embeddable":true,"href":"https:\/\/www.europesays.com\/de\/wp-json\/wp\/v2\/tags?post=1103727"}],"curies":[{"name":"wp","href":"https:\/\/api.w.org\/{rel}","templated":true}]}}