{"id":1103800,"date":"2026-06-18T14:33:15","date_gmt":"2026-06-18T14:33:15","guid":{"rendered":"https:\/\/www.europesays.com\/de\/1103800\/"},"modified":"2026-06-18T14:33:15","modified_gmt":"2026-06-18T14:33:15","slug":"johann-strauss-grundschule-soll-mit-personal-der-stadt-augsburg-geputzt-werden","status":"publish","type":"post","link":"https:\/\/www.europesays.com\/de\/1103800\/","title":{"rendered":"Johann-Strau\u00df-Grundschule soll mit Personal der Stadt Augsburg geputzt werden"},"content":{"rendered":"<p class=\"mb-6 text-xs-varying md:text-m lg:text-l font-serif group-[.font-sans]:font-sans \">\n    Die Stadt wird im Rahmen eines Pilotprojekts in der Johann-Strau\u00df-Grundschule, deren <a href=\"https:\/\/www.augsburger-allgemeine.de\/augsburg\/augsburg-johann-strauss-grundschule-ist-das-jetzt-die-modernste-schule-der-stadt-112577706\" target=\"_self\" class=\"underline \" rel=\"nofollow noopener\">Neubau in Haunstetten zum kommenden Schuljahresstart<\/a> in Betrieb gehen soll, die Reinigung mit eigenem Personal \u00fcbernehmen. Aktuell wird die Reinigung der Augsburger Schulen an Fremdfirmen vergeben. Allerdings kam es in der Vergangenheit immer wieder zu Beschwerden (wir berichteten). Abgesehen davon machte das Thema vor <a href=\"https:\/\/www.augsburger-allgemeine.de\/augsburg\/seit-vier-jahren-werden-an-augsburgs-schulen-die-fenster-nicht-mehr-geputzt-weil-geld-fehlt-108988939\" target=\"_self\" class=\"underline \" rel=\"nofollow noopener\">einem Jahr Schlagzeilen, als bekannt wurde, dass die Stadt aufgrund explodierter Kosten die Fensterreinigung an Schulen \u00fcber Jahre ausgesetzt hatte.<\/a>\n  <\/p>\n<p class=\"mb-6 text-xs-varying md:text-m lg:text-l font-serif group-[.font-sans]:font-sans \">\n    Vom neuen Konzept erhofft man sich mehr Sauberkeit, weil die Stadt in Detailfragen mehr Durchgriffsrechte hat. Die Stadt geht f\u00fcr die Strau\u00df-Grundschule von 279.000 Euro j\u00e4hrlich durch vier Personalstellen aus. Hinzu kommen Materialkosten von 46.000 Euro. Die Stadt m\u00f6chte nun Erfahrungen sammeln. (skro)\n  <\/p>\n","protected":false},"excerpt":{"rendered":"Die Stadt wird im Rahmen eines Pilotprojekts in der Johann-Strau\u00df-Grundschule, deren Neubau in Haunstetten zum kommenden Schuljahresstart in&hellip;\n","protected":false},"author":2,"featured_media":1103801,"comment_status":"","ping_status":"","sticky":false,"template":"","format":"standard","meta":{"footnotes":"","_share_on_mastodon":"0"},"categories":[1846],"tags":[680,772,3364,29,548,663,3934,30,144777,13,14,15,36761,4097,16353,12,966,233757],"class_list":["post-1103800","post","type-post","status-publish","format-standard","has-post-thumbnail","category-augsburg","tag-augsburg","tag-bayern","tag-de","tag-deutschland","tag-eu","tag-europa","tag-europe","tag-germany","tag-haunstetten","tag-headlines","tag-nachrichten","tag-news","tag-pilotprojekt","tag-reinigung","tag-sauberkeit","tag-schlagzeilen","tag-schule","tag-schuljahresstart"],"share_on_mastodon":{"url":"","error":""},"_links":{"self":[{"href":"https:\/\/www.europesays.com\/de\/wp-json\/wp\/v2\/posts\/1103800","targetHints":{"allow":["GET"]}}],"collection":[{"href":"https:\/\/www.europesays.com\/de\/wp-json\/wp\/v2\/posts"}],"about":[{"href":"https:\/\/www.europesays.com\/de\/wp-json\/wp\/v2\/types\/post"}],"author":[{"embeddable":true,"href":"https:\/\/www.europesays.com\/de\/wp-json\/wp\/v2\/users\/2"}],"replies":[{"embeddable":true,"href":"https:\/\/www.europesays.com\/de\/wp-json\/wp\/v2\/comments?post=1103800"}],"version-history":[{"count":0,"href":"https:\/\/www.europesays.com\/de\/wp-json\/wp\/v2\/posts\/1103800\/revisions"}],"wp:featuredmedia":[{"embeddable":true,"href":"https:\/\/www.europesays.com\/de\/wp-json\/wp\/v2\/media\/1103801"}],"wp:attachment":[{"href":"https:\/\/www.europesays.com\/de\/wp-json\/wp\/v2\/media?parent=1103800"}],"wp:term":[{"taxonomy":"category","embeddable":true,"href":"https:\/\/www.europesays.com\/de\/wp-json\/wp\/v2\/categories?post=1103800"},{"taxonomy":"post_tag","embeddable":true,"href":"https:\/\/www.europesays.com\/de\/wp-json\/wp\/v2\/tags?post=1103800"}],"curies":[{"name":"wp","href":"https:\/\/api.w.org\/{rel}","templated":true}]}}