{"id":1103862,"date":"2026-06-18T15:08:20","date_gmt":"2026-06-18T15:08:20","guid":{"rendered":"https:\/\/www.europesays.com\/de\/1103862\/"},"modified":"2026-06-18T15:08:20","modified_gmt":"2026-06-18T15:08:20","slug":"werder-bremen-unter-thioune-trifft-er-die-letzte-hoffnung-fuer-kownacki-bei-werder-sport","status":"publish","type":"post","link":"https:\/\/www.europesays.com\/de\/1103862\/","title":{"rendered":"Werder Bremen: Unter Thioune trifft er! Die letzte Hoffnung f\u00fcr Kownacki bei Werder | Sport"},"content":{"rendered":"<p><a class=\"skip-content skip-content--link\" href=\"#in-content-skip-link-target-v-0-0\">TTS-Player \u00fcberspringen\u21b5<\/a><a id=\"in-content-skip-link-target-v-0-0\" class=\"skip-content--target-link-hidden skip-content skip-content--target-link\" href=\"#in-content-skip-link-target-v-0-0\">Artikel weiterlesen<\/a><\/p>\n<p data-21134c99=\"0-1942\"><b>Den Wechsel zu Werder hat sich Dawid Kownacki (29) anders vorgestellt. 2023 hatten die Bremer ihn als Top-St\u00fcrmer aus D\u00fcsseldorf (2. Liga) abl\u00f6sefrei f\u00fcr vier Jahre verpflichtet. Doch der Transfer entwickelte sich f\u00fcr beide Seiten zur gro\u00dfen Entt\u00e4uschung. Kownacki kam in seiner ersten Werder-Saison bei Trainer Ole Werner nur auf 364 Einsatz-Minuten \u2013 ein Tor oder eine Vorlage gelangen nicht. Der Pole wurde in den beiden Folgejahren erst an D\u00fcsseldorf, dann an Hertha verliehen. Jetzt die R\u00fcckkehr aus der 2. Liga nach Bremen. Aber mit welcher Perspektive?<\/b><\/p>\n<p data-21134c99=\"0-1942\">Manager Clemens Fritz zu BILD: \u201eStand jetzt wird Dawid zum Trainingsstart auf dem Platz stehen. Er kennt Daniel und kann sich \u00fcber Leistung anbieten. F\u00fcr ihn gilt aber auch: Sollte es ein Angebot geben, werden wir es besprechen.\u201c<\/p>\n<p>Thioune ist die letzte Hoffnung f\u00fcr Kownacki bei Werder Bremen<\/p>\n<p data-21134c99=\"0-1942\">Wenn er noch die Kurve kriegt, dann bei Trainer Daniel Thioune, der ihn bereits in D\u00fcsseldorf trainierte. Bei ihm erzielte er dort in insgesamt 64 Spielen 29 Tore und lieferte 15 Assists. Eine starke Bilanz. Auch bei der Fortuna hatte der Ex-Nationalspieler (7 L\u00e4nderspiele) schwierige Zeiten. Aber bei Thioune war Kownacki gesetzt und funktionierte dank guter Technik und Kopfballst\u00e4rke.<\/p>\n<p>Mehr zum Thema<\/p>\n<p data-21134c99=\"0-1942\">In Bremen ist die Konkurrenz im Sturm-Zentrum gro\u00df: Bald-Zugang <a href=\"https:\/\/www.bild.de\/sport\/fussball\/werder-bremen-er-kommt-abloesefrei-wm-fahrer-itten-sagt-ja-6a2eb73b7e682fc37fbf98ed\" class=\"text-link\" rel=\"nofollow noopener\" target=\"_blank\">Cedric Itten<\/a> (D\u00fcsseldorf), Talent Salim Musah, der noch verletzte Keke Topp und eine zu findende neue Sturm-Nr.-1. Kein Platz f\u00fcr <a href=\"https:\/\/www.bild.de\/sport\/fussball\/werder-bremen-bangt-um-kownacki-millionen-leih-stuermer-faellt-lange-aus-68dcf55e841ec4e7d0267a98\" class=\"text-link\" rel=\"nofollow noopener\" target=\"_blank\">Kownacki<\/a>. Es sei denn, er gibt in der Vorbereitung Vollgas wie nach seiner Unterschrift vor drei Jahren. Da war er mit f\u00fcnf Treffern bester Angreifer der Vorbereitung.<\/p>\n<p data-21134c99=\"0-1942\">Bei seiner letzten Station Berlin hat er jedenfalls keine Argumente f\u00fcr sich gesammelt. Bei Hertha brachten ihn eine Kn\u00f6chelverletzung und eine Rot-Sperre aus dem Tritt. F\u00fcnf Tore schoss er in 21 Spielen. Sein Marktwert (einst: 9 Mio.) ist auf 1,5 Mio. Euro gesunken. Findet er in Bremen dank Thioune doch noch zu alter Form?<\/p>\n","protected":false},"excerpt":{"rendered":"TTS-Player \u00fcberspringen\u21b5Artikel weiterlesen Den Wechsel zu Werder hat sich Dawid Kownacki (29) anders vorgestellt. 2023 hatten die Bremer&hellip;\n","protected":false},"author":2,"featured_media":1103863,"comment_status":"","ping_status":"","sticky":false,"template":"","format":"standard","meta":{"footnotes":"","_share_on_mastodon":"0"},"categories":[1824],"tags":[2420,3364,29,30,7648,542,9095,7649,537],"class_list":["post-1103862","post","type-post","status-publish","format-standard","has-post-thumbnail","category-bremen","tag-bremen","tag-de","tag-deutschland","tag-germany","tag-kownacki-dawid","tag-sport-leuchtturm-hamburg","tag-stuermer","tag-thioune-daniel","tag-werder-bremen"],"share_on_mastodon":{"url":"https:\/\/pubeurope.com\/@de\/116771743797421046","error":""},"_links":{"self":[{"href":"https:\/\/www.europesays.com\/de\/wp-json\/wp\/v2\/posts\/1103862","targetHints":{"allow":["GET"]}}],"collection":[{"href":"https:\/\/www.europesays.com\/de\/wp-json\/wp\/v2\/posts"}],"about":[{"href":"https:\/\/www.europesays.com\/de\/wp-json\/wp\/v2\/types\/post"}],"author":[{"embeddable":true,"href":"https:\/\/www.europesays.com\/de\/wp-json\/wp\/v2\/users\/2"}],"replies":[{"embeddable":true,"href":"https:\/\/www.europesays.com\/de\/wp-json\/wp\/v2\/comments?post=1103862"}],"version-history":[{"count":0,"href":"https:\/\/www.europesays.com\/de\/wp-json\/wp\/v2\/posts\/1103862\/revisions"}],"wp:featuredmedia":[{"embeddable":true,"href":"https:\/\/www.europesays.com\/de\/wp-json\/wp\/v2\/media\/1103863"}],"wp:attachment":[{"href":"https:\/\/www.europesays.com\/de\/wp-json\/wp\/v2\/media?parent=1103862"}],"wp:term":[{"taxonomy":"category","embeddable":true,"href":"https:\/\/www.europesays.com\/de\/wp-json\/wp\/v2\/categories?post=1103862"},{"taxonomy":"post_tag","embeddable":true,"href":"https:\/\/www.europesays.com\/de\/wp-json\/wp\/v2\/tags?post=1103862"}],"curies":[{"name":"wp","href":"https:\/\/api.w.org\/{rel}","templated":true}]}}