{"id":1103943,"date":"2026-06-18T15:52:16","date_gmt":"2026-06-18T15:52:16","guid":{"rendered":"https:\/\/www.europesays.com\/de\/1103943\/"},"modified":"2026-06-18T15:52:16","modified_gmt":"2026-06-18T15:52:16","slug":"truetschler-stellt-produktion-in-moenchengladbach-ein-riesenkatastrophe","status":"publish","type":"post","link":"https:\/\/www.europesays.com\/de\/1103943\/","title":{"rendered":"Tr\u00fctschler stellt Produktion in M\u00f6nchengladbach ein \u2013 \u201eRiesenkatastrophe\u201c"},"content":{"rendered":"<p class=\"text_ohne_einzug richtext text-em-55 !leading-serif mx-6 desktop:mx-0\">Es war ein Schock, als der Sprecher des Familienstammes Hermann Tr\u00fctzschler im Aufsichtsrat, Florian Sch\u00fcrenkr\u00e4mer, am Mittwochmittag in einer Betriebsversammlung vor die Belegschaft trat und die bittere Nachricht verk\u00fcndete: <a href=\"https:\/\/rp-online.de\/nrw\/staedte\/moenchengladbach\/moenchengladbach-spendenaktion-von-truetzschler-fuer-erdbebenopfer_aid-87911537\" target=\"_blank\" rel=\"nofollow noopener\">Das global aktive Unternehmen<\/a> wird die Produktion von Textilmaschinen am Standort M\u00f6nchengladbach einstellen. Bei der geplanten Restrukturierung werde es damit zu Personalma\u00dfnahmen kommen, die vor allem die Produktion, aber auch weitere Unternehmensbereiche betreffen.<\/p>\n","protected":false},"excerpt":{"rendered":"Es war ein Schock, als der Sprecher des Familienstammes Hermann Tr\u00fctzschler im Aufsichtsrat, Florian Sch\u00fcrenkr\u00e4mer, am Mittwochmittag in&hellip;\n","protected":false},"author":2,"featured_media":1103944,"comment_status":"","ping_status":"","sticky":false,"template":"","format":"standard","meta":{"footnotes":"","_share_on_mastodon":"0"},"categories":[1849],"tags":[44194,3364,29,43700,548,663,3934,30,13,345,64254,90937,131012,4455,14,15,1209,7014,233776,12],"class_list":["post-1103943","post","type-post","status-publish","format-standard","has-post-thumbnail","category-moenchengladbach","tag-belegschaft","tag-de","tag-deutschland","tag-erwischt","tag-eu","tag-europa","tag-europe","tag-germany","tag-headlines","tag-iran","tag-iranische","tag-kalt","tag-kreisen","tag-moenchengladbach","tag-nachrichten","tag-news","tag-nordrhein-westfalen","tag-redaktion","tag-riesenkatastrophe","tag-schlagzeilen"],"share_on_mastodon":{"url":"https:\/\/pubeurope.com\/@de\/116771916814941518","error":""},"_links":{"self":[{"href":"https:\/\/www.europesays.com\/de\/wp-json\/wp\/v2\/posts\/1103943","targetHints":{"allow":["GET"]}}],"collection":[{"href":"https:\/\/www.europesays.com\/de\/wp-json\/wp\/v2\/posts"}],"about":[{"href":"https:\/\/www.europesays.com\/de\/wp-json\/wp\/v2\/types\/post"}],"author":[{"embeddable":true,"href":"https:\/\/www.europesays.com\/de\/wp-json\/wp\/v2\/users\/2"}],"replies":[{"embeddable":true,"href":"https:\/\/www.europesays.com\/de\/wp-json\/wp\/v2\/comments?post=1103943"}],"version-history":[{"count":0,"href":"https:\/\/www.europesays.com\/de\/wp-json\/wp\/v2\/posts\/1103943\/revisions"}],"wp:featuredmedia":[{"embeddable":true,"href":"https:\/\/www.europesays.com\/de\/wp-json\/wp\/v2\/media\/1103944"}],"wp:attachment":[{"href":"https:\/\/www.europesays.com\/de\/wp-json\/wp\/v2\/media?parent=1103943"}],"wp:term":[{"taxonomy":"category","embeddable":true,"href":"https:\/\/www.europesays.com\/de\/wp-json\/wp\/v2\/categories?post=1103943"},{"taxonomy":"post_tag","embeddable":true,"href":"https:\/\/www.europesays.com\/de\/wp-json\/wp\/v2\/tags?post=1103943"}],"curies":[{"name":"wp","href":"https:\/\/api.w.org\/{rel}","templated":true}]}}