{"id":1103961,"date":"2026-06-18T16:02:22","date_gmt":"2026-06-18T16:02:22","guid":{"rendered":"https:\/\/www.europesays.com\/de\/1103961\/"},"modified":"2026-06-18T16:02:22","modified_gmt":"2026-06-18T16:02:22","slug":"frontalzusammenstoss-in-bielefeld-96-jaehriger-gibt-fuehrerschein-ab","status":"publish","type":"post","link":"https:\/\/www.europesays.com\/de\/1103961\/","title":{"rendered":"Frontalzusammensto\u00df in Bielefeld \u2013 96-J\u00e4hriger gibt F\u00fchrerschein ab"},"content":{"rendered":"<p id=\"absatz1\" class=\"em_text\">Bielefeld. Bei einem Frontalzusammensto\u00df auf der Oerlinghauser Stra\u00dfe in Bielefeld sind am Donnerstag, 18. Juni, zwei Menschen leicht verletzt worden. Nach Angaben der Polizei ereignete sich der Unfall gegen 14.35 Uhr.<\/p>\n<p id=\"absatz2\" class=\"isSelectedEnd\">Ein 96-j\u00e4hriger Bielefelder war mit seinem VW T-Cross stadteinw\u00e4rts unterwegs, als er aus bislang ungekl\u00e4rter Ursache die Kontrolle \u00fcber sein Fahrzeug verlor. Der Wagen geriet auf die Gegenfahrbahn und stie\u00df dort frontal mit dem VW Polo einer 62-j\u00e4hrigen Frau aus Oerlinghausen zusammen.<\/p>\n<p id=\"absatz3\" class=\"isSelectedEnd\">Die Fahrerin wurde zun\u00e4chst in ihrem Fahrzeug eingeklemmt und musste von der Feuerwehr befreit werden. Sowohl die 62-J\u00e4hrige als auch der 96-j\u00e4hrige Unfallverursacher erlitten leichte Verletzungen.<\/p>\n<p>Senior gab F\u00fchrerschein freiwillig ab<\/p>\n<p class=\"em_text\">Noch an der Unfallstelle gab der Senior seinen F\u00fchrerschein freiwillig ab. Beide Fahrzeuge waren nach dem Zusammensto\u00df nicht mehr fahrbereit und mussten abgeschleppt werden. Zur Versorgung der Verletzten war neben Rettungskr\u00e4ften auch ein Rettungshubschrauber im Einsatz.<\/p>\n<p id=\"absatz5\"><b class=\"bold\">Ende einer Bielefelder Institution:<\/b> <a href=\"https:\/\/www.nw.de\/lokal\/bielefeld\/mitte\/24355912_Ende-einer-Bielefelder-Institution-Tankstelle-schliesst-nach-rund-einem-halben-Jahrhundert.html\" rel=\"nofollow noopener\" target=\"_blank\">Tankstelle schlie\u00dft nach rund einem halben Jahrhundert<\/a><\/p>\n<p id=\"absatz6\" class=\"em_text\">Die Oerlinghauser Stra\u00dfe war f\u00fcr die Unfallaufnahme im Bereich der Unterf\u00fchrung der A2 zun\u00e4chst voll gesperrt. Gegen 15.30 Uhr konnte ein Fahrstreifen freigegeben werden.<\/p>\n<p id=\"absatz7\"><b class=\"bold\">Lesen Sie auch:<\/b> <a href=\"https:\/\/www.nw.de\/lokal\/bielefeld\/mitte\/24355453_Gewaltexzess-im-Rotlichtmilieu-vor-Bielefelder-Pizzeria.html\" rel=\"nofollow noopener\" target=\"_blank\">Gewaltexzess im Rotlichtmilieu vor Bielefelder Pizzeria<\/a> <\/p>\n","protected":false},"excerpt":{"rendered":"Bielefeld. Bei einem Frontalzusammensto\u00df auf der Oerlinghauser Stra\u00dfe in Bielefeld sind am Donnerstag, 18. Juni, zwei Menschen leicht&hellip;\n","protected":false},"author":2,"featured_media":1103962,"comment_status":"","ping_status":"","sticky":false,"template":"","format":"standard","meta":{"footnotes":"","_share_on_mastodon":"0"},"categories":[1841],"tags":[1605,102404,3364,29,514,985,27093,35,30,16392,1611,729,1608,198079,736,16384,1613,1209,22057,121,1284,603,41324],"class_list":["post-1103961","post","type-post","status-publish","format-standard","has-post-thumbnail","category-bielefeld","tag-bielefeld","tag-cnt_top-artikel","tag-de","tag-deutschland","tag-fahrzeug","tag-feuerwehr","tag-frontalzusammenstoss","tag-fuehrerschein","tag-germany","tag-label_blaulicht","tag-label_informiere-mich","tag-label_s-50","tag-label_top-news","tag-meta_artikelklasse_seo","tag-meta_copyrights_nw","tag-meta_themen_blaulicht_sicherheit","tag-meta_userneeds_informieremich","tag-nordrhein-westfalen","tag-oerlinghausen","tag-polizei","tag-unfall","tag-vw","tag-vw-polo"],"share_on_mastodon":{"url":"https:\/\/pubeurope.com\/@de\/116771956113071413","error":""},"_links":{"self":[{"href":"https:\/\/www.europesays.com\/de\/wp-json\/wp\/v2\/posts\/1103961","targetHints":{"allow":["GET"]}}],"collection":[{"href":"https:\/\/www.europesays.com\/de\/wp-json\/wp\/v2\/posts"}],"about":[{"href":"https:\/\/www.europesays.com\/de\/wp-json\/wp\/v2\/types\/post"}],"author":[{"embeddable":true,"href":"https:\/\/www.europesays.com\/de\/wp-json\/wp\/v2\/users\/2"}],"replies":[{"embeddable":true,"href":"https:\/\/www.europesays.com\/de\/wp-json\/wp\/v2\/comments?post=1103961"}],"version-history":[{"count":0,"href":"https:\/\/www.europesays.com\/de\/wp-json\/wp\/v2\/posts\/1103961\/revisions"}],"wp:featuredmedia":[{"embeddable":true,"href":"https:\/\/www.europesays.com\/de\/wp-json\/wp\/v2\/media\/1103962"}],"wp:attachment":[{"href":"https:\/\/www.europesays.com\/de\/wp-json\/wp\/v2\/media?parent=1103961"}],"wp:term":[{"taxonomy":"category","embeddable":true,"href":"https:\/\/www.europesays.com\/de\/wp-json\/wp\/v2\/categories?post=1103961"},{"taxonomy":"post_tag","embeddable":true,"href":"https:\/\/www.europesays.com\/de\/wp-json\/wp\/v2\/tags?post=1103961"}],"curies":[{"name":"wp","href":"https:\/\/api.w.org\/{rel}","templated":true}]}}