{"id":1104002,"date":"2026-06-18T16:26:32","date_gmt":"2026-06-18T16:26:32","guid":{"rendered":"https:\/\/www.europesays.com\/de\/1104002\/"},"modified":"2026-06-18T16:26:32","modified_gmt":"2026-06-18T16:26:32","slug":"aus-der-sitzung-des-stadtbezirksbeirats-im-juni-2026","status":"publish","type":"post","link":"https:\/\/www.europesays.com\/de\/1104002\/","title":{"rendered":"Aus der Sitzung des Stadtbezirksbeirats im Juni 2026"},"content":{"rendered":"\n<p>Am Dienstag, 16. Juni, kamen im Pieschener Rathaus die Stadtbezirksbeir\u00e4te zur Sitzung zusammen. Neben mehreren Informationen standen verschiedene F\u00f6rderantr\u00e4ge auf der Tagesordnung. <img fetchpriority=\"high\" decoding=\"async\" src=\"https:\/\/www.europesays.com\/de\/wp-content\/uploads\/2026\/06\/2024-10-21-RathausPieschen.jpg\" alt=\"Stadtbezirksbeirat traf sich im Rathaus Pieschen - Foto: J. Frintert\" width=\"2000\" height=\"1125\" class=\"size-full wp-image-56334\"  \/>Stadtbezirksbeirat traf sich im Rathaus Pieschen \u2013 Foto: J. Frintert <\/p>\n<p>Zum Auftakt stellte Jan J\u00e4hnig vom Stra\u00dfen- und Tiefbauamt die Pl\u00e4ne f\u00fcr den grundhaften Stra\u00dfenausbau der Neul\u00e4nder Stra\u00dfe vor. Die Neul\u00e4nder Stra\u00dfe in Dresden-Pieschen soll sicherer und ruhiger werden. Die Stadt baut im Zuge der laufenden Kanalbauarbeiten Gehwegvorstreckungen und Fahrbahneinengungen. Damit reagiert sie auf Forderungen der Anwohner nach Verkehrsberuhigung. Geplant sind vier Umbauten, darunter barrierefreie Querungshilfen nahe der Rahnstra\u00dfe und am Spielplatz. Auch bestehende Querungsstellen am Baumwiesenweg werden barrierefrei ausgebaut. Zus\u00e4tzlich ist wechselseitiges Parken vorgesehen, um den Verkehr weiter zu verlangsamen. Die Bauarbeiten sollen bis Ende 2026 abgeschlossen sein. Die Kosten liegen bei rund 270.000 Euro. (Ausf\u00fchrlicher Bericht in <a href=\"https:\/\/pieschen-aktuell.de\/76285\/2026\/neugestaltung-der-neulaender-strasse\/\" rel=\"nofollow noopener\" target=\"_blank\">Pieschen-Aktuell vom 16. Juni<\/a>) <\/p>\n<p>Kreativer Weihnachtsmarkt <\/p>\n<p>Der Galvanohof l\u00e4dt an zwei Tagen zu kostenfreien Mitmachangeboten, weihnachtlicher Musik und Puppentheater ein. Britta Sommermeyer von der Kreativen Werkstatt stellte das Projekt vor. Besucher k\u00f6nnen unter anderem drucken, Kr\u00e4nze binden, filzen sowie Holz- und Keramikarbeiten gestalten. Kunsthandwerkerinnen betreuen die Workshops. Parallel er\u00f6ffnet die Ausstellung \u201eVon Kunst bis Kaffeetasse\u201c mit Werken von rund 50 K\u00fcnstlerinnen und Kunsthandwerkerinnen. Zum Kurzfilmtag am 21. Dezember endet das Jahr bei Punsch und Kino. Rund 500 Menschen besuchten im Vorjahr den Markt. Im Fokus stehen kreative Bildung, Nachhaltigkeit und gemeinschaftliches Miteinander im Stadtteil Pieschen. Beantragt ist eine F\u00f6rderung in H\u00f6he von 5.504,55 Euro. Die Stadtbezirksbeir\u00e4te stimmten mit nur zwei Enthaltungen fast geschlossen f\u00fcr die F\u00f6rderung.<\/p>\n<p>Anzeige<\/p>\n<p><a class=\"gofollow\" data-track=\"OTAsNyw2MA==\" href=\"https:\/\/www.tud-campus-festival.de\/\" target=\"_blank\" rel=\"noopener nofollow\"><img loading=\"lazy\" decoding=\"async\" src=\"https:\/\/www.europesays.com\/de\/wp-content\/uploads\/2026\/04\/Unbenannt-1.png\" width=\"300\" height=\"250\" alt=\"TUD CAMPUS FESTIVAL\"\/><\/a><br \/> 100 Jahre Trachauer Siedlung <img loading=\"lazy\" decoding=\"async\" src=\"https:\/\/pieschen-aktuell.de\/wp-content\/uploads\/2026\/06\/2026-06-16-Trachau-jpg.avif\" alt=\"Eingang zur Kriegerheimst\u00e4ttensiedlung Trachau - Foto: Archiv\/J. Frintert\" width=\"2400\" height=\"1350\" class=\"size-full wp-image-76289\"  \/>Eingang zur Kriegerheimst\u00e4ttensiedlung Trachau \u2013 Foto: Archiv\/J. Frintert <\/p>\n<p>Die Kriegerheimst\u00e4tten-Siedlung Trachau feiert 2026 ihr 100-j\u00e4hriges Bestehen. Die Siedlung entstand zwischen 1921 und 1926 und wurde im August 1926 eingeweiht. Damals halfen die Bewohner beim Roden, Schachten und Bauen selbst mit. So entstand eine starke Solidargemeinschaft. Das Jubil\u00e4umsfest am 16. August 2026 von 14 bis 18 Uhr soll diesen Gemeinschaftsgedanken wieder in den Mittelpunkt r\u00fccken. Geplant sind eine Festrede sowie Auftritte eines Kinderchors, einer Tanzgruppe und von Musiksch\u00fclern der Musikschule Radebeul. Au\u00dferdem soll eine Brosch\u00fcre zur Geschichte der Siedlung erscheinen und eine Geschichtstafel enth\u00fcllt werden. Die R\u00e4te stimmten geschlossen f\u00fcr die F\u00f6rderung in H\u00f6he von 890 Euro. Weitere Infos zu der Siedlung in <a href=\"https:\/\/pieschen-aktuell.de\/32348\/2019\/brendlers-geschichten-wo-ist-das-glueck-auf-dieser-erd-im-eigenen-heim-am-eigenen-herd\/\" rel=\"nofollow noopener\" target=\"_blank\">Brendler\u2019s Geschichten<\/a>. <\/p>\n<p>Neue Heizung f\u00fcr die Geh8 <\/p>\n<p>Paul Elsner von der Geh8 stellte das Projekt vor. Die GEH8 hat sich in fast 20 Jahren von einer Ateliergemeinschaft zu einem bekannten Kunst- und Kulturort in Pieschen entwickelt. Mit Ateliercaf\u00e9 und Sommergarten ist sie heute ein beliebter Treffpunkt f\u00fcr die Nachbarschaft. Der fr\u00fchere Geb\u00e4udekomplex der Deutschen Bahn wird seit Jahren schrittweise an die Nutzung als Kulturzentrum angepasst. Nun plant die GEH8 den Einbau einer Heizung f\u00fcr die Veranstaltungshalle. Eine energiesparende Heizl\u00f6sung soll den ganzj\u00e4hrigen Betrieb erm\u00f6glichen. Bisher ist die Halle nur von April bis Oktober nutzbar. Die Ma\u00dfnahme soll die Auslastung erh\u00f6hen und das kulturelle Leben in Pieschen auch im Winter st\u00e4rken. Beantragt ist eine F\u00f6rderung in H\u00f6he von 17.000 Euro. <\/p>\n<p>Uwe Sochor (SPD): \u201eWelche Laufzeit ist geplant? Wie hoch sind die laufenden Kosten?\u201c Elsner: \u201eWir rechnen mit zehn Jahren. Die Kosten k\u00f6nnen wir aktuell noch nicht absch\u00e4tzen.\u201c Tassilo Langner (CDU): \u201eWieso zahlt das nicht die Stadt, das ist ja ein st\u00e4dtisches Geb\u00e4ude?\u201c Elsner: \u201eWir haben einen recht g\u00fcnstigen Mietvertrag, aber auch damit die Verpflichtung, uns um alles selbst zu k\u00fcmmern.\u201c Heidi Geiler (Gr\u00fcne): \u201eUnsere Abw\u00e4gung war, dem Verein gr\u00f6\u00dfere M\u00f6glichkeiten zu geben, sich unabh\u00e4ngig von anderen F\u00f6rderungen zu machen.\u201c <\/p>\n<p>Bj\u00f6rn Lehninger (Team Zastrow): \u201eNat\u00fcrlich eine sehr hohe F\u00f6rdersumme, k\u00f6nnen wir uns auf 13.000 Euro einigen?\u201c Elsner: \u201eDas w\u00fcrde mehr als 11.000 Euro Eigenmittel bedeuten, das w\u00e4re f\u00fcr uns schon sehr hart.\u201c Sophia Jansen (Gr\u00fcne) gab zu bedenken, dass es f\u00fcr die zu beheizende Fl\u00e4che schon ein angemessener Preis sei. Sochor (SPD) brachte 15.000 Euro ins Spiel. Overmeyer (SPD) betonte, dass der Preis in Ordnung sei, au\u00dferdem sei es gut, wenn der Stadtbezirk in Sachen investiert, die viele nutzen k\u00f6nnen. Jonas Sch\u00e4dlich (Linke): \u201eDas ist eine bleibende Investition.\u201c Der Reduzierungsantrag wurde abgelehnt, die Gesamtf\u00f6rderung schlie\u00dflich mit zehn zu vier Stimmen bei einer Enthaltung angenommen. <\/p>\n<p>Ausbau des Service-Angebots der Bibliothek <\/p>\n<p>Silke Zimmermann von der Stadtteilbibliothek stellte das Projekt vor. Gebeten wird um 4.400 Euro. Davon entfallen 2.400 Euro auf die Anschaffung von sechs Tablets. Weitere 1.000 Euro sind f\u00fcr eine literarische Abendveranstaltung f\u00fcr Erwachsene sowie ein Puppentheater zum Weihnachtsmarkt vorgesehen. F\u00fcr den Austausch von drei Medienboxen werden 500 Euro bereitgestellt. Weitere 500 Euro sollen in zus\u00e4tzliche Makerboxen flie\u00dfen. Die Stadtbezirksbeir\u00e4te sollen \u00fcber die sachgerechte Verwendung der Mittel informiert werden. <\/p>\n<p>Pia Barkow (Linke): \u201eWir finden das toll.\u201c Uwe Sochor (SPD) fragte, ob es aufw\u00e4ndiger sei, die neuen Medien auszuleihen. Zimmermann: \u201eWir sind bem\u00fcht, B\u00fccher als unser Hauptwerk zu sehen, es gibt auch viele Selbstbucher, aber ja, die Mitarbeiter m\u00fcssen immer dran bleiben.\u201c Bj\u00f6rn Lehninger (Team Zastrow) fragte, warum iPads eingesetzt w\u00fcrden. Zimmermann: \u201eWir haben Lizenzen f\u00fcr iPads. Wir versuchen, auch die alten Ger\u00e4te noch weiter zu nutzen.\u201c Die Vorlage wurde einstimmig angenommen. <\/p>\n<p>Ein Vierteljahrhundert Motor Mickten <\/p>\n<p>Der SV Motor Mickten plant zum 25-j\u00e4hrigen Jubil\u00e4um seines Sportcenters am 5. September 2026 eine Veranstaltung zur W\u00fcrdigung des Ehrenamts. Gesch\u00e4ftsf\u00fchrer Chris Mellack berichtete im Rat. Mit \u00fcber 2.300 Mitgliedern z\u00e4hlt der Verein zu den gr\u00f6\u00dften Breitensportvereinen Dresdens. Mehr als 200 Ehrenamtliche sichern den Vereinsbetrieb. Im Mittelpunkt der Feier stehen ihre Leistungen f\u00fcr Sport und Gemeinschaft. Geplant sind ein B\u00fchnenprogramm mit Beitr\u00e4gen aus verschiedenen Abteilungen, darunter Tanz, Kampfsport und inklusiver Rollstuhltanz, sowie Ehrungen langj\u00e4hrig Engagierter. Die Veranstaltung soll die Bedeutung des Ehrenamts im Verein und dar\u00fcber hinaus sichtbar machen. Der Verein bittet um eine F\u00f6rderung in H\u00f6he von 3.000 Euro. Die R\u00e4te stimmten geschlossen f\u00fcr die F\u00f6rderung. <\/p>\n<p>Vorstellung des Buga-F\u00f6rdervereins <\/p>\n<p>Frank Hoffmann, der erste Vorsitzende, stellte den Verein vor. \u201eWir glauben, dass die Bundesgartenschau ein Anliegen f\u00fcr die ganze Stadt sein sollte, auch wenn es keine konkreten Projekte im Stadtbezirk gibt.\u201c Dem Verein geht es darum, Lust auf Stadtgr\u00fcn und die Buga zu machen, au\u00dferdem sollen Akteure mit der B\u00fcrgerschaft, der Politik und der Verwaltung vernetzt werden. <\/p>\n<p>Weitere Infos: <a href=\"https:\/\/buga-dresden-2033.de\/\" target=\"_blank\" rel=\"nofollow noopener\">buga-dresden-2033.de<\/a> <\/p>\n<p>Altkeidercontainer-Konzept <\/p>\n<p>Claudia R\u00e4tze vom Amt f\u00fcr Stadtgr\u00fcn und Abfallwirtschaft stellte das Konzept vor. Aktuell soll das Konzept ein \u00dcbergang sein bis zur \u00dcbernahme der Verantwortung durch die Hersteller, das ist in einer EU-Richtlinie geregelt, die 2028 in Kraft tritt. Bis dahin soll ein \u00dcbergang organisiert werden. Bis 2024 konnte man Alttextilien noch gut verkaufen, dieser Markt ist zwischenzeitlich eingebrochen. Das liegt vor allem am \u00dcberangebot an Billig-Klamotten, sogenannter Fast-Fashion. Infos dazu beim <a href=\"https:\/\/www.bvse.de\/gut-informiert-textil-recycling\/pressemitteilungen-textilrecycling\/11105-alttextilrecycling-droht-der-kollaps.html\" rel=\"nofollow noopener\" target=\"_blank\">Fachverband Textilrecycling<\/a>. <\/p>\n<p>Die Stadt Dresden m\u00f6chte dennoch die bestehende Sammelstruktur erhalten. F\u00fcr Pieschen sind 36 Altkleider-Container vorgesehen, eine \u00dcbersicht gibt es auf <a href=\"https:\/\/www.dresden.de\/apps_ext\/AbfallApp\/containerstands?0\" rel=\"nofollow noopener\" target=\"_blank\">dresden.de<\/a>. <\/p>\n<p>Uwe Sochor (SPD): \u201eWenn es keine Container mehr gibt, werden es die Leute wohl in den Hausm\u00fcll werfen.\u201c Es gebe noch einige Betreiber, die Interesse haben, die k\u00f6nnen ihre Container dann auf den Wertstoffhof stellen, erl\u00e4uterte R\u00e4tze. Jens H\u00e4nsch (Piraten): \u201eWas bedeutet Losverfahren?\u201c \u201eWir gucken nach Verl\u00e4sslichkeit und verlosen dann die Standorte\u201c, sagte R\u00e4tze. In Pieschen gebe es aktuell einen unzuverl\u00e4ssigen Anbieter. Allerdings sei der Nachweis schwierig. Derzeit sei ein Gespr\u00e4ch geplant, bei dem man dem Anbieter Vorgaben machen wolle. <\/p>\n<p>Sophia Jansen (Gr\u00fcne): \u201eHilft das, wenn man den M\u00e4ngelmelder nutzt?\u201c \u201eDas reicht leider nicht aus, wir m\u00fcssen das selbst dokumentieren\u201c, so R\u00e4tze. Au\u00dferdem fragte Jansen, was mit der Kleidung passiere. Die meisten Betreiber w\u00fcrden Sortier-Anlage angeben, diese k\u00f6nnten sich jedoch auch in Polen befinden, es ist davon auszugehen, dass der gr\u00f6\u00dfte Teil nicht weiterverwertbar ist und daher thermisch aufbereitet werde \u2013 sprich er landet in der M\u00fcllverbrennung. <\/p>\n<p>Au\u00dferdem r\u00e4umte R\u00e4tze mit einem Vorurteil auf, wonach gar keine Alttextilien in den Hausm\u00fcll gegeben werden d\u00fcrften. \u201eKaputte, zerschlissene oder stark verschmutzte Altkleider geh\u00f6ren weiterhin in den Restm\u00fcll\u201c, so die Mitarbeiterin vom Abfallamt. Diese Stoffe k\u00f6nnten nicht mehr recycelt oder weitergegeben werden. Gut erhaltene, tragbare Kleidung darf hingegen nicht in den Restm\u00fcll. Daf\u00fcr gibt es eben Altkleidercontainer oder karitative Einrichtungen. <\/p>\n<p>Stadtbezirksbeirat Pieschen  <\/p>\n<p>Berichte aus dem Stadtbezirksbeirat Pieschen \u2013 eine Leistung der Redaktion von Pieschen Aktuell im Auftrag des Stadtbezirksamtes Pieschen der Landeshauptstadt Dresden. <\/p>\n","protected":false},"excerpt":{"rendered":"Am Dienstag, 16. Juni, kamen im Pieschener Rathaus die Stadtbezirksbeir\u00e4te zur Sitzung zusammen. Neben mehreren Informationen standen verschiedene&hellip;\n","protected":false},"author":2,"featured_media":1104003,"comment_status":"","ping_status":"","sticky":false,"template":"","format":"standard","meta":{"footnotes":"","_share_on_mastodon":"0"},"categories":[1835],"tags":[3364,29,2386,30,37752,859,11100],"class_list":["post-1104002","post","type-post","status-publish","format-standard","has-post-thumbnail","category-dresden","tag-de","tag-deutschland","tag-dresden","tag-germany","tag-pieschen","tag-sachsen","tag-stadtbezirksbeirat"],"share_on_mastodon":{"url":"https:\/\/pubeurope.com\/@de\/116772052129845982","error":""},"_links":{"self":[{"href":"https:\/\/www.europesays.com\/de\/wp-json\/wp\/v2\/posts\/1104002","targetHints":{"allow":["GET"]}}],"collection":[{"href":"https:\/\/www.europesays.com\/de\/wp-json\/wp\/v2\/posts"}],"about":[{"href":"https:\/\/www.europesays.com\/de\/wp-json\/wp\/v2\/types\/post"}],"author":[{"embeddable":true,"href":"https:\/\/www.europesays.com\/de\/wp-json\/wp\/v2\/users\/2"}],"replies":[{"embeddable":true,"href":"https:\/\/www.europesays.com\/de\/wp-json\/wp\/v2\/comments?post=1104002"}],"version-history":[{"count":0,"href":"https:\/\/www.europesays.com\/de\/wp-json\/wp\/v2\/posts\/1104002\/revisions"}],"wp:featuredmedia":[{"embeddable":true,"href":"https:\/\/www.europesays.com\/de\/wp-json\/wp\/v2\/media\/1104003"}],"wp:attachment":[{"href":"https:\/\/www.europesays.com\/de\/wp-json\/wp\/v2\/media?parent=1104002"}],"wp:term":[{"taxonomy":"category","embeddable":true,"href":"https:\/\/www.europesays.com\/de\/wp-json\/wp\/v2\/categories?post=1104002"},{"taxonomy":"post_tag","embeddable":true,"href":"https:\/\/www.europesays.com\/de\/wp-json\/wp\/v2\/tags?post=1104002"}],"curies":[{"name":"wp","href":"https:\/\/api.w.org\/{rel}","templated":true}]}}