{"id":1104026,"date":"2026-06-18T16:38:17","date_gmt":"2026-06-18T16:38:17","guid":{"rendered":"https:\/\/www.europesays.com\/de\/1104026\/"},"modified":"2026-06-18T16:38:17","modified_gmt":"2026-06-18T16:38:17","slug":"a-81-bei-sindelfingen-neue-fahrbahn-richtung-stuttgart-soll-im-august-freigegeben-werden","status":"publish","type":"post","link":"https:\/\/www.europesays.com\/de\/1104026\/","title":{"rendered":"A 81 bei Sindelfingen: Neue Fahrbahn Richtung Stuttgart soll im August freigegeben werden"},"content":{"rendered":"<p> Wer in letzter Zeit nachts auf der <a href=\"https:\/\/www.stuttgarter-zeitung.de\/thema\/A81\" title=\"A 81\" class=\"art_thema\" rel=\"nofollow noopener\" target=\"_blank\">A 81<\/a> bei <a href=\"https:\/\/www.stuttgarter-zeitung.de\/thema\/Sindelfingen\" title=\"Sindelfingen\" class=\"art_thema\" rel=\"nofollow noopener\" target=\"_blank\">Sindelfingen<\/a> unterwegs war, <a href=\"https:\/\/www.stuttgarter-zeitung.de\/inhalt.ausbau-a-81-bei-boeblingen-der-betonriese-rollt-wann-die-fahrbahn-richtung-stuttgart-fertig-ist.1f71b5a0-54ec-4fb9-aaf2-4c564ab5e4cb.html\" target=\"_blank\" rel=\"nofollow noopener\">konnte ein gro\u00dfes Gef\u00e4hrt beobachten, das sich Zentimeter f\u00fcr Zentimeter Richtung Kreuz Stuttgart vorgearbeitet hat<\/a>. Es handelt sich um einen Betonfertiger, der die neue Betonfahrbahn auf der <a href=\"https:\/\/www.stuttgarter-zeitung.de\/thema\/Autobahn\" title=\"Autobahn\" class=\"art_thema\" rel=\"nofollow noopener\" target=\"_blank\">Autobahn<\/a> baut.<\/p>\n<p>Im Zuge des sechsspurigen Ausbaus zwischen <a href=\"https:\/\/www.stuttgarter-zeitung.de\/thema\/B%C3%B6blingen\" title=\"B\u00f6blingen\" class=\"art_thema\" rel=\"nofollow noopener\" target=\"_blank\">B\u00f6blingen<\/a>-Hulb und dem Ausbauende kurz vor dem Kreuz <a href=\"https:\/\/www.stuttgarter-zeitung.de\/thema\/Stuttgart\" title=\"Stuttgart\" class=\"art_thema\" rel=\"nofollow noopener\" target=\"_blank\">Stuttgart<\/a> bekommt die A 81 auch einen neuen Belag. Statt auf Asphalt setzt die Deges, die den Ausbau plant und koordiniert, auf Beton, der als langlebiger und widerstandsf\u00e4higer gilt.<\/p>\n<p>  <img decoding=\"async\" loading=\"lazy\" src=\"https:\/\/www.europesays.com\/de\/wp-content\/uploads\/2026\/06\/media.media.2e2cbbfb-7ca6-4137-835e-8ef021462278.original1024.media.jpeg\"\/>     Der hier noch dunkle Bereich auf der rechten Seite in Richtung Kreuz Stuttgart ist inzwischen betoniert.    Foto: Stefanie Schlecht    Betonfertiger baut Fahrbahnen auf A 81 <\/p>\n<p>Die Autobahn wird abschnittsweise betoniert. Zuletzt war der Betonfertiger zwischen Sindelfingen-Ost und dem Kreuz Stuttgart in Fahrtrichtung Stuttgart unterwegs. Vergangene Woche hat er das Ausbauende beim Kreuz Stuttgart erreicht, teilt Deges-Sprecherin Pia Verheyen mit. Aktuell w\u00fcrden noch L\u00fccken nachgeholt und ein kleinerer Betonfertiger k\u00fcmmere sich um die Einf\u00e4delspur an der Anschlussstelle Sindelfingen-Ost.<\/p>\n<p>Bis die <a href=\"https:\/\/www.stuttgarter-zeitung.de\/thema\/Fahrbahn\" title=\"Fahrbahn\" class=\"art_thema\" rel=\"nofollow noopener\" target=\"_blank\">Fahrbahn<\/a> f\u00fcr Autos wieder freigegeben wird, dauert es aber noch. Nach dem Bau der Fahrbahn fallen weitere Arbeiten an. Der Beton muss circa 14 Tage aush\u00e4rten und die Oberfl\u00e4che bearbeitet werden, damit sie griffiger und leiser wird. Danach m\u00fcssen noch Kabel verlegt, Markierungen angebracht und Schilder aufgestellt werden. \u201eVoraussichtlich im Laufe des Augusts wird die neue Fahrbahn in diesem Bereich f\u00fcr den Verkehr freigegeben\u201c, teilt Verheyen mit.<\/p>\n<p>Freigabe d\u00fcrfte Verkehr entspannen <\/p>\n<p>Ein Schritt, der vor allem die Verkehrssituation an der Anschlussstelle B\u00f6blingen-Ost entspannen d\u00fcrfte. Denn aktuell macht die Autobahn kurz hinter der Anschlussstelle einen Schwenk, damit die Fahrbahn Richtung Stuttgart frei ist und auf ihr gebaut werden kann. Der Schwenk hat zur Folge, dass Autofahrer, die bei B\u00f6blingen-Ost auf die A 81 auffahren, nur eine sehr kurze Einf\u00e4delspur zur Verf\u00fcgung haben. Und das f\u00fchrt dazu, dass sich an dieser Stelle h\u00e4ufig der Verkehr staut. Wird die neue Betonfahrbahn Richtung Stuttgart freigegeben, wird die Auffahrt wieder l\u00e4nger.<\/p>\n<p>Auf den Betonfertiger wartet derweil schon der n\u00e4chste Abschnitt. Bis zum Sp\u00e4tsommer wird laut Verheyen auch die Fahrbahn der n\u00f6rdlichen Tunnelr\u00f6hre betoniert sein.<\/p>\n","protected":false},"excerpt":{"rendered":"Wer in letzter Zeit nachts auf der A 81 bei Sindelfingen unterwegs war, konnte ein gro\u00dfes Gef\u00e4hrt beobachten,&hellip;\n","protected":false},"author":2,"featured_media":1104027,"comment_status":"","ping_status":"","sticky":false,"template":"","format":"standard","meta":{"footnotes":"","_share_on_mastodon":"0"},"categories":[1830],"tags":[10303,4232,5543,1634,23660,233788,3364,29,9920,30,81548,233787,1441],"class_list":["post-1104026","post","type-post","status-publish","format-standard","has-post-thumbnail","category-stuttgart","tag-a81","tag-anschlussstelle","tag-autobahn","tag-baden-wuerttemberg","tag-boeblingen","tag-boeblingen-hulb","tag-de","tag-deutschland","tag-fahrbahn","tag-germany","tag-sindelfingen","tag-sindelfingen-ost","tag-stuttgart"],"share_on_mastodon":{"url":"","error":""},"_links":{"self":[{"href":"https:\/\/www.europesays.com\/de\/wp-json\/wp\/v2\/posts\/1104026","targetHints":{"allow":["GET"]}}],"collection":[{"href":"https:\/\/www.europesays.com\/de\/wp-json\/wp\/v2\/posts"}],"about":[{"href":"https:\/\/www.europesays.com\/de\/wp-json\/wp\/v2\/types\/post"}],"author":[{"embeddable":true,"href":"https:\/\/www.europesays.com\/de\/wp-json\/wp\/v2\/users\/2"}],"replies":[{"embeddable":true,"href":"https:\/\/www.europesays.com\/de\/wp-json\/wp\/v2\/comments?post=1104026"}],"version-history":[{"count":0,"href":"https:\/\/www.europesays.com\/de\/wp-json\/wp\/v2\/posts\/1104026\/revisions"}],"wp:featuredmedia":[{"embeddable":true,"href":"https:\/\/www.europesays.com\/de\/wp-json\/wp\/v2\/media\/1104027"}],"wp:attachment":[{"href":"https:\/\/www.europesays.com\/de\/wp-json\/wp\/v2\/media?parent=1104026"}],"wp:term":[{"taxonomy":"category","embeddable":true,"href":"https:\/\/www.europesays.com\/de\/wp-json\/wp\/v2\/categories?post=1104026"},{"taxonomy":"post_tag","embeddable":true,"href":"https:\/\/www.europesays.com\/de\/wp-json\/wp\/v2\/tags?post=1104026"}],"curies":[{"name":"wp","href":"https:\/\/api.w.org\/{rel}","templated":true}]}}