{"id":1104057,"date":"2026-06-18T16:54:31","date_gmt":"2026-06-18T16:54:31","guid":{"rendered":"https:\/\/www.europesays.com\/de\/1104057\/"},"modified":"2026-06-18T16:54:31","modified_gmt":"2026-06-18T16:54:31","slug":"marius-borg-hoiby-ex-nora-haukland-ueber-hafturteil-fuehlt-sich-wie-ein-kleiner-sieg-an-unterhaltung","status":"publish","type":"post","link":"https:\/\/www.europesays.com\/de\/1104057\/","title":{"rendered":"Marius Borg H\u00f8iby: Ex Nora Haukland \u00fcber Hafturteil! \u201eF\u00fchlt sich wie ein kleiner Sieg an\u201c | Unterhaltung"},"content":{"rendered":"<p><a class=\"skip-content skip-content--link\" href=\"#in-content-skip-link-target-v-0-0\">TTS-Player \u00fcberspringen\u21b5<\/a><a id=\"in-content-skip-link-target-v-0-0\" class=\"skip-content--target-link-hidden skip-content skip-content--target-link\" href=\"#in-content-skip-link-target-v-0-0\">Artikel weiterlesen<\/a><\/p>\n<p>Oslo (Norwegen) &#8211; <b>Sie war eine der ersten Frauen, die gegen ihren Ex-Freund Marius Borg H\u00f8iby (29) laut wurden. Im Sommer 2024 erhob Nora Haukland (29) schwere Vorw\u00fcrfe gegen den Sohn von Norwegens Kronprinzessin Mette-Marit (52). Er war ihr gegen\u00fcber mehrmals gewaltt\u00e4tig. Damals sagte sie: \u201eEr hat mir mit der Faust ins Gesicht geschlagen, er hat mich getreten, er hat mich gew\u00fcrgt und meine Wohnung zertr\u00fcmmert.\u201c <\/b><\/p>\n<p>Am 15. Juni wurde der Skandal-Sohn zu vier Jahren Haft verurteilt. In 34 von 40 Anklagepunkten sprach das Gericht ihn schuldig. Jetzt meldet sich die Influencerin auf Instagram zu Wort. In einem emotionalen Post schreibt sie: \u201eDer Montag f\u00fchlt sich wie ein kleiner Sieg an. Zu sp\u00fcren, dass es Hoffnung auf Gerechtigkeit im Rechtssystem gibt, schenkte mir W\u00e4rme in etwas, das sonst schwer, schmerzhaft und ersch\u00f6pfend gewesen ist.\u201c<\/p>\n<p><img decoding=\"async\" width=\"992\" height=\"1232\" alt=\"Marius und Nora im Juni 2023 in Oslo. Kurz nach diesem gemeinsamen Auftritt trennte sich das Paar\" loading=\"lazy\" src=\"https:\/\/www.europesays.com\/de\/wp-content\/uploads\/2026\/06\/fac60bb689fa2063cf0880aff3649f59,9890b2e0.jpeg\"   class=\"dynamic\"\/><\/p>\n<p class=\"fig__caption__text\">Marius und Nora im Juni 2023 in Oslo. Kurz nach diesem gemeinsamen Auftritt trennte sich das Paar<\/p>\n<p>Foto: danapress<\/p>\n<p>Marius-Ex bekommt noch heute Herzrasen<\/p>\n<p>Die letzten zwei Jahre seien anstrengend gewesen. Die Erlebnisse mit <a href=\"https:\/\/www.bild.de\/themen\/personen\/marius-borg-hoiby-aktuelle-news-und-videos-kE2eKnnCBXgFY6nBHu8H\" class=\"text-link\" rel=\"nofollow noopener\" target=\"_blank\">Marius<\/a> stecke ihr noch heute in den Knochen. \u201eTraumata verschwinden nicht unbedingt einfach, nur weil Zeit vergeht. Selbst heute bekomme ich noch Herzrasen, wenn ich eine zuschlagende T\u00fcr h\u00f6re, die schweren Schritte eines Mannes oder das dr\u00f6hnende Ger\u00e4usch eines Motorrads.\u201c Lange Zeit habe sie sich analysiert und sich stets mit einem kritischen Auge betrachtet. Ihren Followern verr\u00e4t sie: \u201eWenn du dasitzt und mich analysierst (&#8230;), wie viel Make-up ich trage, welche Kleidung ich anhabe, welche Handtasche ich trage, warum ich mich nicht verstecke, wie viel Raum ich einnehme oder wie pr\u00e4sent ich auf Snapchat bin (&#8230;), dann solltest du wissen, dass ich mich selbst auf genau dieselbe Weise analysiert habe, als ich mit Marius zusammen war.\u201c <\/p>\n<p>Mehr zum ThemaNora: \u201eIch versuchte, mich kleiner zu machen.\u201c <\/p>\n<p><a href=\"https:\/\/www.bild.de\/unterhaltung\/royals-adel\/marius-ex-nora-haukland-er-hat-auch-mich-gewuergt-66bf10411ff75420045ef3c3\" class=\"text-link\" rel=\"nofollow noopener\" target=\"_blank\">Nora<\/a> und Marius waren gut ein Jahr ein Paar, von Mitte 2022 bis Juli 2023. In der Zeit habe sie st\u00e4ndig an sich selbst gezweifelt. \u201eIch dachte: Vielleicht, wenn ich mich anders kleide. Vielleicht, wenn ich mich weniger schminke. Vielleicht, wenn ich weniger Raum einnehme. Vielleicht, wenn ich weniger rede. Vielleicht, wenn ich aufh\u00f6re, Influencerin zu sein. Ich versuchte, mich kleiner zu machen.\u201c <\/p>\n<p><img decoding=\"async\" width=\"992\" height=\"661\" alt=\"Marius wurde am 15. Juni zu vier Jahren Haft verurteilt. Er soll 58.000 Euro Schmerzensgeld an seine Opfer und eine hohe Summe an Anwaltskosten zahlen\" loading=\"lazy\" src=\"https:\/\/www.europesays.com\/de\/wp-content\/uploads\/2026\/06\/b5a80672553646269c859cec3a1e282b,ff223a8d.jpeg\"   class=\"dynamic\"\/><\/p>\n<p class=\"fig__caption__text\">Marius (29) wurde am 15. Juni zu vier Jahren Haft verurteilt. Er soll 58.000 Euro Schmerzensgeld an seine Opfer und eine hohe Summe an Anwaltskosten zahlen<\/p>\n<p>Foto: Heiko Junge\/via REUTERS<\/p>\n<p>Doch all das habe nichts an den <a href=\"https:\/\/www.bild.de\/unterhaltung\/royals-adel\/anwaltskosten-schmerzensgeld-jetzt-zahlt-der-staat-fuer-pleite-marius-6a3104276bb5c7fe2e1c8dfe\" class=\"text-link\" rel=\"nofollow noopener\" target=\"_blank\">Ausrastern von Marius<\/a> ge\u00e4ndert. Im Gegenteil. \u201eEs wurde nur schlimmer\u201c, so Nora. Heute wei\u00df sie: \u201eFrauen, die Gewalt erleben, haben nicht einen bestimmten Pers\u00f6nlichkeitstyp, nicht einen bestimmten Kleidungsstil, nicht einen bestimmten Beruf. Ich bin eine von vielen.\u201c <\/p>\n","protected":false},"excerpt":{"rendered":"TTS-Player \u00fcberspringen\u21b5Artikel weiterlesen Oslo (Norwegen) &#8211; Sie war eine der ersten Frauen, die gegen ihren Ex-Freund Marius Borg&hellip;\n","protected":false},"author":2,"featured_media":1104058,"comment_status":"","ping_status":"","sticky":false,"template":"","format":"standard","meta":{"footnotes":"","_share_on_mastodon":"0"},"categories":[1776],"tags":[1801,29,214,30,1919,1915,1917,1802,1918,138370,215],"class_list":["post-1104057","post","type-post","status-publish","format-standard","has-post-thumbnail","category-prominente","tag-celebrities","tag-deutschland","tag-entertainment","tag-germany","tag-hoiby-marius-borg","tag-mette-marit","tag-norwegische-royals","tag-prominente","tag-sohn","tag-team-first","tag-unterhaltung"],"share_on_mastodon":{"url":"https:\/\/pubeurope.com\/@de\/116772162482330326","error":""},"_links":{"self":[{"href":"https:\/\/www.europesays.com\/de\/wp-json\/wp\/v2\/posts\/1104057","targetHints":{"allow":["GET"]}}],"collection":[{"href":"https:\/\/www.europesays.com\/de\/wp-json\/wp\/v2\/posts"}],"about":[{"href":"https:\/\/www.europesays.com\/de\/wp-json\/wp\/v2\/types\/post"}],"author":[{"embeddable":true,"href":"https:\/\/www.europesays.com\/de\/wp-json\/wp\/v2\/users\/2"}],"replies":[{"embeddable":true,"href":"https:\/\/www.europesays.com\/de\/wp-json\/wp\/v2\/comments?post=1104057"}],"version-history":[{"count":0,"href":"https:\/\/www.europesays.com\/de\/wp-json\/wp\/v2\/posts\/1104057\/revisions"}],"wp:featuredmedia":[{"embeddable":true,"href":"https:\/\/www.europesays.com\/de\/wp-json\/wp\/v2\/media\/1104058"}],"wp:attachment":[{"href":"https:\/\/www.europesays.com\/de\/wp-json\/wp\/v2\/media?parent=1104057"}],"wp:term":[{"taxonomy":"category","embeddable":true,"href":"https:\/\/www.europesays.com\/de\/wp-json\/wp\/v2\/categories?post=1104057"},{"taxonomy":"post_tag","embeddable":true,"href":"https:\/\/www.europesays.com\/de\/wp-json\/wp\/v2\/tags?post=1104057"}],"curies":[{"name":"wp","href":"https:\/\/api.w.org\/{rel}","templated":true}]}}